{"id":188,"date":"2009-01-06T15:18:32","date_gmt":"2009-01-06T15:18:32","guid":{"rendered":"http:\/\/blogs.ess-edu.pt\/ap12a2008\/?p=188"},"modified":"2024-07-15T14:52:22","modified_gmt":"2024-07-15T14:52:22","slug":"clube-de-cinema","status":"publish","type":"post","link":"https:\/\/blogs.ess-edu.pt\/ap12a2008\/2009\/01\/06\/clube-de-cinema\/","title":{"rendered":"Clube de Cinema"},"content":{"rendered":"<p>O Clube de Cinema foi pensado no ano lectivo 2005\/2006 e criado um ano depois. Funciona no Audit\u00f3rio no seguinte hor\u00e1rio: ter\u00e7as e sextas das 12:30 horas \u00e0s 13:15 horas. O seu respons\u00e1vel \u00e9 o professor M\u00e1rio Guerra que conta com a colabora\u00e7\u00e3o dos professores Paulo Guerra, Lic\u00ednio Costa e J\u00falia Correia.<\/p>\n<p>De acordo com o seu respons\u00e1vel, este clube tem como finalidade abrir novas perspectivas, complementar a forma\u00e7\u00e3o cultural para al\u00e9m da fam\u00edlia, tentando abordar v\u00e1rios temas, como a ecologia. Foi pensado para poder criar um espa\u00e7o onde os alunos pudessem estar de alguma forma ocupados esquecendo maus h\u00e1bitos como fumar ou sair da escola.<\/p>\n<p>Na opini\u00e3o do nosso entrevistado, poder\u00e1 considerar-se que \u00e9 um clube de sucesso, uma vez que tem uma ades\u00e3o na ordem dos 90%. Consegue ter p\u00fablico de todos os anos de escolaridade com maior concentra\u00e7\u00e3o no 2.\u00ba e 3.\u00ba ciclo.<\/p>\n<p>Referiu, ainda, que \u00e9 realizado, neste clube, um concurso: \u201cT\u00f3scares\u201d que visa incentivar os alunos a interessarem-se pena 7.\u00aa Arte. \u00c9 pedido aos alunos para criarem uma pequena curta-metragem segundo um tema que lhes \u00e9 dado.<\/p>\n<p>O clube tenta tamb\u00e9m chamar os alunos de v\u00e1rias formas. Foi feita uma ac\u00e7\u00e3o de forma\u00e7\u00e3o para aprender a elaborar um filme. Esta ac\u00e7\u00e3o foi dinamizada pelo lamecense Kym Cabral.<\/p>\n<p>Os filmes exibidos s\u00e3o da responsabilidade dos professores e dos alunos e s\u00e3o escolhidos de acordo com uma vota\u00e7\u00e3o. Apenas foi exibido um filme portugu\u00eas: \u201cA conversa da treta\u201d. De acordo, com o que foi dito pelo professor M\u00e1rio Guerra, inicialmente, os filmes eram debatidos, mas actualmente, com a presen\u00e7a dos alunos do 2.\u00ba ciclo, \u00e9 praticamente imposs\u00edvel manter esta actividade.<\/p>\n<p>Que comece a sess\u00e3o!<\/p>\n","protected":false},"excerpt":{"rendered":"<p>O Clube de Cinema foi pensado no ano lectivo 2005\/2006 e criado um ano depois. Funciona no Audit\u00f3rio no seguinte hor\u00e1rio: ter\u00e7as e sextas das 12:30 horas \u00e0s 13:15 horas. O seu respons\u00e1vel \u00e9 o professor M\u00e1rio Guerra que conta com a colabora\u00e7\u00e3o dos professores Paulo Guerra, Lic\u00ednio Costa e J\u00falia Correia.<\/p>\n<p>De acordo com [&#8230;]<\/p>\n","protected":false},"author":30,"featured_media":0,"comment_status":"open","ping_status":"open","sticky":false,"template":"","format":"standard","meta":{"jetpack_post_was_ever_published":false,"_jetpack_newsletter_access":"","_jetpack_dont_email_post_to_subs":false,"_jetpack_newsletter_tier_id":0,"_jetpack_memberships_contains_paywalled_content":false,"_jetpack_memberships_contains_paid_content":false,"footnotes":""},"categories":[71],"tags":[],"class_list":["post-188","post","type-post","status-publish","format-standard","hentry","category-clubes","odd"],"jetpack_featured_media_url":"","jetpack_sharing_enabled":true,"jetpack_shortlink":"https:\/\/wp.me\/paunJ5-32","jetpack-related-posts":[{"id":295,"url":"https:\/\/blogs.ess-edu.pt\/ap12a2008\/2009\/02\/26\/clube-de-jornalismo\/","url_meta":{"origin":188,"position":0},"title":"Clube de Jornalismo","author":"Helena Sebastiana","date":"26 26+00:00 Fevereiro 26+00:00 2009","format":false,"excerpt":"1. Quais as finalidades deste Clube? R: As finalidades do Clube passam pelo desenvolvimento da express\u00e3o escrita, pelo est\u00edmulo do gosto pelo texto jornal\u00edstico e pelo apoio que \u00e9 dado ao jornal da nossa escola \u201cEscola Aberta\u201d. 2. Que actividades s\u00e3o realizadas neste Clube? R: Essencialmente, a produ\u00e7\u00e3o de texto\u2026","rel":"","context":"In &quot;Clubes&quot;","block_context":{"text":"Clubes","link":"https:\/\/blogs.ess-edu.pt\/ap12a2008\/category\/clubes\/"},"img":{"alt_text":"","src":"","width":0,"height":0},"classes":[]},{"id":276,"url":"https:\/\/blogs.ess-edu.pt\/ap12a2008\/2009\/02\/03\/clube-de-xadrez-e-damas\/","url_meta":{"origin":188,"position":1},"title":"Clube de Xadrez e Damas","author":"Helena Sebastiana","date":"3 03+00:00 Fevereiro 03+00:00 2009","format":false,"excerpt":"Na nossa escola, est\u00e1 aberto a todos os alunos o Clube de Xadrez e Damas. Funciona \u00e0s segundas e ter\u00e7as-feiras entre as 12:25 horas e as 13:10 horas, e tamb\u00e9m \u00e0s quintas-feiras das 13:15 horas at\u00e9 \u00e0s 14:00 horas, na sala Normal 13. Este clube est\u00e1 aberto a alunos de\u2026","rel":"","context":"In &quot;Clubes&quot;","block_context":{"text":"Clubes","link":"https:\/\/blogs.ess-edu.pt\/ap12a2008\/category\/clubes\/"},"img":{"alt_text":"","src":"","width":0,"height":0},"classes":[]},{"id":254,"url":"https:\/\/blogs.ess-edu.pt\/ap12a2008\/2009\/01\/22\/clube-de-orientacao-e-pedestrianismo\/","url_meta":{"origin":188,"position":2},"title":"Clube de Orienta\u00e7\u00e3o e Pedestrianismo","author":"Helena Sebastiana","date":"22 22+00:00 Janeiro 22+00:00 2009","format":false,"excerpt":"Segundo a professora Nadir Lopes, este clube, foi criado no ano lectivo 2006\/2007 e pretende despertar o gosto para as actividades ao ar livre, para os conhecimentos de orienta\u00e7\u00e3o e para a realiza\u00e7\u00e3o de caminhadas ao ar livre. Este clube destina-se, essencialmente, aos alunos do terceiro ciclo do Ensino B\u00e1sico.\u2026","rel":"","context":"In &quot;Clubes&quot;","block_context":{"text":"Clubes","link":"https:\/\/blogs.ess-edu.pt\/ap12a2008\/category\/clubes\/"},"img":{"alt_text":"","src":"","width":0,"height":0},"classes":[]},{"id":263,"url":"https:\/\/blogs.ess-edu.pt\/ap12a2008\/2009\/01\/22\/clube-de-danca-e-ginastica-acrobatica\/","url_meta":{"origin":188,"position":3},"title":"Clube de Dan\u00e7a e Gin\u00e1stica Acrob\u00e1tica","author":"Helena Sebastiana","date":"22 22+00:00 Janeiro 22+00:00 2009","format":false,"excerpt":"S\u00ea C(h)ool - Quais as finalidades deste clube? Professor Jaime - O grande objectivo dos clubes \u00e9 motivar os alunos para uma pr\u00e1tica desportiva. N\u00e3o importa qual. No caso concreto \u00e9 a gin\u00e1stica e a dan\u00e7a. Como voc\u00eas sabem, n\u00e3o sou um indiv\u00edduo perito nisto. Gosto de ver principalmente a\u2026","rel":"","context":"In &quot;Clubes&quot;","block_context":{"text":"Clubes","link":"https:\/\/blogs.ess-edu.pt\/ap12a2008\/category\/clubes\/"},"img":{"alt_text":"","src":"","width":0,"height":0},"classes":[]},{"id":219,"url":"https:\/\/blogs.ess-edu.pt\/ap12a2008\/2009\/01\/08\/clube-espaco-arte\/","url_meta":{"origin":188,"position":4},"title":"Clube Espa\u00e7o Arte","author":"Helena Sebastiana","date":"8 08+00:00 Janeiro 08+00:00 2009","format":false,"excerpt":"Segundo o professor Jo\u00e3o Aur\u00e9lio, este clube, criado no ano lectivo anterior, pretende despertar a criatividade dos alunos, visando a cria\u00e7\u00e3o pr\u00f3pria de obras de arte. Este clube destina-se ao segundo ciclo de escolaridade. Est\u00e3o inscritos 18 alunos, divididos em dois turnos. 12 alunos frequentam o clube \u00e0 segunda-feira e\u2026","rel":"","context":"In &quot;Clubes&quot;","block_context":{"text":"Clubes","link":"https:\/\/blogs.ess-edu.pt\/ap12a2008\/category\/clubes\/"},"img":{"alt_text":"","src":"","width":0,"height":0},"classes":[]},{"id":525,"url":"https:\/\/blogs.ess-edu.pt\/ap12a2008\/2009\/05\/26\/a-minha-passagem-pela-escola-20022009\/","url_meta":{"origin":188,"position":5},"title":"A minha passagem pela escola &#8211; 2002\/2009","author":"Helena Sebastiana","date":"26 26+00:00 Maio 26+00:00 2009","format":false,"excerpt":"Todos os dias que chego \u00e0 escola e olho para ela, recordo-me com saudade, os sete anos que aqui passei. Das sensa\u00e7\u00f5es que experimentei, da alegria de conviver com os amigos, de conhecer toda a gente pelo seu nome, at\u00e9 mesmo da ang\u00fastia que surgia sempre antes dos stressantes dias\u2026","rel":"","context":"In &quot;A minha passagem pela escola&quot;","block_context":{"text":"A minha passagem pela escola","link":"https:\/\/blogs.ess-edu.pt\/ap12a2008\/category\/a-minha-passagem-pela-escola\/"},"img":{"alt_text":"","src":"","width":0,"height":0},"classes":[]}],"_links":{"self":[{"href":"https:\/\/blogs.ess-edu.pt\/ap12a2008\/wp-json\/wp\/v2\/posts\/188","targetHints":{"allow":["GET"]}}],"collection":[{"href":"https:\/\/blogs.ess-edu.pt\/ap12a2008\/wp-json\/wp\/v2\/posts"}],"about":[{"href":"https:\/\/blogs.ess-edu.pt\/ap12a2008\/wp-json\/wp\/v2\/types\/post"}],"author":[{"embeddable":true,"href":"https:\/\/blogs.ess-edu.pt\/ap12a2008\/wp-json\/wp\/v2\/users\/30"}],"replies":[{"embeddable":true,"href":"https:\/\/blogs.ess-edu.pt\/ap12a2008\/wp-json\/wp\/v2\/comments?post=188"}],"version-history":[{"count":0,"href":"https:\/\/blogs.ess-edu.pt\/ap12a2008\/wp-json\/wp\/v2\/posts\/188\/revisions"}],"wp:attachment":[{"href":"https:\/\/blogs.ess-edu.pt\/ap12a2008\/wp-json\/wp\/v2\/media?parent=188"}],"wp:term":[{"taxonomy":"category","embeddable":true,"href":"https:\/\/blogs.ess-edu.pt\/ap12a2008\/wp-json\/wp\/v2\/categories?post=188"},{"taxonomy":"post_tag","embeddable":true,"href":"https:\/\/blogs.ess-edu.pt\/ap12a2008\/wp-json\/wp\/v2\/tags?post=188"}],"curies":[{"name":"wp","href":"https:\/\/api.w.org\/{rel}","templated":true}]}}