{"id":204,"date":"2009-01-06T15:31:55","date_gmt":"2009-01-06T15:31:55","guid":{"rendered":"http:\/\/blogs.ess-edu.pt\/ap12a2008\/?p=204"},"modified":"2024-07-15T14:52:57","modified_gmt":"2024-07-15T14:52:57","slug":"dia-de-reis","status":"publish","type":"post","link":"https:\/\/blogs.ess-edu.pt\/ap12a2008\/2009\/01\/06\/dia-de-reis\/","title":{"rendered":"Dia de Reis"},"content":{"rendered":"<p>No dia 6 de Janeiro, a turma do 10.\u00ba A, com a ajuda do Professor Lic\u00ednio Costa, comemorou o dia de Reis, ao tocar algumas m\u00fasicas alusivas a esta quadra.<\/p>\n<p>O \u00c1trio da escola, o SASE, a Sala de Professores e a Biblioteca foram alguns dos locais onde a Comunidade Educativa p\u00f4de desfrutar de t\u00e3o agrad\u00e1vel momento!<\/p>\n<p>Parab\u00e9ns pela iniciativa!<\/p>\n","protected":false},"excerpt":{"rendered":"<p>No dia 6 de Janeiro, a turma do 10.\u00ba A, com a ajuda do Professor Lic\u00ednio Costa, comemorou o dia de Reis, ao tocar algumas m\u00fasicas alusivas a esta quadra.<\/p>\n<p>O \u00c1trio da escola, o SASE, a Sala de Professores e a Biblioteca foram alguns dos locais onde a Comunidade Educativa p\u00f4de desfrutar de t\u00e3o [&#8230;]<\/p>\n","protected":false},"author":30,"featured_media":0,"comment_status":"open","ping_status":"open","sticky":false,"template":"","format":"standard","meta":{"jetpack_post_was_ever_published":false,"_jetpack_newsletter_access":"","_jetpack_dont_email_post_to_subs":false,"_jetpack_newsletter_tier_id":0,"_jetpack_memberships_contains_paywalled_content":false,"_jetpack_memberships_contains_paid_content":false,"footnotes":""},"categories":[76],"tags":[],"class_list":["post-204","post","type-post","status-publish","format-standard","hentry","category-eventos","odd"],"jetpack_featured_media_url":"","jetpack_sharing_enabled":true,"jetpack_shortlink":"https:\/\/wp.me\/paunJ5-3i","jetpack-related-posts":[{"id":313,"url":"https:\/\/blogs.ess-edu.pt\/ap12a2008\/2009\/03\/10\/resultados-do-mega-sprint\/","url_meta":{"origin":204,"position":0},"title":"Resultados do &#8220;Mega Sprint&#8221;","author":"Helena Sebastiana","date":"10 10+00:00 Mar\u00e7o 10+00:00 2009","format":false,"excerpt":"Aqui est\u00e3o as classifica\u00e7\u00f5es do \u201cMega Velocidade\u201d que se realizou no dia 26 de Fevereiro: Escal\u00e3o Nome Ano\/Turma Tempos Infantil A * Daniel Miguel 5\u00ba A 6,12 And\u00e9 5\u00ba C 6,32 Ana Rita Pereira 5\u00ba A 6,27 Raquel Lob\u00e3o 6\u00ba B 6,64 Infantil B * Samuel Santos 7\u00ba A 5,93\u2026","rel":"","context":"In &quot;Torneios&quot;","block_context":{"text":"Torneios","link":"https:\/\/blogs.ess-edu.pt\/ap12a2008\/category\/torneios\/"},"img":{"alt_text":"","src":"","width":0,"height":0},"classes":[]},{"id":286,"url":"https:\/\/blogs.ess-edu.pt\/ap12a2008\/2009\/02\/10\/dia-dos-namorados\/","url_meta":{"origin":204,"position":1},"title":"Dia dos Namorados","author":"Helena Sebastiana","date":"10 10+00:00 Fevereiro 10+00:00 2009","format":false,"excerpt":"Como \u00e9 do conhecimento geral, no pr\u00f3ximo s\u00e1bado, dia 14, comemora-se o t\u00e3o esperado dia de S\u00e3o Valentim! No Dia dos Namorados, tratado em muitos pa\u00edses como Dia de S\u00e3o Valentim, celebra-se a uni\u00e3o amorosa entre casais. Normalmente, trocam-se cart\u00f5es com mensagens rom\u00e2nticas e presentes simb\u00f3licos. O mais normal, talvez\u2026","rel":"","context":"In &quot;Ocasi\u00f5es especiais&quot;","block_context":{"text":"Ocasi\u00f5es especiais","link":"https:\/\/blogs.ess-edu.pt\/ap12a2008\/category\/ocasioes-especiais\/"},"img":{"alt_text":"","src":"","width":0,"height":0},"classes":[]},{"id":323,"url":"https:\/\/blogs.ess-edu.pt\/ap12a2008\/2009\/03\/24\/dia-mundial-da-meteorologia\/","url_meta":{"origin":204,"position":2},"title":"Dia Mundial da Meteorologia","author":"Helena Sebastiana","date":"24 24+00:00 Mar\u00e7o 24+00:00 2009","format":false,"excerpt":"A nossa escola comemorou, no dia 23 de Mar\u00e7o, o dia Mundial da Meteorologia. O objectivo principal desta ci\u00eancia \u00e9 a previs\u00e3o do estado do tempo. Esta previs\u00e3o \u00e9 bastante importante porque permite-nos saber qual o estado do tempo do dia e fazer a previs\u00e3o para os dias seguintes. O\u2026","rel":"","context":"In &quot;Eventos&quot;","block_context":{"text":"Eventos","link":"https:\/\/blogs.ess-edu.pt\/ap12a2008\/category\/eventos\/"},"img":{"alt_text":"","src":"https:\/\/i0.wp.com\/blogs.ess-edu.pt\/ap12a2008\/files\/2009\/03\/clip_image0021-225x300.jpg?resize=350%2C200&ssl=1","width":350,"height":200},"classes":[]},{"id":153,"url":"https:\/\/blogs.ess-edu.pt\/ap12a2008\/2008\/12\/09\/adesao-total-a-greve-do-dia-3-de-dezembro\/","url_meta":{"origin":204,"position":3},"title":"Ades\u00e3o total \u00e0 greve do dia 3 de Dezembro","author":"Helena Sebastiana","date":"9 09+00:00 Dezembro 09+00:00 2008","format":false,"excerpt":"No dia 3 de Dezembro de 2008, quarta-feira, estava convocada uma greve nacional. Os professores do nosso Agrupamento, como forma de manifestar a sua indigna\u00e7\u00e3o face ao actual modelo de avalia\u00e7\u00e3o, aderiram todos \u00e0 greve. Neste dia, n\u00e3o houve aulas para ningu\u00e9m!","rel":"","context":"In &quot;Eventos&quot;","block_context":{"text":"Eventos","link":"https:\/\/blogs.ess-edu.pt\/ap12a2008\/category\/eventos\/"},"img":{"alt_text":"","src":"","width":0,"height":0},"classes":[]},{"id":321,"url":"https:\/\/blogs.ess-edu.pt\/ap12a2008\/2009\/03\/24\/dia-mundial-da-arvore-e-das-florestas\/","url_meta":{"origin":204,"position":4},"title":"Dia Mundial da \u00c1rvore e das Florestas","author":"Helena Sebastiana","date":"24 24+00:00 Mar\u00e7o 24+00:00 2009","format":false,"excerpt":"No dia 21 de Mar\u00e7o, foi comemorado na nossa escola este dia. A turma do 11.\u00ba A realizou uma experi\u00eancia que consiste na clonagem - plantas mutantes. Este processo de propaga\u00e7\u00e3o de plantas permite obter elevado n\u00famero de clones em espa\u00e7o de tempo relativamente curto e os custos s\u00e3o muito\u2026","rel":"","context":"In &quot;Eventos&quot;","block_context":{"text":"Eventos","link":"https:\/\/blogs.ess-edu.pt\/ap12a2008\/category\/eventos\/"},"img":{"alt_text":"","src":"https:\/\/i0.wp.com\/blogs.ess-edu.pt\/ap12a2008\/files\/2009\/03\/clip_image002-224x300.jpg?resize=350%2C200&ssl=1","width":350,"height":200},"classes":[]},{"id":335,"url":"https:\/\/blogs.ess-edu.pt\/ap12a2008\/2009\/03\/24\/dia-internacional-para-a-eliminacao-da-discriminacao-racial\/","url_meta":{"origin":204,"position":5},"title":"Dia Internacional para a Elimina\u00e7\u00e3o da Discrimina\u00e7\u00e3o Racial","author":"Helena Sebastiana","date":"24 24+00:00 Mar\u00e7o 24+00:00 2009","format":false,"excerpt":"No dia 21 de Mar\u00e7o, foi comemorado na escola o dia Internacional para a Elimina\u00e7\u00e3o da Discrimina\u00e7\u00e3o Racial. Este trabalho pretende alertar as pessoas para a necessidade de se reflectir e de se conviver em harmonia. Este trabalho foi realizado no \u00e2mbito de \u00c1rea de Projecto pelos seguintes elementos da\u2026","rel":"","context":"In &quot;Aconteceu...&quot;","block_context":{"text":"Aconteceu...","link":"https:\/\/blogs.ess-edu.pt\/ap12a2008\/category\/aconteceu\/"},"img":{"alt_text":"","src":"https:\/\/i0.wp.com\/blogs.ess-edu.pt\/ap12a2008\/files\/2009\/03\/clip_image0025-225x300.jpg?resize=350%2C200&ssl=1","width":350,"height":200},"classes":[]}],"_links":{"self":[{"href":"https:\/\/blogs.ess-edu.pt\/ap12a2008\/wp-json\/wp\/v2\/posts\/204","targetHints":{"allow":["GET"]}}],"collection":[{"href":"https:\/\/blogs.ess-edu.pt\/ap12a2008\/wp-json\/wp\/v2\/posts"}],"about":[{"href":"https:\/\/blogs.ess-edu.pt\/ap12a2008\/wp-json\/wp\/v2\/types\/post"}],"author":[{"embeddable":true,"href":"https:\/\/blogs.ess-edu.pt\/ap12a2008\/wp-json\/wp\/v2\/users\/30"}],"replies":[{"embeddable":true,"href":"https:\/\/blogs.ess-edu.pt\/ap12a2008\/wp-json\/wp\/v2\/comments?post=204"}],"version-history":[{"count":0,"href":"https:\/\/blogs.ess-edu.pt\/ap12a2008\/wp-json\/wp\/v2\/posts\/204\/revisions"}],"wp:attachment":[{"href":"https:\/\/blogs.ess-edu.pt\/ap12a2008\/wp-json\/wp\/v2\/media?parent=204"}],"wp:term":[{"taxonomy":"category","embeddable":true,"href":"https:\/\/blogs.ess-edu.pt\/ap12a2008\/wp-json\/wp\/v2\/categories?post=204"},{"taxonomy":"post_tag","embeddable":true,"href":"https:\/\/blogs.ess-edu.pt\/ap12a2008\/wp-json\/wp\/v2\/tags?post=204"}],"curies":[{"name":"wp","href":"https:\/\/api.w.org\/{rel}","templated":true}]}}