{"id":212,"date":"2009-01-08T16:31:35","date_gmt":"2009-01-08T16:31:35","guid":{"rendered":"http:\/\/blogs.ess-edu.pt\/ap12a2008\/?p=212"},"modified":"2024-07-15T14:55:37","modified_gmt":"2024-07-15T14:55:37","slug":"festa-de-natal","status":"publish","type":"post","link":"https:\/\/blogs.ess-edu.pt\/ap12a2008\/2009\/01\/08\/festa-de-natal\/","title":{"rendered":"Festa de Natal"},"content":{"rendered":"<p>No dia 18 de Dezembro, pelas 10 horas, teve in\u00edcio a grandiosa festa de final de primeiro per\u00edodo.<\/p>\n<p>Esta festa proporcionou aos alunos, pais, auxiliares e encarregados de educa\u00e7\u00e3o um dia diferente.<\/p>\n<p>Neste dia, como n\u00e3o poderia deixar de ser, n\u00e3o faltaram c\u00e2nticos, dan\u00e7as, representa\u00e7\u00e3o de um auto de Natal, um recital de poesia e a entrega dos pr\u00e9mios aos alunos do quadro de excel\u00eancia. N\u00e3o poder\u00edamos esquecer a excelente iniciativa dos quadros de Natal. Os justos vencedores foram os alunos da turma D do 9.\u00ba ano.<\/p>\n<p>Depois de um almo\u00e7o natal\u00edcio, os alunos tiveram oportunidade de optar por tr\u00eas actividades distintas, tais como Karaoke, visionamento de um filme \u201cPanda Do Kung Fu\u201d e actividades desportivas.<\/p>\n<p>Esta festa deu-nos a oportunidade de desfrutar de um dia diferente.<\/p>\n<p><a href=\"http:\/\/photos3.hi5.com\/0073\/254\/994\/Nl1wkX254994-02.jpg\">Festa de natal-imagem<\/a><\/p>\n","protected":false},"excerpt":{"rendered":"<p>No dia 18 de Dezembro, pelas 10 horas, teve in\u00edcio a grandiosa festa de final de primeiro per\u00edodo.<\/p>\n<p>Esta festa proporcionou aos alunos, pais, auxiliares e encarregados de educa\u00e7\u00e3o um dia diferente.<\/p>\n<p>Neste dia, como n\u00e3o poderia deixar de ser, n\u00e3o faltaram c\u00e2nticos, dan\u00e7as, representa\u00e7\u00e3o de um auto de Natal, um recital de poesia e [&#8230;]<\/p>\n","protected":false},"author":30,"featured_media":0,"comment_status":"open","ping_status":"open","sticky":false,"template":"","format":"standard","meta":{"jetpack_post_was_ever_published":false,"_jetpack_newsletter_access":"","_jetpack_dont_email_post_to_subs":false,"_jetpack_newsletter_tier_id":0,"_jetpack_memberships_contains_paywalled_content":false,"_jetpack_memberships_contains_paid_content":false,"footnotes":""},"categories":[75],"tags":[],"class_list":["post-212","post","type-post","status-publish","format-standard","hentry","category-ocasioes-especiais","odd"],"jetpack_featured_media_url":"","jetpack_sharing_enabled":true,"jetpack_shortlink":"https:\/\/wp.me\/paunJ5-3q","jetpack-related-posts":[{"id":165,"url":"https:\/\/blogs.ess-edu.pt\/ap12a2008\/2008\/12\/16\/programa-das-actividades-de-final-do-1%c2%ba-periodo\/","url_meta":{"origin":212,"position":0},"title":"Programa das Actividades de final do 1.\u00ba Per\u00edodo","author":"Helena Sebastiana","date":"16 16+00:00 Dezembro 16+00:00 2008","format":false,"excerpt":"O programa das actividades de final do 1.\u00ba Per\u00edodo, na nossa escola, \u00e9 muito diversificado e extenso. A festa ter\u00e1 in\u00edcio \u00e0s 10 horas e terminar\u00e1 \u00e0s 17 horas e 15 minutos. As actividades s\u00e3o variadas e para todos os gostos: Hino \u201cDez Milh\u00f5es de Estrelas\u201d; Can\u00e7\u00f5es de Natal; Momento\u2026","rel":"","context":"In &quot;Eventos&quot;","block_context":{"text":"Eventos","link":"https:\/\/blogs.ess-edu.pt\/ap12a2008\/category\/eventos\/"},"img":{"alt_text":"","src":"","width":0,"height":0},"classes":[]},{"id":378,"url":"https:\/\/blogs.ess-edu.pt\/ap12a2008\/2009\/04\/30\/a-minha-experiencia-pessoal-a-lloret-de-mar-by-anabela\/","url_meta":{"origin":212,"position":1},"title":"A minha experi\u00eancia pessoal a LLoret de Mar &#8211; By Anabela","author":"Helena Sebastiana","date":"30 30+00:00 Abril 30+00:00 2009","format":false,"excerpt":"Bem, para come\u00e7ar, acho que n\u00e3o tenho palavras para descrever o qu\u00e3o gratificante e enriquecedora foi a viagem\u2026 Em primeiro lugar, foi a primeira vez que maior parte das pessoas fizeram uma Viagem assim. Por outro lado, esta viagem foi t\u00e3o esperada. Foram doze anos de espera! Finalmente, seria a\u00ed\u2026","rel":"","context":"In &quot;Finalistas&quot;","block_context":{"text":"Finalistas","link":"https:\/\/blogs.ess-edu.pt\/ap12a2008\/category\/finalistas\/"},"img":{"alt_text":"clip_image0023","src":"https:\/\/i0.wp.com\/blogs.ess-edu.pt\/ap12a2008\/files\/2009\/04\/clip_image0023-300x224.jpg?resize=350%2C200&ssl=1","width":350,"height":200},"classes":[]},{"id":93,"url":"https:\/\/blogs.ess-edu.pt\/ap12a2008\/2008\/12\/02\/semana-de-finalistas-28112008\/","url_meta":{"origin":212,"position":2},"title":"Semana de Finalistas (28\/11\/2008)","author":"Helena Sebastiana","date":"2 02+00:00 Dezembro 02+00:00 2008","format":false,"excerpt":"Na passada sexta-feira, dia 28 de Novembro, foram realizados o jantar e o famoso baile de finalistas. O jantar teve in\u00edcio \u00e0s 20:00 horas. Como n\u00e3o podia deixar de ser, est\u00e1vamos todos vestidos a rigor. No jantar, participaram os finalistas com os respectivos acompanhantes, elementos da Comiss\u00e3o Executiva Instaladora, bem\u2026","rel":"","context":"In &quot;Finalistas&quot;","block_context":{"text":"Finalistas","link":"https:\/\/blogs.ess-edu.pt\/ap12a2008\/category\/finalistas\/"},"img":{"alt_text":"","src":"","width":0,"height":0},"classes":[]},{"id":382,"url":"https:\/\/blogs.ess-edu.pt\/ap12a2008\/2009\/04\/30\/a-minha-viagem-de-finalistas-by-precious\/","url_meta":{"origin":212,"position":3},"title":"A minha viagem de Finalistas &#8211; By Precious","author":"Helena Sebastiana","date":"30 30+00:00 Abril 30+00:00 2009","format":false,"excerpt":"Vai fazer dia 27 um m\u00eas, que partimos rumo \u00e0quela que se tornou a melhor viagem de sempre para muitos finalistas\u2026 Olhando para tr\u00e1s \u00e9-me dif\u00edcil falar sobre ela, pois foi uma semana inesquec\u00edvel, em que pudemos aprender, em que pudemos \u201csocializar\u201d, em que pudemos divertir-nos at\u00e9 n\u00e3o poder mais.\u2026","rel":"","context":"In &quot;Finalistas&quot;","block_context":{"text":"Finalistas","link":"https:\/\/blogs.ess-edu.pt\/ap12a2008\/category\/finalistas\/"},"img":{"alt_text":"The Best!","src":"https:\/\/i0.wp.com\/blogs.ess-edu.pt\/ap12a2008\/files\/2009\/04\/clip_image0024-300x224.jpg?resize=350%2C200&ssl=1","width":350,"height":200},"classes":[]},{"id":511,"url":"https:\/\/blogs.ess-edu.pt\/ap12a2008\/2009\/05\/21\/projecto-comenius\/","url_meta":{"origin":212,"position":4},"title":"Projecto Comenius","author":"Helena Sebastiana","date":"21 21+00:00 Maio 21+00:00 2009","format":false,"excerpt":"Entrevista feita aos alunos que viajaram com o Projecto Comenius Aqui ficam alguns dos testemunhos dos nossos colegas. P. Qual foi o destino da vossa viagem? R. O destino da nossa viagem foi Kolding, na Dinamarca. P. Quais as expectativas que voc\u00eas tinham relativamente a esse pa\u00eds? R. Esper\u00e1vamos encontrar\u2026","rel":"","context":"In &quot;Aconteceu...&quot;","block_context":{"text":"Aconteceu...","link":"https:\/\/blogs.ess-edu.pt\/ap12a2008\/category\/aconteceu\/"},"img":{"alt_text":"","src":"","width":0,"height":0},"classes":[]},{"id":219,"url":"https:\/\/blogs.ess-edu.pt\/ap12a2008\/2009\/01\/08\/clube-espaco-arte\/","url_meta":{"origin":212,"position":5},"title":"Clube Espa\u00e7o Arte","author":"Helena Sebastiana","date":"8 08+00:00 Janeiro 08+00:00 2009","format":false,"excerpt":"Segundo o professor Jo\u00e3o Aur\u00e9lio, este clube, criado no ano lectivo anterior, pretende despertar a criatividade dos alunos, visando a cria\u00e7\u00e3o pr\u00f3pria de obras de arte. Este clube destina-se ao segundo ciclo de escolaridade. Est\u00e3o inscritos 18 alunos, divididos em dois turnos. 12 alunos frequentam o clube \u00e0 segunda-feira e\u2026","rel":"","context":"In &quot;Clubes&quot;","block_context":{"text":"Clubes","link":"https:\/\/blogs.ess-edu.pt\/ap12a2008\/category\/clubes\/"},"img":{"alt_text":"","src":"","width":0,"height":0},"classes":[]}],"_links":{"self":[{"href":"https:\/\/blogs.ess-edu.pt\/ap12a2008\/wp-json\/wp\/v2\/posts\/212","targetHints":{"allow":["GET"]}}],"collection":[{"href":"https:\/\/blogs.ess-edu.pt\/ap12a2008\/wp-json\/wp\/v2\/posts"}],"about":[{"href":"https:\/\/blogs.ess-edu.pt\/ap12a2008\/wp-json\/wp\/v2\/types\/post"}],"author":[{"embeddable":true,"href":"https:\/\/blogs.ess-edu.pt\/ap12a2008\/wp-json\/wp\/v2\/users\/30"}],"replies":[{"embeddable":true,"href":"https:\/\/blogs.ess-edu.pt\/ap12a2008\/wp-json\/wp\/v2\/comments?post=212"}],"version-history":[{"count":0,"href":"https:\/\/blogs.ess-edu.pt\/ap12a2008\/wp-json\/wp\/v2\/posts\/212\/revisions"}],"wp:attachment":[{"href":"https:\/\/blogs.ess-edu.pt\/ap12a2008\/wp-json\/wp\/v2\/media?parent=212"}],"wp:term":[{"taxonomy":"category","embeddable":true,"href":"https:\/\/blogs.ess-edu.pt\/ap12a2008\/wp-json\/wp\/v2\/categories?post=212"},{"taxonomy":"post_tag","embeddable":true,"href":"https:\/\/blogs.ess-edu.pt\/ap12a2008\/wp-json\/wp\/v2\/tags?post=212"}],"curies":[{"name":"wp","href":"https:\/\/api.w.org\/{rel}","templated":true}]}}