{"id":215,"date":"2009-01-08T16:33:50","date_gmt":"2009-01-08T16:33:50","guid":{"rendered":"http:\/\/blogs.ess-edu.pt\/ap12a2008\/2009\/01\/08\/canticos-de-natal\/"},"modified":"2024-07-15T14:56:11","modified_gmt":"2024-07-15T14:56:11","slug":"canticos-de-natal","status":"publish","type":"post","link":"https:\/\/blogs.ess-edu.pt\/ap12a2008\/2009\/01\/08\/canticos-de-natal\/","title":{"rendered":"C\u00e2nticos de Natal"},"content":{"rendered":"<p>As turmas do 12.\u00ba A e do 10.\u00ba A com a colabora\u00e7\u00e3o da professora Cristina Parente, no dia 17 de Dezembro, puderam presentear a comunidade escolar com c\u00e2nticos e desejos de Feliz Natal.<\/p>\n<p>Cantaram e encantaram em v\u00e1rios locais: na cantina, na Sala dos Professores, na Biblioteca, no \u00c1trio, na Secretaria, no Gin\u00e1sio e no Conselho Executivo.<\/p>\n<p>Um bem-haja a estas duas turmas pela \u00a0excelente iniciativa.<\/p>\n","protected":false},"excerpt":{"rendered":"<p>As turmas do 12.\u00ba A e do 10.\u00ba A com a colabora\u00e7\u00e3o da professora Cristina Parente, no dia 17 de Dezembro, puderam presentear a comunidade escolar com c\u00e2nticos e desejos de Feliz Natal.<\/p>\n<p>Cantaram e encantaram em v\u00e1rios locais: na cantina, na Sala dos Professores, na Biblioteca, no \u00c1trio, na Secretaria, no Gin\u00e1sio e no [&#8230;]<\/p>\n","protected":false},"author":30,"featured_media":0,"comment_status":"open","ping_status":"open","sticky":false,"template":"","format":"standard","meta":{"jetpack_post_was_ever_published":false,"_jetpack_newsletter_access":"","_jetpack_dont_email_post_to_subs":false,"_jetpack_newsletter_tier_id":0,"_jetpack_memberships_contains_paywalled_content":false,"_jetpack_memberships_contains_paid_content":false,"footnotes":""},"categories":[76],"tags":[],"class_list":["post-215","post","type-post","status-publish","format-standard","hentry","category-eventos","odd"],"jetpack_featured_media_url":"","jetpack_sharing_enabled":true,"jetpack_shortlink":"https:\/\/wp.me\/paunJ5-3t","jetpack-related-posts":[{"id":212,"url":"https:\/\/blogs.ess-edu.pt\/ap12a2008\/2009\/01\/08\/festa-de-natal\/","url_meta":{"origin":215,"position":0},"title":"Festa de Natal","author":"Helena Sebastiana","date":"8 08+00:00 Janeiro 08+00:00 2009","format":false,"excerpt":"No dia 18 de Dezembro, pelas 10 horas, teve in\u00edcio a grandiosa festa de final de primeiro per\u00edodo. Esta festa proporcionou aos alunos, pais, auxiliares e encarregados de educa\u00e7\u00e3o um dia diferente. Neste dia, como n\u00e3o poderia deixar de ser, n\u00e3o faltaram c\u00e2nticos, dan\u00e7as, representa\u00e7\u00e3o de um auto de Natal,\u2026","rel":"","context":"In &quot;Ocasi\u00f5es especiais&quot;","block_context":{"text":"Ocasi\u00f5es especiais","link":"https:\/\/blogs.ess-edu.pt\/ap12a2008\/category\/ocasioes-especiais\/"},"img":{"alt_text":"","src":"","width":0,"height":0},"classes":[]},{"id":147,"url":"https:\/\/blogs.ess-edu.pt\/ap12a2008\/2008\/12\/09\/sabias-que\/","url_meta":{"origin":215,"position":1},"title":"Sabias que&#8230;","author":"Helena Sebastiana","date":"9 09+00:00 Dezembro 09+00:00 2008","format":false,"excerpt":"Existem 35 turmas na escola: 9 Turmas do 2.\u00ba ciclo; 11 Turmas do 3.\u00ba ciclo; 1 Turma de CEF; 11 Turmas do Ensino Secund\u00e1rio; 2 Turmas de TIE; 1 Turma do Ensino Secund\u00e1rio Recorrente \u2013 M\u00f3dulos.","rel":"","context":"In &quot;Curiosidades&quot;","block_context":{"text":"Curiosidades","link":"https:\/\/blogs.ess-edu.pt\/ap12a2008\/category\/curiosidades\/"},"img":{"alt_text":"","src":"","width":0,"height":0},"classes":[]},{"id":443,"url":"https:\/\/blogs.ess-edu.pt\/ap12a2008\/2009\/05\/05\/visita-de-estudo-das-turmas-do-6%c2%ba-ano-3\/","url_meta":{"origin":215,"position":2},"title":"Visita de Estudo das turmas do 6.\u00ba ano","author":"Helena Sebastiana","date":"5 05+00:00 Maio 05+00:00 2009","format":false,"excerpt":"Amanh\u00e3, dia 6 de Maio, pelas 8 horas, todas as turmas do 6.\u00ba ano da nossa escola ir\u00e3o realizar uma visita de estudo ao Bu\u00e7aco onde visitar\u00e3o o Museu Militar e a Coimbra onde visitar\u00e3o o Explorat\u00f3rio Infante D. Henrique. A chegada est\u00e1 prevista para as 19:30 horas. Resta-nos desejar\u2026","rel":"","context":"In &quot;Viagens de estudo&quot;","block_context":{"text":"Viagens de estudo","link":"https:\/\/blogs.ess-edu.pt\/ap12a2008\/category\/viagens-de-estudo\/"},"img":{"alt_text":"","src":"","width":0,"height":0},"classes":[]},{"id":311,"url":"https:\/\/blogs.ess-edu.pt\/ap12a2008\/2009\/03\/10\/visita-de-estudo-a-aveiro-10%c2%ba-ano\/","url_meta":{"origin":215,"position":3},"title":"Visita de estudo a Aveiro \u2013 10.\u00ba Ano","author":"Helena Sebastiana","date":"10 10+00:00 Mar\u00e7o 10+00:00 2009","format":false,"excerpt":"Na passada sexta-feira, dia 6 de Mar\u00e7o, as turmas A, B e C do d\u00e9cimo ano realizaram uma visita de estudo a Aveiro com o intuito de visitar as dunas de S\u00e3o Jacinto e a F\u00e1brica da Ci\u00eancia Viva. Pelas not\u00edcias que nos chegaram, os objectivos foram plenamente atingidos e\u2026","rel":"","context":"In &quot;Viagens de estudo&quot;","block_context":{"text":"Viagens de estudo","link":"https:\/\/blogs.ess-edu.pt\/ap12a2008\/category\/viagens-de-estudo\/"},"img":{"alt_text":"","src":"","width":0,"height":0},"classes":[]},{"id":170,"url":"https:\/\/blogs.ess-edu.pt\/ap12a2008\/2008\/12\/16\/accao-de-formacao-sobre-a-prevencao-rodoviaria\/","url_meta":{"origin":215,"position":4},"title":"Ac\u00e7\u00e3o de Forma\u00e7\u00e3o sobre a Preven\u00e7\u00e3o Rodovi\u00e1ria","author":"Helena Sebastiana","date":"16 16+00:00 Dezembro 16+00:00 2008","format":false,"excerpt":"No passado dia 15 de Dezembro, foi realizado na Escola uma Ac\u00e7\u00e3o de Forma\u00e7\u00e3o sobre a Preven\u00e7\u00e3o Rodovi\u00e1ria. O p\u00fablico-alvo era constitu\u00eddo pelas turmas do 5.\u00ba ano. Esta ac\u00e7\u00e3o foi dirigida por agentes da PSP que alertaram os mais novos para os perigos rodovi\u00e1rios, com o intuito de prevenir futuros\u2026","rel":"","context":"In &quot;Eventos&quot;","block_context":{"text":"Eventos","link":"https:\/\/blogs.ess-edu.pt\/ap12a2008\/category\/eventos\/"},"img":{"alt_text":"","src":"","width":0,"height":0},"classes":[]},{"id":120,"url":"https:\/\/blogs.ess-edu.pt\/ap12a2008\/2008\/12\/04\/torneio-de-andebol-de-5-secundario\/","url_meta":{"origin":215,"position":5},"title":"Torneio de Andebol de 5 (Secund\u00e1rio)","author":"Helena Sebastiana","date":"4 04+00:00 Dezembro 04+00:00 2008","format":false,"excerpt":"Na nossa escola, no dia 2 de Dezembro, ter\u00e7a-feira, \u00e0s 12:20 horas, come\u00e7ou o Torneio de Andebol de 5. Desta vez, as turmas que participaram foram as do Secund\u00e1rio. Este torneio conta com apenas tr\u00eas equipas. Uma delas pertence \u00e0 nossa turma. O nosso primeiro jogo ocorreu hoje. Apesar de\u2026","rel":"","context":"In &quot;Torneios&quot;","block_context":{"text":"Torneios","link":"https:\/\/blogs.ess-edu.pt\/ap12a2008\/category\/torneios\/"},"img":{"alt_text":"","src":"","width":0,"height":0},"classes":[]}],"_links":{"self":[{"href":"https:\/\/blogs.ess-edu.pt\/ap12a2008\/wp-json\/wp\/v2\/posts\/215","targetHints":{"allow":["GET"]}}],"collection":[{"href":"https:\/\/blogs.ess-edu.pt\/ap12a2008\/wp-json\/wp\/v2\/posts"}],"about":[{"href":"https:\/\/blogs.ess-edu.pt\/ap12a2008\/wp-json\/wp\/v2\/types\/post"}],"author":[{"embeddable":true,"href":"https:\/\/blogs.ess-edu.pt\/ap12a2008\/wp-json\/wp\/v2\/users\/30"}],"replies":[{"embeddable":true,"href":"https:\/\/blogs.ess-edu.pt\/ap12a2008\/wp-json\/wp\/v2\/comments?post=215"}],"version-history":[{"count":0,"href":"https:\/\/blogs.ess-edu.pt\/ap12a2008\/wp-json\/wp\/v2\/posts\/215\/revisions"}],"wp:attachment":[{"href":"https:\/\/blogs.ess-edu.pt\/ap12a2008\/wp-json\/wp\/v2\/media?parent=215"}],"wp:term":[{"taxonomy":"category","embeddable":true,"href":"https:\/\/blogs.ess-edu.pt\/ap12a2008\/wp-json\/wp\/v2\/categories?post=215"},{"taxonomy":"post_tag","embeddable":true,"href":"https:\/\/blogs.ess-edu.pt\/ap12a2008\/wp-json\/wp\/v2\/tags?post=215"}],"curies":[{"name":"wp","href":"https:\/\/api.w.org\/{rel}","templated":true}]}}