{"id":217,"date":"2009-01-08T17:05:00","date_gmt":"2009-01-08T17:05:00","guid":{"rendered":"http:\/\/blogs.ess-edu.pt\/ap12a2008\/?p=217"},"modified":"2024-07-15T14:56:44","modified_gmt":"2024-07-15T14:56:44","slug":"parlamento-de-jovens","status":"publish","type":"post","link":"https:\/\/blogs.ess-edu.pt\/ap12a2008\/2009\/01\/08\/parlamento-de-jovens\/","title":{"rendered":"Parlamento dos Jovens"},"content":{"rendered":"<p>J\u00e1 reparaste que a nossa escola est\u00e1 repleta de cartazes?<\/p>\n<p>S\u00e3o cinco as listas que concorrem ao Parlamento dos Jovens. O tema geral \u00e9 a Alimenta\u00e7\u00e3o e Sa\u00fade.<\/p>\n<p>S\u00e3o v\u00e1rias as tem\u00e1ticas espec\u00edficas escolhidas pelas diferentes listas. Anorexia, bulimia, exerc\u00edcio f\u00edsico s\u00e3o alguns exemplos.<\/p>\n<p>No dia 13 de Janeiro ser\u00e3o as vota\u00e7\u00f5es. N\u00e3o te esque\u00e7as de votar!<\/p>\n<p><a href=\"https:\/\/app.parlamento.pt\/Webjovem2009\/index.html\">Log\u00f3tipo do Parlamento dos Jovens<\/a><\/p>\n","protected":false},"excerpt":{"rendered":"<p>J\u00e1 reparaste que a nossa escola est\u00e1 repleta de cartazes?<\/p>\n<p>S\u00e3o cinco as listas que concorrem ao Parlamento dos Jovens. O tema geral \u00e9 a Alimenta\u00e7\u00e3o e Sa\u00fade.<\/p>\n<p>S\u00e3o v\u00e1rias as tem\u00e1ticas espec\u00edficas escolhidas pelas diferentes listas. Anorexia, bulimia, exerc\u00edcio f\u00edsico s\u00e3o alguns exemplos.<\/p>\n<p>No dia 13 de Janeiro ser\u00e3o as vota\u00e7\u00f5es. N\u00e3o te esque\u00e7as [&#8230;]<\/p>\n","protected":false},"author":30,"featured_media":0,"comment_status":"open","ping_status":"open","sticky":false,"template":"","format":"standard","meta":{"jetpack_post_was_ever_published":false,"_jetpack_newsletter_access":"","_jetpack_dont_email_post_to_subs":false,"_jetpack_newsletter_tier_id":0,"_jetpack_memberships_contains_paywalled_content":false,"_jetpack_memberships_contains_paid_content":false,"footnotes":""},"categories":[76],"tags":[],"class_list":["post-217","post","type-post","status-publish","format-standard","hentry","category-eventos","odd"],"jetpack_featured_media_url":"","jetpack_sharing_enabled":true,"jetpack_shortlink":"https:\/\/wp.me\/paunJ5-3v","jetpack-related-posts":[{"id":240,"url":"https:\/\/blogs.ess-edu.pt\/ap12a2008\/2009\/01\/15\/parlamento-dos-jovens\/","url_meta":{"origin":217,"position":0},"title":"Parlamento dos Jovens","author":"Helena Sebastiana","date":"15 15+00:00 Janeiro 15+00:00 2009","format":false,"excerpt":"Ap\u00f3s o encerramento das urnas, o resultado das elei\u00e7\u00f5es para o Parlamento dos Jovens evidenciou como lista vencedora a lista B. Obteve 144 votos e conquistou 10 mandatos. As outras listas obtiveram os seguintes resultados: Lista A: 67 votos e 7 mandatos; Lista C: 66 votos e 7 mandatos; Lista\u2026","rel":"","context":"In &quot;Eventos&quot;","block_context":{"text":"Eventos","link":"https:\/\/blogs.ess-edu.pt\/ap12a2008\/category\/eventos\/"},"img":{"alt_text":"","src":"","width":0,"height":0},"classes":[]},{"id":228,"url":"https:\/\/blogs.ess-edu.pt\/ap12a2008\/2009\/01\/13\/parlamento-de-jovens-2\/","url_meta":{"origin":217,"position":1},"title":"Parlamento dos Jovens","author":"Helena Sebastiana","date":"13 13+00:00 Janeiro 13+00:00 2009","format":false,"excerpt":"Como previsto, hoje, dia 13, est\u00e3o a decorrer as elei\u00e7\u00f5es para o Parlamento dos Jovens do\u00a0Ensino B\u00e1sico. As urnas est\u00e3o abertas durante os intervalos. At\u00e9 ao momento, 15 horas e 15 minutos, a ades\u00e3o tem sido boa. Mas se ainda n\u00e3o votaste, ainda est\u00e1s a tempo! Log\u00f3tipo do Parlamento dos\u2026","rel":"","context":"In &quot;Eventos&quot;","block_context":{"text":"Eventos","link":"https:\/\/blogs.ess-edu.pt\/ap12a2008\/category\/eventos\/"},"img":{"alt_text":"","src":"","width":0,"height":0},"classes":[]},{"id":275,"url":"https:\/\/blogs.ess-edu.pt\/ap12a2008\/2009\/01\/29\/parlamento-dos-jovens-eleitores-seleccionados\/","url_meta":{"origin":217,"position":2},"title":"Parlamento dos Jovens: Eleitores Seleccionados","author":"Helena Sebastiana","date":"29 29+00:00 Janeiro 29+00:00 2009","format":false,"excerpt":"Fl\u00e1vio Louren\u00e7o, Filipe Ferreira, Miguel Monteiro, Daniela Monteiro, Micaela Oliveira, Samanta Xavier, Ant\u00f3nio Rodrigues, Jo\u00e3o Melo, Andr\u00e9 Ferreira, Stefanie Matos, Sofia Santos, Sara Duarte, Sandra Soeiro, In\u00eas Os\u00f3rio, Liliana Louren\u00e7o, Joana Silva, Daniela Almeida, Ricardo Alves, Mariana Amaral, In\u00eas Ribeiro, Ariana Ferreira, Fl\u00e1vio Duarte, Jos\u00e9 Hugo Cruz, C\u00e1tia Pereira, Bibiana\u2026","rel":"","context":"In &quot;Eventos&quot;","block_context":{"text":"Eventos","link":"https:\/\/blogs.ess-edu.pt\/ap12a2008\/category\/eventos\/"},"img":{"alt_text":"","src":"","width":0,"height":0},"classes":[]},{"id":530,"url":"https:\/\/blogs.ess-edu.pt\/ap12a2008\/2009\/05\/28\/a-minha-passagem-pela-escola-20032009-3\/","url_meta":{"origin":217,"position":3},"title":"A minha passagem pela escola &#8211; 2003\/2009","author":"Helena Sebastiana","date":"28 28+00:00 Maio 28+00:00 2009","format":false,"excerpt":"Foi h\u00e1 6 anos atr\u00e1s, em 2003, que deixei a EB 2,3 de Lamego, tamb\u00e9m conhecida como \u201cciclo\u201d, e vim estudar para esta escola. No in\u00edcio, foi um pouco dif\u00edcil por causa dos meus amigos do ciclo que foram, quase todos, para o Liceu. S\u00f3 viemos tr\u00eas para a S\u00e9.\u2026","rel":"","context":"In &quot;A minha passagem pela escola&quot;","block_context":{"text":"A minha passagem pela escola","link":"https:\/\/blogs.ess-edu.pt\/ap12a2008\/category\/a-minha-passagem-pela-escola\/"},"img":{"alt_text":"","src":"","width":0,"height":0},"classes":[]},{"id":250,"url":"https:\/\/blogs.ess-edu.pt\/ap12a2008\/2009\/01\/15\/curso-criminologia\/","url_meta":{"origin":217,"position":4},"title":"Curso: Criminologia","author":"Helena Sebastiana","date":"15 15+00:00 Janeiro 15+00:00 2009","format":false,"excerpt":"A Criminologia \u00e9 uma ci\u00eancia emp\u00edrica e interdisciplinar que se ocupa do crime, do criminoso, da v\u00edtima e do controle social do acto criminoso. \u00c9 emp\u00edrica, pois baseia-se na experi\u00eancia da observa\u00e7\u00e3o, nos factos e na pr\u00e1tica, mais que em opini\u00f5es e argumentos. Beneficiando de um plano de estudos que\u2026","rel":"","context":"In &quot;E agora?...&quot;","block_context":{"text":"E agora?...","link":"https:\/\/blogs.ess-edu.pt\/ap12a2008\/category\/e-agora\/"},"img":{"alt_text":"","src":"","width":0,"height":0},"classes":[]},{"id":368,"url":"https:\/\/blogs.ess-edu.pt\/ap12a2008\/2009\/04\/23\/palestra-de-educacao-sexual\/","url_meta":{"origin":217,"position":5},"title":"Palestra de educa\u00e7\u00e3o sexual&#8230;","author":"Helena Sebastiana","date":"23 23+00:00 Abril 23+00:00 2009","format":false,"excerpt":"No passado dia 14 de Abril, a nossa turma, juntamente com outras do ensino secund\u00e1rio, foi assistir a uma sess\u00e3o de sensibiliza\u00e7\u00e3o sobre Educa\u00e7\u00e3o Sexual. Intitulava-se \u201cAfinal \u00e9 hoje que vamos falar sobre sexo?\u201d e foram abordados diversos temas, tais como, a defini\u00e7\u00e3o de sexualidade, a explica\u00e7\u00e3o da utiliza\u00e7\u00e3o de\u2026","rel":"","context":"In &quot;Eventos&quot;","block_context":{"text":"Eventos","link":"https:\/\/blogs.ess-edu.pt\/ap12a2008\/category\/eventos\/"},"img":{"alt_text":"","src":"","width":0,"height":0},"classes":[]}],"_links":{"self":[{"href":"https:\/\/blogs.ess-edu.pt\/ap12a2008\/wp-json\/wp\/v2\/posts\/217","targetHints":{"allow":["GET"]}}],"collection":[{"href":"https:\/\/blogs.ess-edu.pt\/ap12a2008\/wp-json\/wp\/v2\/posts"}],"about":[{"href":"https:\/\/blogs.ess-edu.pt\/ap12a2008\/wp-json\/wp\/v2\/types\/post"}],"author":[{"embeddable":true,"href":"https:\/\/blogs.ess-edu.pt\/ap12a2008\/wp-json\/wp\/v2\/users\/30"}],"replies":[{"embeddable":true,"href":"https:\/\/blogs.ess-edu.pt\/ap12a2008\/wp-json\/wp\/v2\/comments?post=217"}],"version-history":[{"count":0,"href":"https:\/\/blogs.ess-edu.pt\/ap12a2008\/wp-json\/wp\/v2\/posts\/217\/revisions"}],"wp:attachment":[{"href":"https:\/\/blogs.ess-edu.pt\/ap12a2008\/wp-json\/wp\/v2\/media?parent=217"}],"wp:term":[{"taxonomy":"category","embeddable":true,"href":"https:\/\/blogs.ess-edu.pt\/ap12a2008\/wp-json\/wp\/v2\/categories?post=217"},{"taxonomy":"post_tag","embeddable":true,"href":"https:\/\/blogs.ess-edu.pt\/ap12a2008\/wp-json\/wp\/v2\/tags?post=217"}],"curies":[{"name":"wp","href":"https:\/\/api.w.org\/{rel}","templated":true}]}}