{"id":225,"date":"2009-01-13T15:00:57","date_gmt":"2009-01-13T15:00:57","guid":{"rendered":"http:\/\/blogs.ess-edu.pt\/ap12a2008\/?p=225"},"modified":"2024-07-15T15:00:12","modified_gmt":"2024-07-15T15:00:12","slug":"em-caso-de-acidente-ou-catastrofe-natural","status":"publish","type":"post","link":"https:\/\/blogs.ess-edu.pt\/ap12a2008\/2009\/01\/13\/em-caso-de-acidente-ou-catastrofe-natural\/","title":{"rendered":"Em caso de acidente ou cat\u00e1strofe natural&#8230;"},"content":{"rendered":"<p><strong>Em caso de acidente ou cat\u00e1strofe natural, o que dever\u00e1 ser feito na sala de aula?<\/strong><\/p>\n<p>O Professor dever\u00e1:<\/p>\n<ul style=\"list-style-type: circle;\">\n<li>Organizar os alunos por fila e orientar a sa\u00edda da sala de aula;<\/li>\n<li>Seguir sempre na cauda da fila;<\/li>\n<li>Evitar que o grupo se desmembre;<\/li>\n<li>Evitar o p\u00e2nico.<\/li>\n<\/ul>\n<p>O Delegado dever\u00e1:<\/p>\n<ul style=\"list-style-type: circle;\">\n<li>Abrir a porta da sala de aula;<\/li>\n<li>Conduzir atr\u00e1s de si os colegas pelo itiner\u00e1rio indicado.<\/li>\n<\/ul>\n<p><a href=\"http:\/\/photos4.hi5.com\/0075\/169\/511\/RnKhzN169511-02.jpg\">Simula\u00e7\u00e3o de inc\u00eandio<\/a>.<\/p>\n","protected":false},"excerpt":{"rendered":"<p>Em caso de acidente ou cat\u00e1strofe natural, o que dever\u00e1 ser feito na sala de aula?<\/p>\n<p>O Professor dever\u00e1:<\/p>\n<p> Organizar os alunos por fila e orientar a sa\u00edda da sala de aula; Seguir sempre na cauda da fila; Evitar que o grupo se desmembre; Evitar o p\u00e2nico. <\/p>\n<p>O Delegado dever\u00e1:<\/p>\n<p> Abrir a porta da sala [&#8230;]<\/p>\n","protected":false},"author":30,"featured_media":0,"comment_status":"open","ping_status":"open","sticky":false,"template":"","format":"standard","meta":{"jetpack_post_was_ever_published":false,"_jetpack_newsletter_access":"","_jetpack_dont_email_post_to_subs":false,"_jetpack_newsletter_tier_id":0,"_jetpack_memberships_contains_paywalled_content":false,"_jetpack_memberships_contains_paid_content":false,"footnotes":""},"categories":[26],"tags":[],"class_list":["post-225","post","type-post","status-publish","format-standard","hentry","category-curiosidades","odd"],"jetpack_featured_media_url":"","jetpack_sharing_enabled":true,"jetpack_shortlink":"https:\/\/wp.me\/paunJ5-3D","jetpack-related-posts":[{"id":521,"url":"https:\/\/blogs.ess-edu.pt\/ap12a2008\/2009\/05\/26\/para-os-exames-nacionais\/","url_meta":{"origin":225,"position":0},"title":"Para os Exames Nacionais&#8230;","author":"Helena Sebastiana","date":"26 26+00:00 Maio 26+00:00 2009","format":false,"excerpt":"Para os Exames Nacionais, n\u00e3o te esque\u00e7as que: s\u00f3 podes usar caneta azul ou preta (por isso meninas, n\u00e3o vale a pena levarem as vossas canetas cor-de-rosa da sorte, porque n\u00e3o v\u00e3o poder us\u00e1-las); as folhas de rascunho ser\u00e3o fornecidas pela escola (logo, esque\u00e7am todas as tentativas de copiar. N\u00e3o\u2026","rel":"","context":"In &quot;Exames Nacionais 08\/09&quot;","block_context":{"text":"Exames Nacionais 08\/09","link":"https:\/\/blogs.ess-edu.pt\/ap12a2008\/category\/exames-nacionais-0809\/"},"img":{"alt_text":"","src":"","width":0,"height":0},"classes":[]},{"id":549,"url":"https:\/\/blogs.ess-edu.pt\/ap12a2008\/2009\/06\/02\/a-minha-passagem-pela-escola-20062009-3\/","url_meta":{"origin":225,"position":1},"title":"A minha passagem pela escola &#8211; 2006\/2009","author":"Helena Sebastiana","date":"2 02+00:00 Junho 02+00:00 2009","format":false,"excerpt":"Tr\u00eas anos\u2026 Faltam apenas uns dias para o final das aulas. J\u00e1 recordo esta escola com muita saudade. O primeiro dia em que pisei esta escola foi um desastre! N\u00e3o sabia onde ficava a sala onde iria conhecer a minha turma e acabei na turma errada. Era suposto ir para\u2026","rel":"","context":"In &quot;A minha passagem pela escola&quot;","block_context":{"text":"A minha passagem pela escola","link":"https:\/\/blogs.ess-edu.pt\/ap12a2008\/category\/a-minha-passagem-pela-escola\/"},"img":{"alt_text":"","src":"","width":0,"height":0},"classes":[]},{"id":402,"url":"https:\/\/blogs.ess-edu.pt\/ap12a2008\/2009\/04\/30\/visita-de-estudo-a-lisboa-mafra-e-obidos\/","url_meta":{"origin":225,"position":2},"title":"Visita de Estudo a Lisboa, Mafra e \u00d3bidos","author":"Helena Sebastiana","date":"30 30+00:00 Abril 30+00:00 2009","format":false,"excerpt":"Visit\u00e1mos muitas coisas, todas elas maravilhosas, mas, sem d\u00favida, as coisas de que mais gost\u00e1mos foram o Mosteiro dos Jer\u00f3nimos, o Pal\u00e1cio Nacional e Convento de Mafra e a Vila de \u00d3bidos. O facto de estar mau tempo, n\u00e3o nos impediu de ver tudo isto. Em rela\u00e7\u00e3o ao Mosteiro dos\u2026","rel":"","context":"In &quot;Viagens de estudo&quot;","block_context":{"text":"Viagens de estudo","link":"https:\/\/blogs.ess-edu.pt\/ap12a2008\/category\/viagens-de-estudo\/"},"img":{"alt_text":"","src":"","width":0,"height":0},"classes":[]},{"id":416,"url":"https:\/\/blogs.ess-edu.pt\/ap12a2008\/2009\/05\/05\/torneio-de-futsal-na-se\/","url_meta":{"origin":225,"position":3},"title":"Torneio de Futsal na S\u00e9","author":"Helena Sebastiana","date":"5 05+00:00 Maio 05+00:00 2009","format":false,"excerpt":"Na nossa escola, ir\u00e1 realizar-se um torneio de Futsal, organizado pela turma do 12.\u00ba B no \u00e2mbito da \u00e1rea curricular n\u00e3o disciplinar de \u00c1rea de Projecto e que tem por objectivo angariar fundos monet\u00e1rios para a AMI. As equipas poder\u00e3o ser masculinas ou femininas. Cada equipa dever\u00e1 ter no m\u00ednimo\u2026","rel":"","context":"In &quot;Torneios&quot;","block_context":{"text":"Torneios","link":"https:\/\/blogs.ess-edu.pt\/ap12a2008\/category\/torneios\/"},"img":{"alt_text":"","src":"","width":0,"height":0},"classes":[]},{"id":180,"url":"https:\/\/blogs.ess-edu.pt\/ap12a2008\/2009\/01\/06\/sabias-que-2\/","url_meta":{"origin":225,"position":4},"title":"Sabias que&#8230;","author":"Helena Sebastiana","date":"6 06+00:00 Janeiro 06+00:00 2009","format":false,"excerpt":"Sabias que a maior parte dos alunos escolheu esta escola devido \u00e0 influ\u00eancia de amigos, por gosto e devido \u00e0 menor dist\u00e2ncia entre escola-casa. A maioria dos alunos desta escola gosta dela, especialmente do ambiente, dos espa\u00e7os verdes, do \u00e1trio, do gin\u00e1sio e da biblioteca. N\u00e3o gosta tanto do funcionamento\u2026","rel":"","context":"In &quot;Curiosidades&quot;","block_context":{"text":"Curiosidades","link":"https:\/\/blogs.ess-edu.pt\/ap12a2008\/category\/curiosidades\/"},"img":{"alt_text":"","src":"","width":0,"height":0},"classes":[]},{"id":276,"url":"https:\/\/blogs.ess-edu.pt\/ap12a2008\/2009\/02\/03\/clube-de-xadrez-e-damas\/","url_meta":{"origin":225,"position":5},"title":"Clube de Xadrez e Damas","author":"Helena Sebastiana","date":"3 03+00:00 Fevereiro 03+00:00 2009","format":false,"excerpt":"Na nossa escola, est\u00e1 aberto a todos os alunos o Clube de Xadrez e Damas. Funciona \u00e0s segundas e ter\u00e7as-feiras entre as 12:25 horas e as 13:10 horas, e tamb\u00e9m \u00e0s quintas-feiras das 13:15 horas at\u00e9 \u00e0s 14:00 horas, na sala Normal 13. Este clube est\u00e1 aberto a alunos de\u2026","rel":"","context":"In &quot;Clubes&quot;","block_context":{"text":"Clubes","link":"https:\/\/blogs.ess-edu.pt\/ap12a2008\/category\/clubes\/"},"img":{"alt_text":"","src":"","width":0,"height":0},"classes":[]}],"_links":{"self":[{"href":"https:\/\/blogs.ess-edu.pt\/ap12a2008\/wp-json\/wp\/v2\/posts\/225","targetHints":{"allow":["GET"]}}],"collection":[{"href":"https:\/\/blogs.ess-edu.pt\/ap12a2008\/wp-json\/wp\/v2\/posts"}],"about":[{"href":"https:\/\/blogs.ess-edu.pt\/ap12a2008\/wp-json\/wp\/v2\/types\/post"}],"author":[{"embeddable":true,"href":"https:\/\/blogs.ess-edu.pt\/ap12a2008\/wp-json\/wp\/v2\/users\/30"}],"replies":[{"embeddable":true,"href":"https:\/\/blogs.ess-edu.pt\/ap12a2008\/wp-json\/wp\/v2\/comments?post=225"}],"version-history":[{"count":0,"href":"https:\/\/blogs.ess-edu.pt\/ap12a2008\/wp-json\/wp\/v2\/posts\/225\/revisions"}],"wp:attachment":[{"href":"https:\/\/blogs.ess-edu.pt\/ap12a2008\/wp-json\/wp\/v2\/media?parent=225"}],"wp:term":[{"taxonomy":"category","embeddable":true,"href":"https:\/\/blogs.ess-edu.pt\/ap12a2008\/wp-json\/wp\/v2\/categories?post=225"},{"taxonomy":"post_tag","embeddable":true,"href":"https:\/\/blogs.ess-edu.pt\/ap12a2008\/wp-json\/wp\/v2\/tags?post=225"}],"curies":[{"name":"wp","href":"https:\/\/api.w.org\/{rel}","templated":true}]}}