{"id":280,"date":"2009-02-05T16:29:45","date_gmt":"2009-02-05T16:29:45","guid":{"rendered":"http:\/\/blogs.ess-edu.pt\/ap12a2008\/?p=280"},"modified":"2024-07-15T20:04:46","modified_gmt":"2024-07-15T20:04:46","slug":"academia-militar","status":"publish","type":"post","link":"https:\/\/blogs.ess-edu.pt\/ap12a2008\/2009\/02\/05\/academia-militar\/","title":{"rendered":"Academia Militar"},"content":{"rendered":"<p>A Academia Militar \u00e9 um estabelecimento de ensino superior p\u00fablico universit\u00e1rio militar que desenvolve actividades de ensino, de investiga\u00e7\u00e3o e de apoio \u00e0 comunidade, com finalidade essencial de formar Oficiais destinados aos quadros permanentes das Armas e Servi\u00e7os do Ex\u00e9rcito e da Guarda Nacional Republicana.<\/p>\n<p>Existem dentro desta Academia v\u00e1rios cursos.<\/p>\n<ul style=\"list-style-type: circle;\">\n<li>O curso de Ci\u00eancias Militares, com as especialidades de Infantaria, Artilharia e Cavalaria. A espec\u00edfica \u00e9 Matem\u00e1tica (16).<\/li>\n<li>O curso de Administra\u00e7\u00e3o Militar. A espec\u00edfica \u00e9, novamente, Matem\u00e1tica.<\/li>\n<li>Os cursos de Engenharia Militar e Engenharia Electrot\u00e9cnica Militar. As espec\u00edficas s\u00e3o F\u00edsica e Qu\u00edmica (07) e Matem\u00e1tica (16).<\/li>\n<li>O curso de Medicina. As disciplinas espec\u00edficas s\u00e3o Biologia e Geologia B (02), F\u00edsica e Qu\u00edmica (07) e Matem\u00e1tica (16).<\/li>\n<li>Para o curso de Medicina Veterin\u00e1ria, as disciplinas espec\u00edficas s\u00e3o Biologia e Geologia B (02) e F\u00edsica e Qu\u00edmica (07).<\/li>\n<li>Para o curso de Ci\u00eancias Farmac\u00eauticas, as disciplinas espec\u00edficas s\u00e3o Biologia e Geologia B (02) e F\u00edsica e Qu\u00edmica (07).<\/li>\n<\/ul>\n<p><strong>Condi\u00e7\u00f5es para admiss\u00e3o<\/strong>:<\/p>\n<ul style=\"list-style-type: square;\">\n<li>Ser cidad\u00e3o portugu\u00eas;<\/li>\n<li>Ser solteiro;<\/li>\n<li>N\u00e3o ter completado 22 anos, at\u00e9 31 de Dezembro de 2008;<\/li>\n<li>Ter pelo menos 1,64 m ou 1,60 m de altura, conforme seja do sexo masculino ou feminino e no m\u00e1ximo 1,90 m;<\/li>\n<li>N\u00e3o ter antecedentes criminais;<\/li>\n<li>Possuir a robustez f\u00edsica indispens\u00e1vel ao exerc\u00edcio da profiss\u00e3o militar;<\/li>\n<li>Estar autorizado a concorrer, pelos pais ou por quem exer\u00e7a a responsabilidade paternal, no caso de ter menos de 18 anos de idade;<\/li>\n<li>Estar em situa\u00e7\u00e3o militar regular, tendo cumprido as obriga\u00e7\u00f5es militares fixadas na Lei do Servi\u00e7o Militar;<\/li>\n<li>N\u00e3o ter sido eliminado dos Estabelecimentos de Ensino Militar, por motivos disciplinares ou por incapacidade para o servi\u00e7o militar;<\/li>\n<li>N\u00e3o ter sido dado como incapaz para o servi\u00e7o militar em Junta Hospitalar de Inspec\u00e7\u00e3o;<\/li>\n<li>N\u00e3o ter sido eliminado, por qualquer motivo, dos cursos da Academia Militar;<\/li>\n<li>Realizar o exame nacional de acesso ao ensino superior de 2008, da(s) disciplina(s) espec\u00edfica(s) estabelecida(s) para cada curso;<\/li>\n<li>Ter aprova\u00e7\u00e3o num curso de ensino secund\u00e1rio ou habilita\u00e7\u00e3o legalmente equivalente, verificada pelo Minist\u00e9rio da Educa\u00e7\u00e3o;<\/li>\n<li>Apresentar o original ou fotoc\u00f3pia autenticada da ficha dos exames nacionais do ensino secund\u00e1rio (ficha ENES) de 2008, para a candidatura ao ensino superior, satisfazendo esta(s) disciplina(s) espec\u00edfica(s) estabelecida (s) para cada curso pretendido;<\/li>\n<li>Satisfazer os pr\u00e9-requisitos fixados para os cursos da Academia Militar.<\/li>\n<\/ul>\n<p><strong>Prova de Aptid\u00e3o F\u00edsica<\/strong>:<\/p>\n<p>A Prova de Aptid\u00e3o F\u00edsica (PAF) destina-se a verificar, mediante a execu\u00e7\u00e3o de exerc\u00edcios espec\u00edficos, se os candidatos possuem as capacidades motoras indispens\u00e1veis para o ulterior desempenho da profiss\u00e3o de Oficial do Quadro Permanente. A PAF \u00e9 eliminat\u00f3ria, sendo o resultado final expresso em Apto ou N\u00e3o Apto.<\/p>\n<p>Os exerc\u00edcios que constituem a PAF s\u00e3o sequenciais, em acumula\u00e7\u00e3o de esfor\u00e7o e s\u00e3o realizados de acordo com a seguinte ordem:<\/p>\n<ol>\n<li>Corrida de 80 metros planos;<\/li>\n<li>Transposi\u00e7\u00e3o de p\u00f3rtico;<\/li>\n<li>Transposi\u00e7\u00e3o de muro;<\/li>\n<li>Transposi\u00e7\u00e3o de vala;<\/li>\n<li>Flex\u00f5es do tronco \u00e0 frente (abdominais);<\/li>\n<li>Flex\u00f5es de bra\u00e7os na trave (s\u00f3 para candidatos masculinos);<\/li>\n<li>Extens\u00f5es de bra\u00e7os no solo (s\u00f3 para candidatos femininos);<\/li>\n<li>Teste de Cooper (Corrida em 12 minutos);<\/li>\n<\/ol>\n<p><strong>Provas Psicot\u00e9cnicas<\/strong>:<\/p>\n<p>As Provas Psicot\u00e9cnicas para selec\u00e7\u00e3o pretendem apurar as aptid\u00f5es e compet\u00eancias psicol\u00f3gicas dos candidatos, atrav\u00e9s da seguinte metodologia:<\/p>\n<ul style=\"list-style-type: disc;\">\n<li>Provas de Aptid\u00e3o Intelectual;<\/li>\n<li>Provas de Aptid\u00e3o Vocacional;<\/li>\n<li>Inqu\u00e9ritos de Personalidade;<\/li>\n<li>Provas de Lideran\u00e7a e Chefia;<\/li>\n<li>Entrevistas Psicol\u00f3gicas de Selec\u00e7\u00e3o;<\/li>\n<li>Os resultados da avalia\u00e7\u00e3o psicot\u00e9cnica devem merecer men\u00e7\u00f5es qualitativas de: bastante favor\u00e1vel, favor\u00e1vel, favor\u00e1vel com reservas e n\u00e3o favor\u00e1vel.<\/li>\n<\/ul>\n<p><strong>Prova de Aptid\u00e3o Militar<\/strong>:<\/p>\n<p>A Prova de Aptid\u00e3o Militar (PAM) destina-se a:<\/p>\n<ul style=\"list-style-type: disc;\">\n<li>Esclarecer o candidato sobre a natureza, principais caracter\u00edsticas e viv\u00eancia da Institui\u00e7\u00e3o a que pretende aceder.<\/li>\n<li>Confirmar as aptid\u00f5es e compet\u00eancias psicol\u00f3gicas avaliadas durante as provas psicot\u00e9cnicas.<\/li>\n<li>Proporcionar a familiariza\u00e7\u00e3o com os processos e normas de conduta associadas \u00e0 vida em internato, bem como a adapta\u00e7\u00e3o \u00e0s exig\u00eancias de natureza acad\u00e9mica espec\u00edficas da Academia Militar.<\/li>\n<li>Avaliar atrav\u00e9s de um conjunto de instru\u00e7\u00f5es, a aptid\u00e3o funcional espec\u00edfica para a carreira de Oficial do Quadro Permanente.<\/li>\n<\/ul>\n<p>A PAM ter\u00e1 a dura\u00e7\u00e3o de tr\u00eas semanas e a sua frequ\u00eancia obriga os candidatos a alojamento nas instala\u00e7\u00f5es da Academia Militar, na Amadora. Durante a PAM os candidatos continuam a ser sujeitos a avalia\u00e7\u00e3o psicot\u00e9cnica. A PAM \u00e9 eliminat\u00f3ria, sendo o seu resultado expresso em Apto ou N\u00e3o Apto.<\/p>\n<p><strong>Ordena\u00e7\u00e3o dos candidatos<\/strong>:<\/p>\n<p>Os candidatos aprovados s\u00e3o ordenados por ordem decrescente de nota de candidatura, calculada utilizando as seguintes classifica\u00e7\u00f5es:<\/p>\n<ul style=\"list-style-type: disc;\">\n<li>Classifica\u00e7\u00e3o final do Ensino Secund\u00e1rio (50%).<\/li>\n<li>Classifica\u00e7\u00e3o do Exame Nacional da(s) disciplina(s) espec\u00edfica(s) requerida(s) (50%).<\/li>\n<\/ul>\n","protected":false},"excerpt":{"rendered":"<p>A Academia Militar \u00e9 um estabelecimento de ensino superior p\u00fablico universit\u00e1rio militar que desenvolve actividades de ensino, de investiga\u00e7\u00e3o e de apoio \u00e0 comunidade, com finalidade essencial de formar Oficiais destinados aos quadros permanentes das Armas e Servi\u00e7os do Ex\u00e9rcito e da Guarda Nacional Republicana.<\/p>\n<p>Existem dentro desta Academia v\u00e1rios cursos.<\/p>\n<p> O curso de Ci\u00eancias [&#8230;]<\/p>\n","protected":false},"author":30,"featured_media":0,"comment_status":"open","ping_status":"open","sticky":false,"template":"","format":"standard","meta":{"jetpack_post_was_ever_published":false,"_jetpack_newsletter_access":"","_jetpack_dont_email_post_to_subs":false,"_jetpack_newsletter_tier_id":0,"_jetpack_memberships_contains_paywalled_content":false,"_jetpack_memberships_contains_paid_content":false,"footnotes":""},"categories":[77],"tags":[],"class_list":["post-280","post","type-post","status-publish","format-standard","hentry","category-e-agora","odd"],"jetpack_featured_media_url":"","jetpack_sharing_enabled":true,"jetpack_shortlink":"https:\/\/wp.me\/paunJ5-4w","jetpack-related-posts":[{"id":266,"url":"https:\/\/blogs.ess-edu.pt\/ap12a2008\/2009\/01\/27\/cursofisioterapia\/","url_meta":{"origin":280,"position":0},"title":"Curso: Fisioterapia","author":"Helena Sebastiana","date":"27 27+00:00 Janeiro 27+00:00 2009","format":false,"excerpt":"Centra-se na an\u00e1lise e avalia\u00e7\u00e3o do movimento e da postura, tendo como base a estrutura e fun\u00e7\u00e3o do corpo. Lan\u00e7a m\u00e3o a modalidades educativas e terap\u00eauticas espec\u00edficas, com base, essencialmente, no movimento, nas terapias manipulativas e em meios f\u00edsicos e naturais. Tem como finalidade a promo\u00e7\u00e3o da sa\u00fade e preven\u00e7\u00e3o\u2026","rel":"","context":"In &quot;E agora?...&quot;","block_context":{"text":"E agora?...","link":"https:\/\/blogs.ess-edu.pt\/ap12a2008\/category\/e-agora\/"},"img":{"alt_text":"","src":"","width":0,"height":0},"classes":[]},{"id":478,"url":"https:\/\/blogs.ess-edu.pt\/ap12a2008\/2009\/05\/14\/medias-de-acesso-200809-lisboa\/","url_meta":{"origin":280,"position":1},"title":"M\u00e9dias de acesso 2008\/09 &#8211; Lisboa","author":"Helena Sebastiana","date":"14 14+00:00 Maio 14+00:00 2009","format":false,"excerpt":"Lisboa Universidade de Lisboa: \u00a0 Faculdade de Medicina Dent\u00e1ria: \u00a0 Medicina Dent\u00e1ria..................................................................................................... 173,0 Higiene Oral............................................................................................................... 142,5 Pr\u00f3tese Dent\u00e1ria........................................................................................................ 140,5 \u00a0 Faculdade de Belas-Artes: \u00a0 Design de Comunica\u00e7\u00e3o............................................................................................. 161,5 Design de Equipamento............................................................................................. 154,0 Escultura..................................................................................................................... 144,5 Pintura........................................................................................................................ 152,0 Ci\u00eancias da Arte e do Patrim\u00f3nio (regime p\u00f3s-laboral)............................................ 125,0 Arte Multim\u00e9dia......................................................................................................... 154,5 \u00a0 Faculdade\u2026","rel":"","context":"In &quot;E agora?...&quot;","block_context":{"text":"E agora?...","link":"https:\/\/blogs.ess-edu.pt\/ap12a2008\/category\/e-agora\/"},"img":{"alt_text":"","src":"","width":0,"height":0},"classes":[]},{"id":293,"url":"https:\/\/blogs.ess-edu.pt\/ap12a2008\/2009\/02\/12\/curso-administracao-e-marketing\/","url_meta":{"origin":280,"position":2},"title":"Curso: Administra\u00e7\u00e3o e Marketing","author":"Helena Sebastiana","date":"12 12+00:00 Fevereiro 12+00:00 2009","format":false,"excerpt":"A licenciatura em Administra\u00e7\u00e3o e Marketing visa a forma\u00e7\u00e3o de recursos humanos altamente qualificados, direccionados para o desempenho de actividades t\u00e9cnicas e de coordena\u00e7\u00e3o nas \u00e1reas funcionais de gest\u00e3o e marketing. Pretende-se transmitir e aplicar directamente os conhecimentos na \u00e1rea de forma\u00e7\u00e3o em actividades de car\u00e1cter profissional, bem como empreender\u2026","rel":"","context":"In &quot;E agora?...&quot;","block_context":{"text":"E agora?...","link":"https:\/\/blogs.ess-edu.pt\/ap12a2008\/category\/e-agora\/"},"img":{"alt_text":"","src":"","width":0,"height":0},"classes":[]},{"id":518,"url":"https:\/\/blogs.ess-edu.pt\/ap12a2008\/2009\/05\/26\/medias-de-acesso-200809-porto\/","url_meta":{"origin":280,"position":3},"title":"M\u00e9dias de Acesso 2008\/09 &#8211; Porto","author":"Helena Sebastiana","date":"26 26+00:00 Maio 26+00:00 2009","format":false,"excerpt":"Universidade do Porto: \u00a0 Faculdade de Ci\u00eancias da Nutri\u00e7\u00e3o e Alimenta\u00e7\u00e3o: \u00a0 Ci\u00eancias da Nutri\u00e7\u00e3o.................................................................................................. 161,3 \u00a0 Faculdade de Arquitectura: \u00a0 Arquitectura............................................................................................................... 180,0 Arquitectura Paisagista.............................................................................................. 140,0 \u00a0 Faculdade de Ci\u00eancias: \u00a0 Biologia....................................................................................................................... 144,0 Bioqu\u00edmica.................................................................................................................. 161,0 F\u00edsica........................................................................................................................... 116,5 Geologia..................................................................................................................... 126,5 Matem\u00e1tica................................................................................................................ 128,0 Qu\u00edmica...................................................................................................................... 111,5 Engenharia F\u00edsica....................................................................................................... 137,5 Astronomia................................................................................................................. 127,0 Ci\u00eancia de\u2026","rel":"","context":"In &quot;E agora?...&quot;","block_context":{"text":"E agora?...","link":"https:\/\/blogs.ess-edu.pt\/ap12a2008\/category\/e-agora\/"},"img":{"alt_text":"","src":"","width":0,"height":0},"classes":[]},{"id":290,"url":"https:\/\/blogs.ess-edu.pt\/ap12a2008\/2009\/02\/12\/datas-dos-exames-nacionais-11%c2%ba-e-12%c2%ba-anos\/","url_meta":{"origin":280,"position":4},"title":"Datas dos Exames Nacionais &#8211; 11.\u00ba e 12.\u00ba anos","author":"Helena Sebastiana","date":"12 12+00:00 Fevereiro 12+00:00 2009","format":false,"excerpt":"Tal como as datas de inscri\u00e7\u00e3o para os Exames Nacionais, tamb\u00e9m est\u00e3o expostas as datas da sua realiza\u00e7\u00e3o, no \u00e1trio da escola. Pensamos que se torna importante fazer a sua divulga\u00e7\u00e3o. Aten\u00e7\u00e3o, alunos dos 11.\u00ba e 12.\u00ba anos! 1.\u00aa fase: Portugu\u00eas (639) - 16 de Junho (das 9h \u00e0s 11h)\u2026","rel":"","context":"In &quot;Exames Nacionais 08\/09&quot;","block_context":{"text":"Exames Nacionais 08\/09","link":"https:\/\/blogs.ess-edu.pt\/ap12a2008\/category\/exames-nacionais-0809\/"},"img":{"alt_text":"","src":"","width":0,"height":0},"classes":[]},{"id":250,"url":"https:\/\/blogs.ess-edu.pt\/ap12a2008\/2009\/01\/15\/curso-criminologia\/","url_meta":{"origin":280,"position":5},"title":"Curso: Criminologia","author":"Helena Sebastiana","date":"15 15+00:00 Janeiro 15+00:00 2009","format":false,"excerpt":"A Criminologia \u00e9 uma ci\u00eancia emp\u00edrica e interdisciplinar que se ocupa do crime, do criminoso, da v\u00edtima e do controle social do acto criminoso. \u00c9 emp\u00edrica, pois baseia-se na experi\u00eancia da observa\u00e7\u00e3o, nos factos e na pr\u00e1tica, mais que em opini\u00f5es e argumentos. Beneficiando de um plano de estudos que\u2026","rel":"","context":"In &quot;E agora?...&quot;","block_context":{"text":"E agora?...","link":"https:\/\/blogs.ess-edu.pt\/ap12a2008\/category\/e-agora\/"},"img":{"alt_text":"","src":"","width":0,"height":0},"classes":[]}],"_links":{"self":[{"href":"https:\/\/blogs.ess-edu.pt\/ap12a2008\/wp-json\/wp\/v2\/posts\/280","targetHints":{"allow":["GET"]}}],"collection":[{"href":"https:\/\/blogs.ess-edu.pt\/ap12a2008\/wp-json\/wp\/v2\/posts"}],"about":[{"href":"https:\/\/blogs.ess-edu.pt\/ap12a2008\/wp-json\/wp\/v2\/types\/post"}],"author":[{"embeddable":true,"href":"https:\/\/blogs.ess-edu.pt\/ap12a2008\/wp-json\/wp\/v2\/users\/30"}],"replies":[{"embeddable":true,"href":"https:\/\/blogs.ess-edu.pt\/ap12a2008\/wp-json\/wp\/v2\/comments?post=280"}],"version-history":[{"count":0,"href":"https:\/\/blogs.ess-edu.pt\/ap12a2008\/wp-json\/wp\/v2\/posts\/280\/revisions"}],"wp:attachment":[{"href":"https:\/\/blogs.ess-edu.pt\/ap12a2008\/wp-json\/wp\/v2\/media?parent=280"}],"wp:term":[{"taxonomy":"category","embeddable":true,"href":"https:\/\/blogs.ess-edu.pt\/ap12a2008\/wp-json\/wp\/v2\/categories?post=280"},{"taxonomy":"post_tag","embeddable":true,"href":"https:\/\/blogs.ess-edu.pt\/ap12a2008\/wp-json\/wp\/v2\/tags?post=280"}],"curies":[{"name":"wp","href":"https:\/\/api.w.org\/{rel}","templated":true}]}}