{"id":289,"date":"2009-02-12T16:49:07","date_gmt":"2009-02-12T16:49:07","guid":{"rendered":"http:\/\/blogs.ess-edu.pt\/ap12a2008\/?p=289"},"modified":"2024-07-15T20:59:50","modified_gmt":"2024-07-15T20:59:50","slug":"resultados-do-corta-mato-do-dia-5-de-fevereiro","status":"publish","type":"post","link":"https:\/\/blogs.ess-edu.pt\/ap12a2008\/2009\/02\/12\/resultados-do-corta-mato-do-dia-5-de-fevereiro\/","title":{"rendered":"Resultados do Corta-Mato do dia 5 de Fevereiro"},"content":{"rendered":"<p>Como j\u00e1 t\u00ednhamos noticiado anteriormente, realizou-se mais um Corta-Mato na nossa escola.<\/p>\n<p>Os primeiros 6 classificados da categoria <strong>Infantis A<\/strong> foram\u2026<\/p>\n<p><strong>Feminino<\/strong>:<\/p>\n<ul style=\"list-style-type: circle;\">\n<li>D\u00e9bora Rodrigues, 5.\u00ba D, n.\u00ba 3;<\/li>\n<li>Ana Rita Pereira, 6.\u00ba A, n.\u00ba 3;<\/li>\n<li>Raquel Lob\u00e3o, 6.\u00ba B, n.\u00ba 17;<\/li>\n<li>Beatriz Neves, 5.\u00ba A, n.\u00ba 25;<\/li>\n<li>Ana Oliveira 5.\u00ba A, n.\u00ba 23;<\/li>\n<li>Sofia Correia 5.\u00ba B, n.\u00ba 18.<\/li>\n<\/ul>\n<p><strong>Masculino<\/strong>:<\/p>\n<ul style=\"list-style-type: circle;\">\n<li>Daniel Miguel, 5.\u00ba A, n.\u00ba 8;<\/li>\n<li>Jos\u00e9 Rua, 5.\u00ba D, n.\u00ba 15;<\/li>\n<li>David Caetano, 5.\u00ba B, n.\u00ba 4;<\/li>\n<li>David Vicente, 5.\u00ba A, n.\u00ba 10;<\/li>\n<li>Jos\u00e9 Alberto, 5.\u00ba A, n.\u00ba 17;<\/li>\n<li>Diogo Ribeiro, 5.\u00ba B, n.\u00ba 4.<\/li>\n<\/ul>\n<p>Os primeiros 6 classificados da categoria <strong>Infantis B<\/strong> foram\u2026<\/p>\n<p><strong>Feminino<\/strong>:<\/p>\n<ul style=\"list-style-type: circle;\">\n<li>Lisandra Maravilha, 6.\u00ba A, n.\u00ba 15;<\/li>\n<li>Cristina Loureiro, 6.\u00ba E, n.\u00ba 5;<\/li>\n<li>Melanie Cardoso, 6.\u00ba E, n.\u00ba 13;<\/li>\n<li>Cristiana Almeida, 6.\u00ba A, n.\u00ba 6;<\/li>\n<li>Ana Duarte, 6.\u00ba C, n.\u00ba 1;<\/li>\n<li>Tatiana Medeiros, 7.\u00ba A, n.\u00ba 22.<\/li>\n<\/ul>\n<p><strong>Masculino<\/strong>:<\/p>\n<ul style=\"list-style-type: circle;\">\n<li>Eduardo Carvalho, 7.\u00ba C, n.\u00ba 11;<\/li>\n<li>Samuel Santos, 7.\u00ba A, n.\u00ba 19;<\/li>\n<li>S\u00e9rgio Ribeiro, 6.\u00ba B, n.\u00ba 18;<\/li>\n<li>Carlos Alexandre Pereira, 6.\u00ba B, n.\u00ba 3;<\/li>\n<li>Andr\u00e9 Ferreira, 7.\u00ba C, n.\u00ba 7;<\/li>\n<li>Pedro Gomes, 7.\u00ba A, n.\u00ba 24.<\/li>\n<\/ul>\n<p>Os primeiros 6 classificados da categoria <strong>Iniciados<\/strong> foram\u2026<\/p>\n<p><strong>Feminino<\/strong>:<\/p>\n<ul style=\"list-style-type: circle;\">\n<li>Tatiana Pereira, 8.\u00ba A, n.\u00ba 24;<\/li>\n<li>L\u00eddia Ara\u00fajo, 8.\u00ba A, n.\u00ba 18;<\/li>\n<li>F\u00e1tima Rodrigues, 7.\u00ba C, n.\u00ba 17;<\/li>\n<li>Sara Duarte, 9.\u00ba A, n.\u00ba 23;<\/li>\n<li>\u00c9lia Rocha, 8.\u00ba C, n.\u00ba 6;<\/li>\n<li>Mariana Sequeira, 8.\u00ba C, n.\u00ba 19.<\/li>\n<\/ul>\n<p><strong>Masculino<\/strong>:<\/p>\n<ul style=\"list-style-type: circle;\">\n<li>Ruben Pinto, 9.\u00ba A, n.\u00ba 20;<\/li>\n<li>H\u00e9lder Pombinho, 9.\u00ba D, n.\u00ba 11;<\/li>\n<li>Leonardo Monteiro, 9.\u00ba D, n.\u00ba 17;<\/li>\n<li>Pedro Ferreira, 9.\u00ba D, n.\u00ba 22;<\/li>\n<li>Ezequiel Martins, 7.\u00ba A, n.\u00ba 9;<\/li>\n<li>Ezequiel Guerra, 9.\u00ba A, n.\u00ba 5.<\/li>\n<\/ul>\n<p>Os primeiros 6 classificados da categoria <strong>Juvenis<\/strong> foram\u2026<\/p>\n<p><strong>Feminino<\/strong>:<\/p>\n<ul style=\"list-style-type: circle;\">\n<li>Andreia Sequeira, 8.\u00ba B, n.\u00ba 3;<\/li>\n<li>Daniela Pinto, 10.\u00ba A, n.\u00ba 8;<\/li>\n<li>Sabrina Santos, 11.\u00ba B, n.\u00ba 15;<\/li>\n<li>Carla Elizeu, 7.\u00ba B, n.\u00ba 4.<\/li>\n<\/ul>\n<p><strong>Masculino<\/strong>:<\/p>\n<ul style=\"list-style-type: circle;\">\n<li>Lu\u00eds Fonseca, 9.\u00ba D, n.\u00ba 19;<\/li>\n<li>Tiago Oliveira, 11.\u00ba A, n.\u00ba 22;<\/li>\n<li>Diogo Francisco, 10.\u00ba, C n.\u00ba 5;<\/li>\n<li>Leonardo Pereira, 10.\u00ba, C n.\u00ba 16;<\/li>\n<li>Paulo Duarte, 9.\u00ba B, n.\u00ba 20;<\/li>\n<li>Marco Ribeiro, 8.\u00ba A, n \u00ba 20.<\/li>\n<\/ul>\n<p>Os primeiros 6 classificados da categoria <strong>Juniores<\/strong> foram\u2026<\/p>\n<p><strong>Feminino<\/strong>:<\/p>\n<ul style=\"list-style-type: circle;\">\n<li>Telma Esteves, 10.\u00ba D, n.\u00ba 16;<\/li>\n<li>Ana Dias, 12 \u00ba A, n.\u00ba 3;<\/li>\n<li>Cristina de Oliveira e Silva, 12 \u00ba A, n.\u00ba 10;<\/li>\n<li>Rafaela Amorim, 11.\u00ba B, n.\u00ba 13;<\/li>\n<li>Janete Pereira, 12.\u00ba B, n.\u00ba 12;<\/li>\n<li><span lang=\"EL\">Stergianni<\/span> <span lang=\"EL\">Orfanidis<\/span>, 10.\u00ba C, n.\u00ba 21.<\/li>\n<\/ul>\n<p><strong>Masculino<\/strong>:<\/p>\n<ul style=\"list-style-type: circle;\">\n<li>R. Micael Cardoso, 12.\u00ba A, n.\u00ba 19;<\/li>\n<li>Nelson Fernandes, 9.\u00ba B, n.\u00ba 19;<\/li>\n<li>R. Jorge Cardoso, 12.\u00ba A, n.\u00ba 18;<\/li>\n<li>Mauro Vaz Cardoso, 12.\u00ba A, n.\u00ba 15;<\/li>\n<li>Filipe Rodrigues, 12.\u00ba B, n.\u00ba 10;<\/li>\n<li>Lu\u00eds Lima, 12.\u00ba B, n.\u00ba 17.<\/li>\n<\/ul>\n","protected":false},"excerpt":{"rendered":"<p>Como j\u00e1 t\u00ednhamos noticiado anteriormente, realizou-se mais um Corta-Mato na nossa escola.<\/p>\n<p>Os primeiros 6 classificados da categoria Infantis A foram\u2026<\/p>\n<p>Feminino:<\/p>\n<p> D\u00e9bora Rodrigues, 5.\u00ba D, n.\u00ba 3; Ana Rita Pereira, 6.\u00ba A, n.\u00ba 3; Raquel Lob\u00e3o, 6.\u00ba B, n.\u00ba 17; Beatriz Neves, 5.\u00ba A, n.\u00ba 25; Ana Oliveira 5.\u00ba A, n.\u00ba 23; Sofia Correia [&#8230;]<\/p>\n","protected":false},"author":30,"featured_media":0,"comment_status":"open","ping_status":"open","sticky":false,"template":"","format":"standard","meta":{"jetpack_post_was_ever_published":false,"_jetpack_newsletter_access":"","_jetpack_dont_email_post_to_subs":false,"_jetpack_newsletter_tier_id":0,"_jetpack_memberships_contains_paywalled_content":false,"_jetpack_memberships_contains_paid_content":false,"footnotes":""},"categories":[74],"tags":[],"class_list":["post-289","post","type-post","status-publish","format-standard","hentry","category-torneios","odd"],"jetpack_featured_media_url":"","jetpack_sharing_enabled":true,"jetpack_shortlink":"https:\/\/wp.me\/paunJ5-4F","jetpack-related-posts":[{"id":283,"url":"https:\/\/blogs.ess-edu.pt\/ap12a2008\/2009\/02\/05\/corta-mato\/","url_meta":{"origin":289,"position":0},"title":"Corta-Mato","author":"Helena Sebastiana","date":"5 05+00:00 Fevereiro 05+00:00 2009","format":false,"excerpt":"Hoje, dia 5 de Fevereiro de 2009, realizou-se na nossa escola o t\u00e3o expectante corta-mato. Teve in\u00edcio \u00e0s 9 horas e 30 minutos e terminou pelas 11 horas e 15 minutos. Esta competi\u00e7\u00e3o dividiu-se em diversas categorias: Infantis A (98\/99); Infantis B (96\/97); Iniciados (94\/95); Juvenis (92\/93) e Juniores (91\u2026","rel":"","context":"In &quot;Torneios&quot;","block_context":{"text":"Torneios","link":"https:\/\/blogs.ess-edu.pt\/ap12a2008\/category\/torneios\/"},"img":{"alt_text":"","src":"","width":0,"height":0},"classes":[]},{"id":301,"url":"https:\/\/blogs.ess-edu.pt\/ap12a2008\/2009\/02\/26\/corta-mato-em-sernancelhe\/","url_meta":{"origin":289,"position":1},"title":"Corta-mato em Sernancelhe","author":"Helena Sebastiana","date":"26 26+00:00 Fevereiro 26+00:00 2009","format":false,"excerpt":"Amanh\u00e3, 18 de Fevereiro, os melhores classificados do corta-mato ir\u00e3o representar a nossa Escola, a n\u00edvel regional, em Sernancelhe. Como alunos desta escola e colegas dos participantes nesta competi\u00e7\u00e3o, esperamos que tudo corra da melhor forma e que os resultados sejam bastante positivos. Boa sorte a todos! Aten\u00e7\u00e3o \u00e0 partida!!!\u2026","rel":"","context":"In &quot;Torneios&quot;","block_context":{"text":"Torneios","link":"https:\/\/blogs.ess-edu.pt\/ap12a2008\/category\/torneios\/"},"img":{"alt_text":"","src":"","width":0,"height":0},"classes":[]},{"id":312,"url":"https:\/\/blogs.ess-edu.pt\/ap12a2008\/2009\/03\/10\/corta-mato-2\/","url_meta":{"origin":289,"position":2},"title":"Corta-mato&#8230;","author":"Helena Sebastiana","date":"10 10+00:00 Mar\u00e7o 10+00:00 2009","format":false,"excerpt":"\u00c9 com muito orgulho que anunciamos que o R\u00faben Pinto, no escal\u00e3o de Iniciados Masculinos, foi apurado para o Corta-mato nacional. For\u00e7a!!!","rel":"","context":"In &quot;Torneios&quot;","block_context":{"text":"Torneios","link":"https:\/\/blogs.ess-edu.pt\/ap12a2008\/category\/torneios\/"},"img":{"alt_text":"","src":"","width":0,"height":0},"classes":[]},{"id":313,"url":"https:\/\/blogs.ess-edu.pt\/ap12a2008\/2009\/03\/10\/resultados-do-mega-sprint\/","url_meta":{"origin":289,"position":3},"title":"Resultados do &#8220;Mega Sprint&#8221;","author":"Helena Sebastiana","date":"10 10+00:00 Mar\u00e7o 10+00:00 2009","format":false,"excerpt":"Aqui est\u00e3o as classifica\u00e7\u00f5es do \u201cMega Velocidade\u201d que se realizou no dia 26 de Fevereiro: Escal\u00e3o Nome Ano\/Turma Tempos Infantil A * Daniel Miguel 5\u00ba A 6,12 And\u00e9 5\u00ba C 6,32 Ana Rita Pereira 5\u00ba A 6,27 Raquel Lob\u00e3o 6\u00ba B 6,64 Infantil B * Samuel Santos 7\u00ba A 5,93\u2026","rel":"","context":"In &quot;Torneios&quot;","block_context":{"text":"Torneios","link":"https:\/\/blogs.ess-edu.pt\/ap12a2008\/category\/torneios\/"},"img":{"alt_text":"","src":"","width":0,"height":0},"classes":[]},{"id":311,"url":"https:\/\/blogs.ess-edu.pt\/ap12a2008\/2009\/03\/10\/visita-de-estudo-a-aveiro-10%c2%ba-ano\/","url_meta":{"origin":289,"position":4},"title":"Visita de estudo a Aveiro \u2013 10.\u00ba Ano","author":"Helena Sebastiana","date":"10 10+00:00 Mar\u00e7o 10+00:00 2009","format":false,"excerpt":"Na passada sexta-feira, dia 6 de Mar\u00e7o, as turmas A, B e C do d\u00e9cimo ano realizaram uma visita de estudo a Aveiro com o intuito de visitar as dunas de S\u00e3o Jacinto e a F\u00e1brica da Ci\u00eancia Viva. Pelas not\u00edcias que nos chegaram, os objectivos foram plenamente atingidos e\u2026","rel":"","context":"In &quot;Viagens de estudo&quot;","block_context":{"text":"Viagens de estudo","link":"https:\/\/blogs.ess-edu.pt\/ap12a2008\/category\/viagens-de-estudo\/"},"img":{"alt_text":"","src":"","width":0,"height":0},"classes":[]},{"id":459,"url":"https:\/\/blogs.ess-edu.pt\/ap12a2008\/2009\/05\/12\/testa-os-teus-conhecimentos-%e2%80%9c-memorial-do-convento%e2%80%9d\/","url_meta":{"origin":289,"position":5},"title":"TESTA OS TEUS CONHECIMENTOS: \u201c Memorial do Convento\u201d","author":"Helena Sebastiana","date":"12 12+00:00 Maio 12+00:00 2009","format":false,"excerpt":"1 - \u201cMemorial do Convento\u201d faz a exalta\u00e7\u00e3o da ac\u00e7\u00e3o governativa de D. Jo\u00e3o V. a)\u00a0\u00a0\u00a0\u00a0\u00a0\u00a0\u00a0\u00a0\u00a0\u00a0\u00a0\u00a0\u00a0\u00a0\u00a0\u00a0 Verdadeiro b)\u00a0\u00a0\u00a0\u00a0\u00a0\u00a0\u00a0\u00a0\u00a0\u00a0\u00a0\u00a0\u00a0\u00a0\u00a0\u00a0 Falso 2 - \u201cMemorial do Convento\u201d apresenta-nos uma vis\u00e3o restrita do Portugal do in\u00edcio do s\u00e9culo XVIII. a)\u00a0\u00a0\u00a0\u00a0\u00a0\u00a0\u00a0\u00a0\u00a0\u00a0\u00a0\u00a0\u00a0\u00a0\u00a0\u00a0 Verdadeiro b)\u00a0\u00a0\u00a0\u00a0\u00a0\u00a0\u00a0\u00a0\u00a0\u00a0\u00a0\u00a0\u00a0\u00a0\u00a0\u00a0 Falso 3 - \u201cMemorial do Convento\u201d \u00e9 uma narrativa hist\u00f3rica que abrange\u2026","rel":"","context":"In &quot;Curiosidades&quot;","block_context":{"text":"Curiosidades","link":"https:\/\/blogs.ess-edu.pt\/ap12a2008\/category\/curiosidades\/"},"img":{"alt_text":"","src":"","width":0,"height":0},"classes":[]}],"_links":{"self":[{"href":"https:\/\/blogs.ess-edu.pt\/ap12a2008\/wp-json\/wp\/v2\/posts\/289","targetHints":{"allow":["GET"]}}],"collection":[{"href":"https:\/\/blogs.ess-edu.pt\/ap12a2008\/wp-json\/wp\/v2\/posts"}],"about":[{"href":"https:\/\/blogs.ess-edu.pt\/ap12a2008\/wp-json\/wp\/v2\/types\/post"}],"author":[{"embeddable":true,"href":"https:\/\/blogs.ess-edu.pt\/ap12a2008\/wp-json\/wp\/v2\/users\/30"}],"replies":[{"embeddable":true,"href":"https:\/\/blogs.ess-edu.pt\/ap12a2008\/wp-json\/wp\/v2\/comments?post=289"}],"version-history":[{"count":0,"href":"https:\/\/blogs.ess-edu.pt\/ap12a2008\/wp-json\/wp\/v2\/posts\/289\/revisions"}],"wp:attachment":[{"href":"https:\/\/blogs.ess-edu.pt\/ap12a2008\/wp-json\/wp\/v2\/media?parent=289"}],"wp:term":[{"taxonomy":"category","embeddable":true,"href":"https:\/\/blogs.ess-edu.pt\/ap12a2008\/wp-json\/wp\/v2\/categories?post=289"},{"taxonomy":"post_tag","embeddable":true,"href":"https:\/\/blogs.ess-edu.pt\/ap12a2008\/wp-json\/wp\/v2\/tags?post=289"}],"curies":[{"name":"wp","href":"https:\/\/api.w.org\/{rel}","templated":true}]}}