{"id":293,"date":"2009-02-12T17:13:17","date_gmt":"2009-02-12T17:13:17","guid":{"rendered":"http:\/\/blogs.ess-edu.pt\/ap12a2008\/?p=293"},"modified":"2024-07-15T21:23:25","modified_gmt":"2024-07-15T21:23:25","slug":"curso-administracao-e-marketing","status":"publish","type":"post","link":"https:\/\/blogs.ess-edu.pt\/ap12a2008\/2009\/02\/12\/curso-administracao-e-marketing\/","title":{"rendered":"Curso: Administra\u00e7\u00e3o e Marketing"},"content":{"rendered":"<p>A licenciatura em Administra\u00e7\u00e3o e Marketing visa a forma\u00e7\u00e3o de recursos humanos altamente qualificados, direccionados para o desempenho de actividades t\u00e9cnicas e de coordena\u00e7\u00e3o nas \u00e1reas funcionais de gest\u00e3o e marketing.<\/p>\n<p>Pretende-se transmitir e aplicar directamente os conhecimentos na \u00e1rea de forma\u00e7\u00e3o em actividades de car\u00e1cter profissional, bem como empreender um esfor\u00e7o proactivo de cont\u00ednua revis\u00e3o e actualiza\u00e7\u00e3o dos conte\u00fados program\u00e1ticos, complementado com a actualiza\u00e7\u00e3o de inovadoras e diversificadas ferramentas pedag\u00f3gicas.<\/p>\n<p><strong>As sa\u00eddas profissionais s\u00e3o<\/strong>: Director de marketing, Director comercial, Director de Comunica\u00e7\u00e3o, Brand manager, Gestor de produto, Assistente de marketing, Gestor de clientes, Consultor de marketing, Rela\u00e7\u00f5es p\u00fablicas, T\u00e9cnico de estudo de mercado, Quadro superior de gest\u00e3o, docente para os diversos graus de ensino, Gestor de empresas ou de institui\u00e7\u00f5es p\u00fablicas e Empres\u00e1rio.<\/p>\n<p><strong>Ramo Publicidade<\/strong>: Executivo, Supervisor ou Director de Contas, Director Criativo, Art Director, Copy Writer, Planeador, Supervisor ou Director de Meios, Negociador de Espa\u00e7o, Copy Criativo no Direct Marketing, TV Producer\u00a0 e Gest\u00e3o de Projectos de Comunica\u00e7\u00e3o na \u00c1rea do New Media.<\/p>\n<p><strong>Universidades, Institutos e Escolas Superiores<\/strong>:<\/p>\n<ul style=\"list-style-type: circle;\">\n<li>Universidade da Beira Interior, Instituto Superior de Contabilidade e Administra\u00e7\u00e3o de Aveiro, Escola Superior de Tecnologia e Gest\u00e3o de Mirandela, Escola Superior de Gest\u00e3o de Idanha-a-Nova, Escola Superior de Tecnologia e Gest\u00e3o de Oliveira do Hospital, Escola Superior de Tecnologia e Gest\u00e3o da Guarda, Escola Superior de Tecnologia e Gest\u00e3o de Leiria e Escola Superior de Comunica\u00e7\u00e3o Social de Lisboa.<br \/>\n&#8211; As provas de ingresso para entrada s\u00e3o: Economia (05) ou Portugu\u00eas (18) ou Matem\u00e1tica (16).<\/li>\n<li>Escola Superior de Tecnologia e Gest\u00e3o de Portalegre, Escola Superior de Gest\u00e3o de Santar\u00e9m e Escola Superior de Ci\u00eancias Empresariais de Set\u00fabal.<br \/>\n&#8211; As provas de ingresso s\u00e3o: Economia (04), Portugu\u00eas (18), Matem\u00e1tica (16).<\/li>\n<li>Instituto Superior de Contabilidade e Administra\u00e7\u00e3o do Porto.<br \/>\n&#8211; As provas de ingresso \u00e9 umas das seguintes: Portugu\u00eas (16), Geografia (09), Economia (04).<\/li>\n<li>Na Escola Superior de Tecnologias de Viseu as provas de ingresso admiss\u00edveis \u00e9 uma das seguintes: Economia (04), Matem\u00e1tica (16), Matem\u00e1tica Aplicada \u00e0s Ci\u00eancias Sociais (17)<\/li>\n<li>No Instituto Superior de Ci\u00eancias do Trabalho e da Empresa as provas de ingresso admiss\u00edveis s\u00e3o um dos conjuntos:<br \/>\n&#8211; Economia e Matem\u00e1tica A;<br \/>\n&#8211;\u00a0Geografia e Matem\u00e1tica A;<br \/>\n&#8211; Matem\u00e1tica A e Portugu\u00eas.<\/li>\n<\/ul>\n","protected":false},"excerpt":{"rendered":"<p>A licenciatura em Administra\u00e7\u00e3o e Marketing visa a forma\u00e7\u00e3o de recursos humanos altamente qualificados, direccionados para o desempenho de actividades t\u00e9cnicas e de coordena\u00e7\u00e3o nas \u00e1reas funcionais de gest\u00e3o e marketing.<\/p>\n<p>Pretende-se transmitir e aplicar directamente os conhecimentos na \u00e1rea de forma\u00e7\u00e3o em actividades de car\u00e1cter profissional, bem como empreender um esfor\u00e7o proactivo de cont\u00ednua [&#8230;]<\/p>\n","protected":false},"author":30,"featured_media":0,"comment_status":"open","ping_status":"open","sticky":false,"template":"","format":"standard","meta":{"jetpack_post_was_ever_published":false,"_jetpack_newsletter_access":"","_jetpack_dont_email_post_to_subs":false,"_jetpack_newsletter_tier_id":0,"_jetpack_memberships_contains_paywalled_content":false,"_jetpack_memberships_contains_paid_content":false,"footnotes":""},"categories":[77],"tags":[],"class_list":["post-293","post","type-post","status-publish","format-standard","hentry","category-e-agora","odd"],"jetpack_featured_media_url":"","jetpack_sharing_enabled":true,"jetpack_shortlink":"https:\/\/wp.me\/paunJ5-4J","jetpack-related-posts":[{"id":518,"url":"https:\/\/blogs.ess-edu.pt\/ap12a2008\/2009\/05\/26\/medias-de-acesso-200809-porto\/","url_meta":{"origin":293,"position":0},"title":"M\u00e9dias de Acesso 2008\/09 &#8211; Porto","author":"Helena Sebastiana","date":"26 26+00:00 Maio 26+00:00 2009","format":false,"excerpt":"Universidade do Porto: \u00a0 Faculdade de Ci\u00eancias da Nutri\u00e7\u00e3o e Alimenta\u00e7\u00e3o: \u00a0 Ci\u00eancias da Nutri\u00e7\u00e3o.................................................................................................. 161,3 \u00a0 Faculdade de Arquitectura: \u00a0 Arquitectura............................................................................................................... 180,0 Arquitectura Paisagista.............................................................................................. 140,0 \u00a0 Faculdade de Ci\u00eancias: \u00a0 Biologia....................................................................................................................... 144,0 Bioqu\u00edmica.................................................................................................................. 161,0 F\u00edsica........................................................................................................................... 116,5 Geologia..................................................................................................................... 126,5 Matem\u00e1tica................................................................................................................ 128,0 Qu\u00edmica...................................................................................................................... 111,5 Engenharia F\u00edsica....................................................................................................... 137,5 Astronomia................................................................................................................. 127,0 Ci\u00eancia de\u2026","rel":"","context":"In &quot;E agora?...&quot;","block_context":{"text":"E agora?...","link":"https:\/\/blogs.ess-edu.pt\/ap12a2008\/category\/e-agora\/"},"img":{"alt_text":"","src":"","width":0,"height":0},"classes":[]},{"id":478,"url":"https:\/\/blogs.ess-edu.pt\/ap12a2008\/2009\/05\/14\/medias-de-acesso-200809-lisboa\/","url_meta":{"origin":293,"position":1},"title":"M\u00e9dias de acesso 2008\/09 &#8211; Lisboa","author":"Helena Sebastiana","date":"14 14+00:00 Maio 14+00:00 2009","format":false,"excerpt":"Lisboa Universidade de Lisboa: \u00a0 Faculdade de Medicina Dent\u00e1ria: \u00a0 Medicina Dent\u00e1ria..................................................................................................... 173,0 Higiene Oral............................................................................................................... 142,5 Pr\u00f3tese Dent\u00e1ria........................................................................................................ 140,5 \u00a0 Faculdade de Belas-Artes: \u00a0 Design de Comunica\u00e7\u00e3o............................................................................................. 161,5 Design de Equipamento............................................................................................. 154,0 Escultura..................................................................................................................... 144,5 Pintura........................................................................................................................ 152,0 Ci\u00eancias da Arte e do Patrim\u00f3nio (regime p\u00f3s-laboral)............................................ 125,0 Arte Multim\u00e9dia......................................................................................................... 154,5 \u00a0 Faculdade\u2026","rel":"","context":"In &quot;E agora?...&quot;","block_context":{"text":"E agora?...","link":"https:\/\/blogs.ess-edu.pt\/ap12a2008\/category\/e-agora\/"},"img":{"alt_text":"","src":"","width":0,"height":0},"classes":[]},{"id":501,"url":"https:\/\/blogs.ess-edu.pt\/ap12a2008\/2009\/05\/19\/robotmania-verao-2009\/","url_meta":{"origin":293,"position":2},"title":"Robotmania (Ver\u00e3o 2009)","author":"Helena Sebastiana","date":"19 19+00:00 Maio 19+00:00 2009","format":false,"excerpt":"Ir\u00e1 decorrer de 13 a 17 de Julho, durante a tarde, na Escola Superior de Tecnologia e Gest\u00e3o de Lamego, um conjunto de actividades relacionadas com rob\u00f3tica para alunos do secund\u00e1rio. As actividades a desenvolver passar\u00e3o pela defini\u00e7\u00e3o de uma tarefa espec\u00edfica a cumprir pelos Robots, a constru\u00e7\u00e3o e programa\u00e7\u00e3o\u2026","rel":"","context":"In &quot;Eventos&quot;","block_context":{"text":"Eventos","link":"https:\/\/blogs.ess-edu.pt\/ap12a2008\/category\/eventos\/"},"img":{"alt_text":"","src":"","width":0,"height":0},"classes":[]},{"id":295,"url":"https:\/\/blogs.ess-edu.pt\/ap12a2008\/2009\/02\/26\/clube-de-jornalismo\/","url_meta":{"origin":293,"position":3},"title":"Clube de Jornalismo","author":"Helena Sebastiana","date":"26 26+00:00 Fevereiro 26+00:00 2009","format":false,"excerpt":"1. Quais as finalidades deste Clube? R: As finalidades do Clube passam pelo desenvolvimento da express\u00e3o escrita, pelo est\u00edmulo do gosto pelo texto jornal\u00edstico e pelo apoio que \u00e9 dado ao jornal da nossa escola \u201cEscola Aberta\u201d. 2. Que actividades s\u00e3o realizadas neste Clube? R: Essencialmente, a produ\u00e7\u00e3o de texto\u2026","rel":"","context":"In &quot;Clubes&quot;","block_context":{"text":"Clubes","link":"https:\/\/blogs.ess-edu.pt\/ap12a2008\/category\/clubes\/"},"img":{"alt_text":"","src":"","width":0,"height":0},"classes":[]},{"id":170,"url":"https:\/\/blogs.ess-edu.pt\/ap12a2008\/2008\/12\/16\/accao-de-formacao-sobre-a-prevencao-rodoviaria\/","url_meta":{"origin":293,"position":4},"title":"Ac\u00e7\u00e3o de Forma\u00e7\u00e3o sobre a Preven\u00e7\u00e3o Rodovi\u00e1ria","author":"Helena Sebastiana","date":"16 16+00:00 Dezembro 16+00:00 2008","format":false,"excerpt":"No passado dia 15 de Dezembro, foi realizado na Escola uma Ac\u00e7\u00e3o de Forma\u00e7\u00e3o sobre a Preven\u00e7\u00e3o Rodovi\u00e1ria. O p\u00fablico-alvo era constitu\u00eddo pelas turmas do 5.\u00ba ano. Esta ac\u00e7\u00e3o foi dirigida por agentes da PSP que alertaram os mais novos para os perigos rodovi\u00e1rios, com o intuito de prevenir futuros\u2026","rel":"","context":"In &quot;Eventos&quot;","block_context":{"text":"Eventos","link":"https:\/\/blogs.ess-edu.pt\/ap12a2008\/category\/eventos\/"},"img":{"alt_text":"","src":"","width":0,"height":0},"classes":[]},{"id":167,"url":"https:\/\/blogs.ess-edu.pt\/ap12a2008\/2008\/12\/16\/accao-de-formacao-sobre-a-sida\/","url_meta":{"origin":293,"position":5},"title":"Ac\u00e7\u00e3o de Forma\u00e7\u00e3o sobre a SIDA","author":"Helena Sebastiana","date":"16 16+00:00 Dezembro 16+00:00 2008","format":false,"excerpt":"No passado dia onze de Dezembro de dois mil e oito, por volta das catorze horas e trinta minutos, realizou-se na nossa escola, mais uma ac\u00e7\u00e3o de forma\u00e7\u00e3o. Esta ac\u00e7\u00e3o de forma\u00e7\u00e3o tinha como objectivo alertar sobre os riscos que se correm quando n\u00e3o existe preven\u00e7\u00e3o. Foi dinamizada por enfermeiras\u2026","rel":"","context":"In &quot;Eventos&quot;","block_context":{"text":"Eventos","link":"https:\/\/blogs.ess-edu.pt\/ap12a2008\/category\/eventos\/"},"img":{"alt_text":"","src":"","width":0,"height":0},"classes":[]}],"_links":{"self":[{"href":"https:\/\/blogs.ess-edu.pt\/ap12a2008\/wp-json\/wp\/v2\/posts\/293","targetHints":{"allow":["GET"]}}],"collection":[{"href":"https:\/\/blogs.ess-edu.pt\/ap12a2008\/wp-json\/wp\/v2\/posts"}],"about":[{"href":"https:\/\/blogs.ess-edu.pt\/ap12a2008\/wp-json\/wp\/v2\/types\/post"}],"author":[{"embeddable":true,"href":"https:\/\/blogs.ess-edu.pt\/ap12a2008\/wp-json\/wp\/v2\/users\/30"}],"replies":[{"embeddable":true,"href":"https:\/\/blogs.ess-edu.pt\/ap12a2008\/wp-json\/wp\/v2\/comments?post=293"}],"version-history":[{"count":0,"href":"https:\/\/blogs.ess-edu.pt\/ap12a2008\/wp-json\/wp\/v2\/posts\/293\/revisions"}],"wp:attachment":[{"href":"https:\/\/blogs.ess-edu.pt\/ap12a2008\/wp-json\/wp\/v2\/media?parent=293"}],"wp:term":[{"taxonomy":"category","embeddable":true,"href":"https:\/\/blogs.ess-edu.pt\/ap12a2008\/wp-json\/wp\/v2\/categories?post=293"},{"taxonomy":"post_tag","embeddable":true,"href":"https:\/\/blogs.ess-edu.pt\/ap12a2008\/wp-json\/wp\/v2\/tags?post=293"}],"curies":[{"name":"wp","href":"https:\/\/api.w.org\/{rel}","templated":true}]}}