{"id":294,"date":"2009-02-26T16:20:03","date_gmt":"2009-02-26T16:20:03","guid":{"rendered":"http:\/\/blogs.ess-edu.pt\/ap12a2008\/?p=294"},"modified":"2024-07-15T21:24:40","modified_gmt":"2024-07-15T21:24:40","slug":"forte-de-sao-juliao-da-barra","status":"publish","type":"post","link":"https:\/\/blogs.ess-edu.pt\/ap12a2008\/2009\/02\/26\/forte-de-sao-juliao-da-barra\/","title":{"rendered":"Forte de S\u00e3o Juli\u00e3o da Barra"},"content":{"rendered":"<p><a href=\"https:\/\/farm4.static.flickr.com\/3074\/2779328988_ce2580cac4.jpg?v=0\">O Forte de S\u00e3o Juli\u00e3o<\/a> da Barra come\u00e7ou a ser constru\u00eddo no reinado de D. Jo\u00e3o III, no s\u00e9culo XVI, e foi ampliado ao longo dos s\u00e9culos. Actualmente, \u00e9 considerada a maior constru\u00e7\u00e3o de defesa mar\u00edtima existente em Portugal.<\/p>\n<p>O forte n\u00e3o teve muita utiliza\u00e7\u00e3o. A \u00fanica vez que foi atacado foi por terra, a sua parte mais vulner\u00e1vel, acabando por ser tomado em 1807 pelas for\u00e7as francesas e reconquistado em 1808 pelas for\u00e7as inglesas, nossas aliadas.\u00a0Mais tarde, foi devolvido\u00a0\u00e0 administra\u00e7\u00e3o portuguesa.<\/p>\n<p>Tamb\u00e9m foi utilizado como pris\u00e3o pol\u00edtica.<\/p>\n<p>Os locais mais fascinantes do forte s\u00e3o as <a href=\"https:\/\/euroveloportugal.com\/files\/2016\/02\/Forte-de-S-peqgrande.jpg\">muralhas<\/a>, as masmorras e a <a href=\"https:\/\/web.archive.org\/web\/20191007022810\/https:\/\/farm1.static.flickr.com\/59\/156325939_44cfcfd682.jpg?v=0\">cisterna<\/a> que \u00e9 utilizada, hoje em dia, como sal\u00e3o de recep\u00e7\u00f5es.<\/p>\n<p>Actualmente, o forte pertence ao Minist\u00e9rio da Defesa.<\/p>\n","protected":false},"excerpt":{"rendered":"<p>O Forte de S\u00e3o Juli\u00e3o da Barra come\u00e7ou a ser constru\u00eddo no reinado de D. Jo\u00e3o III, no s\u00e9culo XVI, e foi ampliado ao longo dos s\u00e9culos. Actualmente, \u00e9 considerada a maior constru\u00e7\u00e3o de defesa mar\u00edtima existente em Portugal.<\/p>\n<p>O forte n\u00e3o teve muita utiliza\u00e7\u00e3o. A \u00fanica vez que foi atacado foi por terra, a [&#8230;]<\/p>\n","protected":false},"author":30,"featured_media":0,"comment_status":"open","ping_status":"open","sticky":false,"template":"","format":"standard","meta":{"jetpack_post_was_ever_published":false,"_jetpack_newsletter_access":"","_jetpack_dont_email_post_to_subs":false,"_jetpack_newsletter_tier_id":0,"_jetpack_memberships_contains_paywalled_content":false,"_jetpack_memberships_contains_paid_content":false,"footnotes":""},"categories":[78],"tags":[],"class_list":["post-294","post","type-post","status-publish","format-standard","hentry","category-viagens-de-estudo","odd"],"jetpack_featured_media_url":"","jetpack_sharing_enabled":true,"jetpack_shortlink":"https:\/\/wp.me\/paunJ5-4K","jetpack-related-posts":[{"id":359,"url":"https:\/\/blogs.ess-edu.pt\/ap12a2008\/2009\/04\/23\/a-nossa-visita-de-estudo\/","url_meta":{"origin":294,"position":0},"title":"A nossa visita de Estudo&#8230;","author":"Helena Sebastiana","date":"23 23+00:00 Abril 23+00:00 2009","format":false,"excerpt":"Foi no dia 17 de Abril que as tr\u00eas turmas do 12.\u00ba ano da nossa escola partiram em direc\u00e7\u00e3o \u00e0 melhor visita de estudo de sempre. O roteiro desta viagem contemplava s\u00edtios e monumentos magn\u00edficos de Lisboa, Mafra e \u00d3bidos. Foi \u00e0s oito horas que sa\u00edmos da nossa escola em\u2026","rel":"","context":"In &quot;Viagens de estudo&quot;","block_context":{"text":"Viagens de estudo","link":"https:\/\/blogs.ess-edu.pt\/ap12a2008\/category\/viagens-de-estudo\/"},"img":{"alt_text":"img_44071","src":"https:\/\/i0.wp.com\/blogs.ess-edu.pt\/ap12a2008\/files\/2009\/04\/img_44071-225x300.jpg?resize=350%2C200&ssl=1","width":350,"height":200},"classes":[]},{"id":471,"url":"https:\/\/blogs.ess-edu.pt\/ap12a2008\/2009\/05\/12\/viagem-de-estudo-a-lisboa-mafra-e-obidos-by-mika\/","url_meta":{"origin":294,"position":1},"title":"Viagem de Estudo a Lisboa, Mafra e \u00d3bidos &#8211; By Mik\u00e1","author":"Helena Sebastiana","date":"12 12+00:00 Maio 12+00:00 2009","format":false,"excerpt":"Nos passados dias 17 e 18 de Abril, as tr\u00eas turmas do 12.\u00ba ano participaram numa viagem por terras de Lisboa, Mafra e \u00d3bidos. Sa\u00edmos de Lamego por volta das oito horas. E inici\u00e1mos a viagem em direc\u00e7\u00e3o a Lisboa. A visita tinha como locais a visitar, o Caf\u00e9 Martinho\u2026","rel":"","context":"In &quot;Viagens de estudo&quot;","block_context":{"text":"Viagens de estudo","link":"https:\/\/blogs.ess-edu.pt\/ap12a2008\/category\/viagens-de-estudo\/"},"img":{"alt_text":"100_17691","src":"https:\/\/i0.wp.com\/blogs.ess-edu.pt\/ap12a2008\/files\/2009\/05\/100_17691-300x224.jpg?resize=350%2C200&ssl=1","width":350,"height":200},"classes":[]},{"id":467,"url":"https:\/\/blogs.ess-edu.pt\/ap12a2008\/2009\/05\/12\/experiencia-pessoal-da-viagem-de-estudo-a-lisboa-mafra-e-obidos\/","url_meta":{"origin":294,"position":2},"title":"Experi\u00eancia pessoal da viagem de estudo a Lisboa, Mafra e \u00d3bidos","author":"Helena Sebastiana","date":"12 12+00:00 Maio 12+00:00 2009","format":false,"excerpt":"Inesquec\u00edvel \u00e9 com certeza a palavra que define esta viagem de estudo. A escola j\u00e1 me proporcionou, felizmente, v\u00e1rias viagens de estudo, mas nenhuma se pode comparar a esta. Quero come\u00e7ar a recordar, mas \u00e9-me dif\u00edcil\u2026 N\u00e3o sei se \u00e9 pelos lugares sensacionais que visit\u00e1mos, pelos momentos que pass\u00e1mos ou\u2026","rel":"","context":"In &quot;Viagens de estudo&quot;","block_context":{"text":"Viagens de estudo","link":"https:\/\/blogs.ess-edu.pt\/ap12a2008\/category\/viagens-de-estudo\/"},"img":{"alt_text":"clip_image0025","src":"https:\/\/i0.wp.com\/blogs.ess-edu.pt\/ap12a2008\/files\/2009\/05\/clip_image0025-300x224.jpg?resize=350%2C200&ssl=1","width":350,"height":200},"classes":[]},{"id":278,"url":"https:\/\/blogs.ess-edu.pt\/ap12a2008\/2009\/02\/03\/possivel-viagem-de-estudo-a-lisboa-e-mafra-12%c2%ba-ano\/","url_meta":{"origin":294,"position":3},"title":"Poss\u00edvel viagem de estudo a Lisboa e Mafra &#8211; 12.\u00ba Ano","author":"Helena Sebastiana","date":"3 03+00:00 Fevereiro 03+00:00 2009","format":false,"excerpt":"Nos dias 17 e 18 de Abril de 2009, ir\u00e1 realizar-se a viagem de estudo do 12.\u00ba ano. No primeiro dia, sairemos da escola por volta das oito horas em direc\u00e7\u00e3o a Lisboa onde visitaremos a casa onde nasceu Fernando Pessoa, e o caf\u00e9 que frequentava. Tamb\u00e9m iremos desfrutar da\u2026","rel":"","context":"In &quot;Viagens de estudo&quot;","block_context":{"text":"Viagens de estudo","link":"https:\/\/blogs.ess-edu.pt\/ap12a2008\/category\/viagens-de-estudo\/"},"img":{"alt_text":"","src":"","width":0,"height":0},"classes":[]},{"id":554,"url":"https:\/\/blogs.ess-edu.pt\/ap12a2008\/2009\/06\/04\/a-minha-passagem-pela-escola-20062009-6\/","url_meta":{"origin":294,"position":4},"title":"A minha passagem pela escola &#8211; 2006\/2009","author":"Helena Sebastiana","date":"4 04+00:00 Junho 04+00:00 2009","format":false,"excerpt":"A minha passagem por esta escola foi toda ela m\u00e1gica e especial\u2026 mas por outro lado. Neste momento, estou a sentir-me triste, ao pensar que nunca mais vamos estar juntos desta maneira, nunca mais vamos rir das piadas uns dos outros, nunca mais vamos estar presentes nos momentos de maior\u2026","rel":"","context":"In &quot;A minha passagem pela escola&quot;","block_context":{"text":"A minha passagem pela escola","link":"https:\/\/blogs.ess-edu.pt\/ap12a2008\/category\/a-minha-passagem-pela-escola\/"},"img":{"alt_text":"","src":"","width":0,"height":0},"classes":[]},{"id":382,"url":"https:\/\/blogs.ess-edu.pt\/ap12a2008\/2009\/04\/30\/a-minha-viagem-de-finalistas-by-precious\/","url_meta":{"origin":294,"position":5},"title":"A minha viagem de Finalistas &#8211; By Precious","author":"Helena Sebastiana","date":"30 30+00:00 Abril 30+00:00 2009","format":false,"excerpt":"Vai fazer dia 27 um m\u00eas, que partimos rumo \u00e0quela que se tornou a melhor viagem de sempre para muitos finalistas\u2026 Olhando para tr\u00e1s \u00e9-me dif\u00edcil falar sobre ela, pois foi uma semana inesquec\u00edvel, em que pudemos aprender, em que pudemos \u201csocializar\u201d, em que pudemos divertir-nos at\u00e9 n\u00e3o poder mais.\u2026","rel":"","context":"In &quot;Finalistas&quot;","block_context":{"text":"Finalistas","link":"https:\/\/blogs.ess-edu.pt\/ap12a2008\/category\/finalistas\/"},"img":{"alt_text":"The Best!","src":"https:\/\/i0.wp.com\/blogs.ess-edu.pt\/ap12a2008\/files\/2009\/04\/clip_image0024-300x224.jpg?resize=350%2C200&ssl=1","width":350,"height":200},"classes":[]}],"_links":{"self":[{"href":"https:\/\/blogs.ess-edu.pt\/ap12a2008\/wp-json\/wp\/v2\/posts\/294","targetHints":{"allow":["GET"]}}],"collection":[{"href":"https:\/\/blogs.ess-edu.pt\/ap12a2008\/wp-json\/wp\/v2\/posts"}],"about":[{"href":"https:\/\/blogs.ess-edu.pt\/ap12a2008\/wp-json\/wp\/v2\/types\/post"}],"author":[{"embeddable":true,"href":"https:\/\/blogs.ess-edu.pt\/ap12a2008\/wp-json\/wp\/v2\/users\/30"}],"replies":[{"embeddable":true,"href":"https:\/\/blogs.ess-edu.pt\/ap12a2008\/wp-json\/wp\/v2\/comments?post=294"}],"version-history":[{"count":0,"href":"https:\/\/blogs.ess-edu.pt\/ap12a2008\/wp-json\/wp\/v2\/posts\/294\/revisions"}],"wp:attachment":[{"href":"https:\/\/blogs.ess-edu.pt\/ap12a2008\/wp-json\/wp\/v2\/media?parent=294"}],"wp:term":[{"taxonomy":"category","embeddable":true,"href":"https:\/\/blogs.ess-edu.pt\/ap12a2008\/wp-json\/wp\/v2\/categories?post=294"},{"taxonomy":"post_tag","embeddable":true,"href":"https:\/\/blogs.ess-edu.pt\/ap12a2008\/wp-json\/wp\/v2\/tags?post=294"}],"curies":[{"name":"wp","href":"https:\/\/api.w.org\/{rel}","templated":true}]}}