{"id":296,"date":"2009-02-26T16:36:27","date_gmt":"2009-02-26T16:36:27","guid":{"rendered":"http:\/\/blogs.ess-edu.pt\/ap12a2008\/?p=296"},"modified":"2024-07-15T21:38:06","modified_gmt":"2024-07-15T21:38:06","slug":"peca-de-teatro-os-loucos-anos-20-20-de-fevereiro","status":"publish","type":"post","link":"https:\/\/blogs.ess-edu.pt\/ap12a2008\/2009\/02\/26\/peca-de-teatro-os-loucos-anos-20-20-de-fevereiro\/","title":{"rendered":"Pe\u00e7a de Teatro &#8220;Os Loucos Anos 20&#8221; (20 de Fevereiro)"},"content":{"rendered":"<p>Na passada sexta-feira, dia 20 de Fevereiro de 2009, \u00faltimo dia de aulas antes do Carnaval, algumas turmas da escola puderam assistir a uma pe\u00e7a de teatro.<\/p>\n<p>\u201cOs loucos anos 20\u201d. Era assim que se chamava a pe\u00e7a que tinha como finalidade mostrar a evolu\u00e7\u00e3o do estatuto da mulher na sociedade. Nem sempre foi f\u00e1cil!<\/p>\n<p>Desde j\u00e1, damos os parab\u00e9ns ao desempenho\u00a0dos actores. Pareciam profissionais!<\/p>\n<p>Ficamos \u00e0 espera de mais iniciativas com esta qualidade!<\/p>\n<p><a href=\"http:\/\/photos1.hi5.com\/0076\/879\/328\/j2Y4FA879328-02.jpg\">Aqui est\u00e3o alguns dos actores!<\/a><\/p>\n<p class=\"MsoNormal\" style=\"margin: 0cm 0cm 0pt; text-align: justify;\">\n","protected":false},"excerpt":{"rendered":"<p>Na passada sexta-feira, dia 20 de Fevereiro de 2009, \u00faltimo dia de aulas antes do Carnaval, algumas turmas da escola puderam assistir a uma pe\u00e7a de teatro.<\/p>\n<p>\u201cOs loucos anos 20\u201d. Era assim que se chamava a pe\u00e7a que tinha como finalidade mostrar a evolu\u00e7\u00e3o do estatuto da mulher na sociedade. Nem sempre foi f\u00e1cil!<\/p>\n<p> [&#8230;]<\/p>\n","protected":false},"author":30,"featured_media":0,"comment_status":"open","ping_status":"open","sticky":false,"template":"","format":"standard","meta":{"jetpack_post_was_ever_published":false,"_jetpack_newsletter_access":"","_jetpack_dont_email_post_to_subs":false,"_jetpack_newsletter_tier_id":0,"_jetpack_memberships_contains_paywalled_content":false,"_jetpack_memberships_contains_paid_content":false,"footnotes":""},"categories":[76],"tags":[],"class_list":["post-296","post","type-post","status-publish","format-standard","hentry","category-eventos","odd"],"jetpack_featured_media_url":"","jetpack_sharing_enabled":true,"jetpack_shortlink":"https:\/\/wp.me\/paunJ5-4M","jetpack-related-posts":[{"id":409,"url":"https:\/\/blogs.ess-edu.pt\/ap12a2008\/2009\/04\/30\/peca-de-teatro\/","url_meta":{"origin":296,"position":0},"title":"Pe\u00e7a de Teatro!","author":"Helena Sebastiana","date":"30 30+00:00 Abril 30+00:00 2009","format":false,"excerpt":"Hoje, dia 30 de Abril, no Audit\u00f3rio, os nossos colegas do 10.\u00ba A, celebrando o Dia das L\u00ednguas, representaram uma pe\u00e7a intitulada \u201cConfus\u00e3o ou Comunica\u00e7\u00e3o?\u201d. Dirigida aos alunos dos 5.\u00ba e 6.\u00ba anos, teve como objectivo demonstrar a import\u00e2ncia da diversidade lingu\u00edstica e incentivar os alunos a aprenderem novas l\u00ednguas.","rel":"","context":"In &quot;Eventos&quot;","block_context":{"text":"Eventos","link":"https:\/\/blogs.ess-edu.pt\/ap12a2008\/category\/eventos\/"},"img":{"alt_text":"imagem0681","src":"https:\/\/i0.wp.com\/blogs.ess-edu.pt\/ap12a2008\/files\/2009\/04\/imagem0681-300x225.jpg?resize=350%2C200&ssl=1","width":350,"height":200},"classes":[]},{"id":161,"url":"https:\/\/blogs.ess-edu.pt\/ap12a2008\/2008\/12\/16\/peca-de-teatro-sabios-como-camelos\/","url_meta":{"origin":296,"position":1},"title":"Pe\u00e7a de Teatro: &#8220;S\u00e1bios como Camelos!&#8221;","author":"Helena Sebastiana","date":"16 16+00:00 Dezembro 16+00:00 2008","format":false,"excerpt":"Hoje, dia 16 de Dezembro, est\u00e1 a ser representada, no Audit\u00f3rio da Escola, uma pequena pe\u00e7a de teatro designada por \"S\u00e1bios como Camelos!\". Esta pe\u00e7a de teatro est\u00e1 a ser coordenada e dinamizada pela Oficina de Express\u00f5es. O p\u00fablico-alvo \u00e9 constitu\u00eddo pelas turmas do 5.\u00ba e 6.\u00ba anos.","rel":"","context":"In &quot;Eventos&quot;","block_context":{"text":"Eventos","link":"https:\/\/blogs.ess-edu.pt\/ap12a2008\/category\/eventos\/"},"img":{"alt_text":"","src":"","width":0,"height":0},"classes":[]},{"id":510,"url":"https:\/\/blogs.ess-edu.pt\/ap12a2008\/2009\/05\/21\/o-jantar-em-homenagem-aos-professores-e-funcionarios-reformados\/","url_meta":{"origin":296,"position":2},"title":"O jantar em homenagem aos professores e funcion\u00e1rios reformados","author":"Helena Sebastiana","date":"21 21+00:00 Maio 21+00:00 2009","format":false,"excerpt":"Na passada ter\u00e7a-feira, dia 19, realizou-se um jantar na escola dedicado aos professores e funcion\u00e1rios que se reformaram desde 2005. O jantar de conv\u00edvio foi seguido por uma pe\u00e7a de teatro encenada pelos professores, \u201cO percurso dos professores\u201d, e foi visualizado tamb\u00e9m o filme \u201cA nossa escola\u201d, realizado pela nossa\u2026","rel":"","context":"In &quot;Aconteceu...&quot;","block_context":{"text":"Aconteceu...","link":"https:\/\/blogs.ess-edu.pt\/ap12a2008\/category\/aconteceu\/"},"img":{"alt_text":"","src":"","width":0,"height":0},"classes":[]},{"id":386,"url":"https:\/\/blogs.ess-edu.pt\/ap12a2008\/2009\/04\/30\/a-minha-viagem-de-finalistas-by-sandra\/","url_meta":{"origin":296,"position":3},"title":"A minha viagem de Finalistas &#8211; By Sandra","author":"Helena Sebastiana","date":"30 30+00:00 Abril 30+00:00 2009","format":false,"excerpt":"Sem d\u00favida, \u00e9 dif\u00edcil traduzir em palavras o qu\u00e3o grandiosa foi esta viagem. Tudo come\u00e7ou quando o autocarro com destino a Lloret chegou a Lamego, nem quer\u00edamos acreditar que a viagem que prepar\u00e1mos durante meses e com que sonh\u00e1mos, ao longo de anos, estivesse t\u00e3o pr\u00f3xima de se realizar. Foi\u2026","rel":"","context":"In &quot;Finalistas&quot;","block_context":{"text":"Finalistas","link":"https:\/\/blogs.ess-edu.pt\/ap12a2008\/category\/finalistas\/"},"img":{"alt_text":"clip_image0026","src":"https:\/\/i0.wp.com\/blogs.ess-edu.pt\/ap12a2008\/files\/2009\/04\/clip_image0026-300x224.jpg?resize=350%2C200&ssl=1","width":350,"height":200},"classes":[]},{"id":302,"url":"https:\/\/blogs.ess-edu.pt\/ap12a2008\/2009\/02\/26\/bar-dos-alunos-finalistas\/","url_meta":{"origin":296,"position":4},"title":"Bar dos alunos finalistas","author":"Helena Sebastiana","date":"26 26+00:00 Fevereiro 26+00:00 2009","format":false,"excerpt":"No dia 20 de Fevereiro, foi realizado um concurso de Carnaval \u201cM\u00e1scaras e Disfarces\u201d. O bar da escola foi encerrado para que os finalistas pudessem abrir o seu pr\u00f3prio bar e vender bolos, sandes e bebidas. O objectivo foi a angaria\u00e7\u00e3o de fundos para a viagem de finalistas. Houve bastante\u2026","rel":"","context":"In &quot;Finalistas&quot;","block_context":{"text":"Finalistas","link":"https:\/\/blogs.ess-edu.pt\/ap12a2008\/category\/finalistas\/"},"img":{"alt_text":"","src":"","width":0,"height":0},"classes":[]},{"id":279,"url":"https:\/\/blogs.ess-edu.pt\/ap12a2008\/2009\/02\/03\/regulamento-do-peddy-papper-sera-que-conheces-tao-bem-a-tua-escola-como-pensas\/","url_meta":{"origin":296,"position":5},"title":"Regulamento do Peddy-Papper: Ser\u00e1 que conheces t\u00e3o bem a tua escola como pensas?","author":"Helena Sebastiana","date":"3 03+00:00 Fevereiro 03+00:00 2009","format":false,"excerpt":"Objectivos: Promover o conhecimento da escola; Promover o esp\u00edrito de equipa; Respeitar as regras e as condutas do jogo; Terminar o puzzle primeiro. Informa\u00e7\u00f5es \u00fateis: As provas ser\u00e3o realizadas dentro do recinto da escola. Cada pergunta respondida correctamente ser\u00e1 cotada com uma pe\u00e7a do puzzle. No dia da prova, ser\u00e1\u2026","rel":"","context":"In &quot;Eventos&quot;","block_context":{"text":"Eventos","link":"https:\/\/blogs.ess-edu.pt\/ap12a2008\/category\/eventos\/"},"img":{"alt_text":"","src":"","width":0,"height":0},"classes":[]}],"_links":{"self":[{"href":"https:\/\/blogs.ess-edu.pt\/ap12a2008\/wp-json\/wp\/v2\/posts\/296","targetHints":{"allow":["GET"]}}],"collection":[{"href":"https:\/\/blogs.ess-edu.pt\/ap12a2008\/wp-json\/wp\/v2\/posts"}],"about":[{"href":"https:\/\/blogs.ess-edu.pt\/ap12a2008\/wp-json\/wp\/v2\/types\/post"}],"author":[{"embeddable":true,"href":"https:\/\/blogs.ess-edu.pt\/ap12a2008\/wp-json\/wp\/v2\/users\/30"}],"replies":[{"embeddable":true,"href":"https:\/\/blogs.ess-edu.pt\/ap12a2008\/wp-json\/wp\/v2\/comments?post=296"}],"version-history":[{"count":0,"href":"https:\/\/blogs.ess-edu.pt\/ap12a2008\/wp-json\/wp\/v2\/posts\/296\/revisions"}],"wp:attachment":[{"href":"https:\/\/blogs.ess-edu.pt\/ap12a2008\/wp-json\/wp\/v2\/media?parent=296"}],"wp:term":[{"taxonomy":"category","embeddable":true,"href":"https:\/\/blogs.ess-edu.pt\/ap12a2008\/wp-json\/wp\/v2\/categories?post=296"},{"taxonomy":"post_tag","embeddable":true,"href":"https:\/\/blogs.ess-edu.pt\/ap12a2008\/wp-json\/wp\/v2\/tags?post=296"}],"curies":[{"name":"wp","href":"https:\/\/api.w.org\/{rel}","templated":true}]}}