{"id":299,"date":"2009-02-26T17:01:10","date_gmt":"2009-02-26T17:01:10","guid":{"rendered":"http:\/\/blogs.ess-edu.pt\/ap12a2008\/?p=299"},"modified":"2024-07-15T21:41:06","modified_gmt":"2024-07-15T21:41:06","slug":"convento-de-mafra","status":"publish","type":"post","link":"https:\/\/blogs.ess-edu.pt\/ap12a2008\/2009\/02\/26\/convento-de-mafra\/","title":{"rendered":"Convento de Mafra"},"content":{"rendered":"<p>Mandado construir por D. Jo\u00e3o V, em 1717 e terminado em 1730, o <a href=\"https:\/\/a4.pbase.com\/o10\/21\/4921\/1\/155279334.PGs2MV4m.Mafra4263.jpg\">Real Convento de Mafra<\/a> \u00e9 o mais importante monumento do barroco portugu\u00eas, considerado uma das 7 Maravilhas de Portugal (2007) e classificado como um Monumento Nacional em 1910.<\/p>\n<p>Em 1807, no reinado de D. Jo\u00e3o VI, o pal\u00e1cio foi habitado durante o ano inteiro.<\/p>\n<p>Foi a 5 de Outubro de 1910 que o rei D. Manuel II partiu deste pal\u00e1cio-convento para o ex\u00edlio, depois de proclamada a Rep\u00fablica.<\/p>\n<p>Com <a href=\"https:\/\/www.cm-mafra.pt\/imgcrop\/cmmafra\/uploads\/image_gallery_item\/image\/895\/biblioteca18_1_600_600.jpg\">ch\u00e3o de m\u00e1rmore<\/a> rosa, cinzento e branco, estantes em estilo rococ\u00f3 situadas em duas filas laterais e separadas por um varandim e mais de 40.000 livros, a <a href=\"https:\/\/www.foto-julius.at\/wien\/W13+.jpg\">Biblioteca<\/a> \u00e9 considerada o local mais importante do Convento de Mafra.<\/p>\n<p>Este pal\u00e1cio-convento possui dois <a href=\"https:\/\/c4.quickcachr.fotos.sapo.pt\/i\/ud8028c7f\/343881_ugMqj.jpeg\">carrilh\u00f5es<\/a> de 92 sinos com 217 toneladas considerados os maiores e melhores do Mundo. Tocam valsas e contradan\u00e7as, o que mant\u00e9m uma liga\u00e7\u00e3o do pal\u00e1cio \u00e0 m\u00fasica at\u00e9 hoje.<\/p>\n<p>No dia 18 de Abril, na nossa t\u00e3o ansiada visita de estudo, esperamos ver \u201cin loco\u201d estas pequenas e grandiosas maravilhas!<\/p>\n<p class=\"MsoNormal\" style=\"margin: 0cm 0cm 0pt; text-align: justify;\">\n<p class=\"MsoNormal\" style=\"margin: 0cm 0cm 0pt; text-align: justify;\">\n","protected":false},"excerpt":{"rendered":"<p>Mandado construir por D. Jo\u00e3o V, em 1717 e terminado em 1730, o Real Convento de Mafra \u00e9 o mais importante monumento do barroco portugu\u00eas, considerado uma das 7 Maravilhas de Portugal (2007) e classificado como um Monumento Nacional em 1910.<\/p>\n<p>Em 1807, no reinado de D. Jo\u00e3o VI, o pal\u00e1cio foi habitado durante o [&#8230;]<\/p>\n","protected":false},"author":30,"featured_media":0,"comment_status":"open","ping_status":"open","sticky":false,"template":"","format":"standard","meta":{"jetpack_post_was_ever_published":false,"_jetpack_newsletter_access":"","_jetpack_dont_email_post_to_subs":false,"_jetpack_newsletter_tier_id":0,"_jetpack_memberships_contains_paywalled_content":false,"_jetpack_memberships_contains_paid_content":false,"footnotes":""},"categories":[78],"tags":[],"class_list":["post-299","post","type-post","status-publish","format-standard","hentry","category-viagens-de-estudo","odd"],"jetpack_featured_media_url":"","jetpack_sharing_enabled":true,"jetpack_shortlink":"https:\/\/wp.me\/paunJ5-4P","jetpack-related-posts":[{"id":402,"url":"https:\/\/blogs.ess-edu.pt\/ap12a2008\/2009\/04\/30\/visita-de-estudo-a-lisboa-mafra-e-obidos\/","url_meta":{"origin":299,"position":0},"title":"Visita de Estudo a Lisboa, Mafra e \u00d3bidos","author":"Helena Sebastiana","date":"30 30+00:00 Abril 30+00:00 2009","format":false,"excerpt":"Visit\u00e1mos muitas coisas, todas elas maravilhosas, mas, sem d\u00favida, as coisas de que mais gost\u00e1mos foram o Mosteiro dos Jer\u00f3nimos, o Pal\u00e1cio Nacional e Convento de Mafra e a Vila de \u00d3bidos. O facto de estar mau tempo, n\u00e3o nos impediu de ver tudo isto. Em rela\u00e7\u00e3o ao Mosteiro dos\u2026","rel":"","context":"In &quot;Viagens de estudo&quot;","block_context":{"text":"Viagens de estudo","link":"https:\/\/blogs.ess-edu.pt\/ap12a2008\/category\/viagens-de-estudo\/"},"img":{"alt_text":"","src":"","width":0,"height":0},"classes":[]},{"id":468,"url":"https:\/\/blogs.ess-edu.pt\/ap12a2008\/2009\/05\/12\/viagem-de-estudo-a-mafra-lisboa-e-obidos\/","url_meta":{"origin":299,"position":1},"title":"Viagem de estudo a Mafra, Lisboa e \u00d3bidos","author":"Helena Sebastiana","date":"12 12+00:00 Maio 12+00:00 2009","format":false,"excerpt":"Sa\u00edmos de Lamego, no dia 17 de Abril, com destino a Lisboa para ser realizada a melhor viagem de estudo de sempre. Cheg\u00e1mos por volta da hora de almo\u00e7o a Lisboa e, ap\u00f3s termos almo\u00e7ado, fomos prendados com um longo passeio a p\u00e9 pela baixa de Lisboa. Neste local, encontr\u00e1mos\u2026","rel":"","context":"In &quot;Viagens de estudo&quot;","block_context":{"text":"Viagens de estudo","link":"https:\/\/blogs.ess-edu.pt\/ap12a2008\/category\/viagens-de-estudo\/"},"img":{"alt_text":"clip_image0026","src":"https:\/\/i0.wp.com\/blogs.ess-edu.pt\/ap12a2008\/files\/2009\/05\/clip_image0026-300x224.jpg?resize=350%2C200&ssl=1","width":350,"height":200},"classes":[]},{"id":471,"url":"https:\/\/blogs.ess-edu.pt\/ap12a2008\/2009\/05\/12\/viagem-de-estudo-a-lisboa-mafra-e-obidos-by-mika\/","url_meta":{"origin":299,"position":2},"title":"Viagem de Estudo a Lisboa, Mafra e \u00d3bidos &#8211; By Mik\u00e1","author":"Helena Sebastiana","date":"12 12+00:00 Maio 12+00:00 2009","format":false,"excerpt":"Nos passados dias 17 e 18 de Abril, as tr\u00eas turmas do 12.\u00ba ano participaram numa viagem por terras de Lisboa, Mafra e \u00d3bidos. Sa\u00edmos de Lamego por volta das oito horas. E inici\u00e1mos a viagem em direc\u00e7\u00e3o a Lisboa. A visita tinha como locais a visitar, o Caf\u00e9 Martinho\u2026","rel":"","context":"In &quot;Viagens de estudo&quot;","block_context":{"text":"Viagens de estudo","link":"https:\/\/blogs.ess-edu.pt\/ap12a2008\/category\/viagens-de-estudo\/"},"img":{"alt_text":"100_17691","src":"https:\/\/i0.wp.com\/blogs.ess-edu.pt\/ap12a2008\/files\/2009\/05\/100_17691-300x224.jpg?resize=350%2C200&ssl=1","width":350,"height":200},"classes":[]},{"id":459,"url":"https:\/\/blogs.ess-edu.pt\/ap12a2008\/2009\/05\/12\/testa-os-teus-conhecimentos-%e2%80%9c-memorial-do-convento%e2%80%9d\/","url_meta":{"origin":299,"position":3},"title":"TESTA OS TEUS CONHECIMENTOS: \u201c Memorial do Convento\u201d","author":"Helena Sebastiana","date":"12 12+00:00 Maio 12+00:00 2009","format":false,"excerpt":"1 - \u201cMemorial do Convento\u201d faz a exalta\u00e7\u00e3o da ac\u00e7\u00e3o governativa de D. Jo\u00e3o V. a)\u00a0\u00a0\u00a0\u00a0\u00a0\u00a0\u00a0\u00a0\u00a0\u00a0\u00a0\u00a0\u00a0\u00a0\u00a0\u00a0 Verdadeiro b)\u00a0\u00a0\u00a0\u00a0\u00a0\u00a0\u00a0\u00a0\u00a0\u00a0\u00a0\u00a0\u00a0\u00a0\u00a0\u00a0 Falso 2 - \u201cMemorial do Convento\u201d apresenta-nos uma vis\u00e3o restrita do Portugal do in\u00edcio do s\u00e9culo XVIII. a)\u00a0\u00a0\u00a0\u00a0\u00a0\u00a0\u00a0\u00a0\u00a0\u00a0\u00a0\u00a0\u00a0\u00a0\u00a0\u00a0 Verdadeiro b)\u00a0\u00a0\u00a0\u00a0\u00a0\u00a0\u00a0\u00a0\u00a0\u00a0\u00a0\u00a0\u00a0\u00a0\u00a0\u00a0 Falso 3 - \u201cMemorial do Convento\u201d \u00e9 uma narrativa hist\u00f3rica que abrange\u2026","rel":"","context":"In &quot;Curiosidades&quot;","block_context":{"text":"Curiosidades","link":"https:\/\/blogs.ess-edu.pt\/ap12a2008\/category\/curiosidades\/"},"img":{"alt_text":"","src":"","width":0,"height":0},"classes":[]},{"id":359,"url":"https:\/\/blogs.ess-edu.pt\/ap12a2008\/2009\/04\/23\/a-nossa-visita-de-estudo\/","url_meta":{"origin":299,"position":4},"title":"A nossa visita de Estudo&#8230;","author":"Helena Sebastiana","date":"23 23+00:00 Abril 23+00:00 2009","format":false,"excerpt":"Foi no dia 17 de Abril que as tr\u00eas turmas do 12.\u00ba ano da nossa escola partiram em direc\u00e7\u00e3o \u00e0 melhor visita de estudo de sempre. O roteiro desta viagem contemplava s\u00edtios e monumentos magn\u00edficos de Lisboa, Mafra e \u00d3bidos. Foi \u00e0s oito horas que sa\u00edmos da nossa escola em\u2026","rel":"","context":"In &quot;Viagens de estudo&quot;","block_context":{"text":"Viagens de estudo","link":"https:\/\/blogs.ess-edu.pt\/ap12a2008\/category\/viagens-de-estudo\/"},"img":{"alt_text":"img_44071","src":"https:\/\/i0.wp.com\/blogs.ess-edu.pt\/ap12a2008\/files\/2009\/04\/img_44071-225x300.jpg?resize=350%2C200&ssl=1","width":350,"height":200},"classes":[]},{"id":278,"url":"https:\/\/blogs.ess-edu.pt\/ap12a2008\/2009\/02\/03\/possivel-viagem-de-estudo-a-lisboa-e-mafra-12%c2%ba-ano\/","url_meta":{"origin":299,"position":5},"title":"Poss\u00edvel viagem de estudo a Lisboa e Mafra &#8211; 12.\u00ba Ano","author":"Helena Sebastiana","date":"3 03+00:00 Fevereiro 03+00:00 2009","format":false,"excerpt":"Nos dias 17 e 18 de Abril de 2009, ir\u00e1 realizar-se a viagem de estudo do 12.\u00ba ano. No primeiro dia, sairemos da escola por volta das oito horas em direc\u00e7\u00e3o a Lisboa onde visitaremos a casa onde nasceu Fernando Pessoa, e o caf\u00e9 que frequentava. Tamb\u00e9m iremos desfrutar da\u2026","rel":"","context":"In &quot;Viagens de estudo&quot;","block_context":{"text":"Viagens de estudo","link":"https:\/\/blogs.ess-edu.pt\/ap12a2008\/category\/viagens-de-estudo\/"},"img":{"alt_text":"","src":"","width":0,"height":0},"classes":[]}],"_links":{"self":[{"href":"https:\/\/blogs.ess-edu.pt\/ap12a2008\/wp-json\/wp\/v2\/posts\/299","targetHints":{"allow":["GET"]}}],"collection":[{"href":"https:\/\/blogs.ess-edu.pt\/ap12a2008\/wp-json\/wp\/v2\/posts"}],"about":[{"href":"https:\/\/blogs.ess-edu.pt\/ap12a2008\/wp-json\/wp\/v2\/types\/post"}],"author":[{"embeddable":true,"href":"https:\/\/blogs.ess-edu.pt\/ap12a2008\/wp-json\/wp\/v2\/users\/30"}],"replies":[{"embeddable":true,"href":"https:\/\/blogs.ess-edu.pt\/ap12a2008\/wp-json\/wp\/v2\/comments?post=299"}],"version-history":[{"count":0,"href":"https:\/\/blogs.ess-edu.pt\/ap12a2008\/wp-json\/wp\/v2\/posts\/299\/revisions"}],"wp:attachment":[{"href":"https:\/\/blogs.ess-edu.pt\/ap12a2008\/wp-json\/wp\/v2\/media?parent=299"}],"wp:term":[{"taxonomy":"category","embeddable":true,"href":"https:\/\/blogs.ess-edu.pt\/ap12a2008\/wp-json\/wp\/v2\/categories?post=299"},{"taxonomy":"post_tag","embeddable":true,"href":"https:\/\/blogs.ess-edu.pt\/ap12a2008\/wp-json\/wp\/v2\/tags?post=299"}],"curies":[{"name":"wp","href":"https:\/\/api.w.org\/{rel}","templated":true}]}}