{"id":300,"date":"2009-02-26T17:02:46","date_gmt":"2009-02-26T17:02:46","guid":{"rendered":"http:\/\/blogs.ess-edu.pt\/ap12a2008\/?p=300"},"modified":"2024-07-15T21:43:55","modified_gmt":"2024-07-15T21:43:55","slug":"mega-sprint","status":"publish","type":"post","link":"https:\/\/blogs.ess-edu.pt\/ap12a2008\/2009\/02\/26\/mega-sprint\/","title":{"rendered":"Mega Sprint"},"content":{"rendered":"<p>A n\u00edvel nacional, est\u00e1 a decorrer uma competi\u00e7\u00e3o denominada \u201cMega Sprint\u201d constitu\u00edda por tr\u00eas provas: \u201cMega Km\u201d, que se ir\u00e1 realizar na nossa escola no dia 3 de Mar\u00e7o; \u201cMega Salto\u201d, a realizar-se dia 5 de Mar\u00e7o; e \u201cMega Velocidade\u201d que se realizou hoje, dia 26 de Fevereiro, entre as 12:25 e as 13:10 horas.<\/p>\n<p>Em breve publicaremos os resultados da prova de \u201cMega Velocidade\u201d realizada hoje. Desde j\u00e1 informamos que a Ana Josefa, a Daniela e o Ricardinho passaram \u00e0 fase seguinte que se realizar\u00e1 em Viseu.<\/p>\n<p>For\u00e7a nessas pernas, campe\u00f5es!<\/p>\n","protected":false},"excerpt":{"rendered":"<p>A n\u00edvel nacional, est\u00e1 a decorrer uma competi\u00e7\u00e3o denominada \u201cMega Sprint\u201d constitu\u00edda por tr\u00eas provas: \u201cMega Km\u201d, que se ir\u00e1 realizar na nossa escola no dia 3 de Mar\u00e7o; \u201cMega Salto\u201d, a realizar-se dia 5 de Mar\u00e7o; e \u201cMega Velocidade\u201d que se realizou hoje, dia 26 de Fevereiro, entre as 12:25 e as 13:10 horas.<\/p>\n<p> [&#8230;]<\/p>\n","protected":false},"author":30,"featured_media":0,"comment_status":"open","ping_status":"open","sticky":false,"template":"","format":"standard","meta":{"jetpack_post_was_ever_published":false,"_jetpack_newsletter_access":"","_jetpack_dont_email_post_to_subs":false,"_jetpack_newsletter_tier_id":0,"_jetpack_memberships_contains_paywalled_content":false,"_jetpack_memberships_contains_paid_content":false,"footnotes":""},"categories":[74],"tags":[],"class_list":["post-300","post","type-post","status-publish","format-standard","hentry","category-torneios","odd"],"jetpack_featured_media_url":"","jetpack_sharing_enabled":true,"jetpack_shortlink":"https:\/\/wp.me\/paunJ5-4Q","jetpack-related-posts":[{"id":313,"url":"https:\/\/blogs.ess-edu.pt\/ap12a2008\/2009\/03\/10\/resultados-do-mega-sprint\/","url_meta":{"origin":300,"position":0},"title":"Resultados do &#8220;Mega Sprint&#8221;","author":"Helena Sebastiana","date":"10 10+00:00 Mar\u00e7o 10+00:00 2009","format":false,"excerpt":"Aqui est\u00e3o as classifica\u00e7\u00f5es do \u201cMega Velocidade\u201d que se realizou no dia 26 de Fevereiro: Escal\u00e3o Nome Ano\/Turma Tempos Infantil A * Daniel Miguel 5\u00ba A 6,12 And\u00e9 5\u00ba C 6,32 Ana Rita Pereira 5\u00ba A 6,27 Raquel Lob\u00e3o 6\u00ba B 6,64 Infantil B * Samuel Santos 7\u00ba A 5,93\u2026","rel":"","context":"In &quot;Torneios&quot;","block_context":{"text":"Torneios","link":"https:\/\/blogs.ess-edu.pt\/ap12a2008\/category\/torneios\/"},"img":{"alt_text":"","src":"","width":0,"height":0},"classes":[]},{"id":310,"url":"https:\/\/blogs.ess-edu.pt\/ap12a2008\/2009\/03\/05\/mau-tempo-impede-realizacao-do-mega-salto\/","url_meta":{"origin":300,"position":1},"title":"Mau tempo impede realiza\u00e7\u00e3o do &#8220;Mega Salto&#8221;","author":"Helena Sebastiana","date":"5 05+00:00 Mar\u00e7o 05+00:00 2009","format":false,"excerpt":"Hoje, dia 5 de Mar\u00e7o, estava prevista a realiza\u00e7\u00e3o do \u201cMega Salto\u201d. Infelizmente, o mau tempo impediu que esta actividade pudesse decorrer sem problemas. Ficamos \u00e0 espera de marca\u00e7\u00e3o de nova data.","rel":"","context":"In &quot;Torneios&quot;","block_context":{"text":"Torneios","link":"https:\/\/blogs.ess-edu.pt\/ap12a2008\/category\/torneios\/"},"img":{"alt_text":"","src":"","width":0,"height":0},"classes":[]},{"id":314,"url":"https:\/\/blogs.ess-edu.pt\/ap12a2008\/2009\/03\/24\/resultados-do-mega-salto\/","url_meta":{"origin":300,"position":2},"title":"Resultados do &#8220;Mega-Salto&#8221;","author":"Helena Sebastiana","date":"24 24+00:00 Mar\u00e7o 24+00:00 2009","format":false,"excerpt":"Todos estes alunos foram apurados para a fase CAE que j\u00e1 se realizou no dia 19 de Mar\u00e7o no Est\u00e1dio do Fontelo, em Viseu. Aqui est\u00e3o as classifica\u00e7\u00f5es do \u201cMega-salto\u201d: Escal\u00e3o Nome Turma\/Ano Dist\u00e2ncia (m) Infantil A Andr\u00e9 Carneiro 5\u00ba C 3,68 S\u00edlvia Oliveira 5\u00ba A 3,35 Infantil B Andr\u00e9\u2026","rel":"","context":"In &quot;Torneios&quot;","block_context":{"text":"Torneios","link":"https:\/\/blogs.ess-edu.pt\/ap12a2008\/category\/torneios\/"},"img":{"alt_text":"","src":"","width":0,"height":0},"classes":[]},{"id":316,"url":"https:\/\/blogs.ess-edu.pt\/ap12a2008\/2009\/03\/24\/feira-das-profissoes-em-armamar\/","url_meta":{"origin":300,"position":3},"title":"Feira das Profiss\u00f5es em Armamar","author":"Helena Sebastiana","date":"24 24+00:00 Mar\u00e7o 24+00:00 2009","format":false,"excerpt":"Hoje, dia 24 de Mar\u00e7o de 2009, a Cristina, o Mik\u00e1, a Carolina, a C\u00e1tia e a Marina do 12.\u00ba A, o Diogo e a Joana do 10.\u00ba B e um grupo de professores foram divulgar a nossa escola a Armamar, numa feira de profiss\u00f5es promovida pela Escola B\u00e1sica\/2,3 Gomes\u2026","rel":"","context":"In &quot;Eventos&quot;","block_context":{"text":"Eventos","link":"https:\/\/blogs.ess-edu.pt\/ap12a2008\/category\/eventos\/"},"img":{"alt_text":"","src":"","width":0,"height":0},"classes":[]},{"id":418,"url":"https:\/\/blogs.ess-edu.pt\/ap12a2008\/2009\/05\/05\/a-minha-viagem-de-finalistas-by-marina\/","url_meta":{"origin":300,"position":4},"title":"A minha viagem de Finalistas &#8211; By Marina","author":"Helena Sebastiana","date":"5 05+00:00 Maio 05+00:00 2009","format":false,"excerpt":"Dia 27 de Mar\u00e7o, o dia mais esperado, o dia mais desejado da minha vida de estudante. Foi o dia em \u00a0que parti rumo a Lloret de Mar. Estava ansiosa para descobrir o que estava par l\u00e1 da fronteira, para l\u00e1 de Portugal! Foi uma viagem longa e cansativa, mas\u2026","rel":"","context":"In &quot;Finalistas&quot;","block_context":{"text":"Finalistas","link":"https:\/\/blogs.ess-edu.pt\/ap12a2008\/category\/finalistas\/"},"img":{"alt_text":"dsc00170","src":"https:\/\/i0.wp.com\/blogs.ess-edu.pt\/ap12a2008\/files\/2009\/05\/dsc00170-300x224.jpg?resize=350%2C200&ssl=1","width":350,"height":200},"classes":[]},{"id":474,"url":"https:\/\/blogs.ess-edu.pt\/ap12a2008\/2009\/05\/12\/treinos-de-futebol-entre-professores-e-alunos\/","url_meta":{"origin":300,"position":5},"title":"\u201cTreinos\u201d de futebol entre professores e alunos","author":"Helena Sebastiana","date":"12 12+00:00 Maio 12+00:00 2009","format":false,"excerpt":"Todas as segundas e quartas-feiras, das 18:00 \u00e0s 20:00 horas, realizam-se no espa\u00e7o escolar \u201ctreinos\u201d de futebol entre professores, alunos e outros interessados. Esta equipa que treina com regularidade participa, por vezes, em interc\u00e2mbios e torneios. Num dos torneios realizados, no dia 25 de Abril, no Estabelecimento Prisional Regional de\u2026","rel":"","context":"In &quot;Torneios&quot;","block_context":{"text":"Torneios","link":"https:\/\/blogs.ess-edu.pt\/ap12a2008\/category\/torneios\/"},"img":{"alt_text":"","src":"","width":0,"height":0},"classes":[]}],"_links":{"self":[{"href":"https:\/\/blogs.ess-edu.pt\/ap12a2008\/wp-json\/wp\/v2\/posts\/300","targetHints":{"allow":["GET"]}}],"collection":[{"href":"https:\/\/blogs.ess-edu.pt\/ap12a2008\/wp-json\/wp\/v2\/posts"}],"about":[{"href":"https:\/\/blogs.ess-edu.pt\/ap12a2008\/wp-json\/wp\/v2\/types\/post"}],"author":[{"embeddable":true,"href":"https:\/\/blogs.ess-edu.pt\/ap12a2008\/wp-json\/wp\/v2\/users\/30"}],"replies":[{"embeddable":true,"href":"https:\/\/blogs.ess-edu.pt\/ap12a2008\/wp-json\/wp\/v2\/comments?post=300"}],"version-history":[{"count":0,"href":"https:\/\/blogs.ess-edu.pt\/ap12a2008\/wp-json\/wp\/v2\/posts\/300\/revisions"}],"wp:attachment":[{"href":"https:\/\/blogs.ess-edu.pt\/ap12a2008\/wp-json\/wp\/v2\/media?parent=300"}],"wp:term":[{"taxonomy":"category","embeddable":true,"href":"https:\/\/blogs.ess-edu.pt\/ap12a2008\/wp-json\/wp\/v2\/categories?post=300"},{"taxonomy":"post_tag","embeddable":true,"href":"https:\/\/blogs.ess-edu.pt\/ap12a2008\/wp-json\/wp\/v2\/tags?post=300"}],"curies":[{"name":"wp","href":"https:\/\/api.w.org\/{rel}","templated":true}]}}