{"id":301,"date":"2009-02-26T17:07:05","date_gmt":"2009-02-26T17:07:05","guid":{"rendered":"http:\/\/blogs.ess-edu.pt\/ap12a2008\/?p=301"},"modified":"2024-07-15T21:45:09","modified_gmt":"2024-07-15T21:45:09","slug":"corta-mato-em-sernancelhe","status":"publish","type":"post","link":"https:\/\/blogs.ess-edu.pt\/ap12a2008\/2009\/02\/26\/corta-mato-em-sernancelhe\/","title":{"rendered":"Corta-mato em Sernancelhe"},"content":{"rendered":"<p>Amanh\u00e3, 18 de Fevereiro, os melhores classificados do corta-mato ir\u00e3o representar a nossa Escola, a n\u00edvel regional, em Sernancelhe.<\/p>\n<p>Como alunos desta escola e colegas dos participantes nesta competi\u00e7\u00e3o, esperamos que tudo corra da melhor forma e que os resultados sejam bastante positivos.<\/p>\n<p>Boa sorte a todos!<\/p>\n<p><a href=\"http:\/\/photos1.hi5.com\/0078\/992\/020\/0j1DbK992020-02.jpg\">Aten\u00e7\u00e3o \u00e0 partida!!!<\/a><\/p>\n<p><a href=\"https:\/\/ea.ess-edu.pt\">O que eles corriam!!!<\/a><\/p>\n","protected":false},"excerpt":{"rendered":"<p>Amanh\u00e3, 18 de Fevereiro, os melhores classificados do corta-mato ir\u00e3o representar a nossa Escola, a n\u00edvel regional, em Sernancelhe.<\/p>\n<p>Como alunos desta escola e colegas dos participantes nesta competi\u00e7\u00e3o, esperamos que tudo corra da melhor forma e que os resultados sejam bastante positivos.<\/p>\n<p>Boa sorte a todos!<\/p>\n<p>Aten\u00e7\u00e3o \u00e0 partida!!!<\/p>\n<p>O que eles corriam!!!<\/p>\n<p> [&#8230;]<\/p>\n","protected":false},"author":30,"featured_media":0,"comment_status":"open","ping_status":"open","sticky":false,"template":"","format":"standard","meta":{"jetpack_post_was_ever_published":false,"_jetpack_newsletter_access":"","_jetpack_dont_email_post_to_subs":false,"_jetpack_newsletter_tier_id":0,"_jetpack_memberships_contains_paywalled_content":false,"_jetpack_memberships_contains_paid_content":false,"footnotes":""},"categories":[74],"tags":[],"class_list":["post-301","post","type-post","status-publish","format-standard","hentry","category-torneios","odd"],"jetpack_featured_media_url":"","jetpack_sharing_enabled":true,"jetpack_shortlink":"https:\/\/wp.me\/paunJ5-4R","jetpack-related-posts":[{"id":283,"url":"https:\/\/blogs.ess-edu.pt\/ap12a2008\/2009\/02\/05\/corta-mato\/","url_meta":{"origin":301,"position":0},"title":"Corta-Mato","author":"Helena Sebastiana","date":"5 05+00:00 Fevereiro 05+00:00 2009","format":false,"excerpt":"Hoje, dia 5 de Fevereiro de 2009, realizou-se na nossa escola o t\u00e3o expectante corta-mato. Teve in\u00edcio \u00e0s 9 horas e 30 minutos e terminou pelas 11 horas e 15 minutos. Esta competi\u00e7\u00e3o dividiu-se em diversas categorias: Infantis A (98\/99); Infantis B (96\/97); Iniciados (94\/95); Juvenis (92\/93) e Juniores (91\u2026","rel":"","context":"In &quot;Torneios&quot;","block_context":{"text":"Torneios","link":"https:\/\/blogs.ess-edu.pt\/ap12a2008\/category\/torneios\/"},"img":{"alt_text":"","src":"","width":0,"height":0},"classes":[]},{"id":312,"url":"https:\/\/blogs.ess-edu.pt\/ap12a2008\/2009\/03\/10\/corta-mato-2\/","url_meta":{"origin":301,"position":1},"title":"Corta-mato&#8230;","author":"Helena Sebastiana","date":"10 10+00:00 Mar\u00e7o 10+00:00 2009","format":false,"excerpt":"\u00c9 com muito orgulho que anunciamos que o R\u00faben Pinto, no escal\u00e3o de Iniciados Masculinos, foi apurado para o Corta-mato nacional. For\u00e7a!!!","rel":"","context":"In &quot;Torneios&quot;","block_context":{"text":"Torneios","link":"https:\/\/blogs.ess-edu.pt\/ap12a2008\/category\/torneios\/"},"img":{"alt_text":"","src":"","width":0,"height":0},"classes":[]},{"id":289,"url":"https:\/\/blogs.ess-edu.pt\/ap12a2008\/2009\/02\/12\/resultados-do-corta-mato-do-dia-5-de-fevereiro\/","url_meta":{"origin":301,"position":2},"title":"Resultados do Corta-Mato do dia 5 de Fevereiro","author":"Helena Sebastiana","date":"12 12+00:00 Fevereiro 12+00:00 2009","format":false,"excerpt":"Como j\u00e1 t\u00ednhamos noticiado anteriormente, realizou-se mais um Corta-Mato na nossa escola. Os primeiros 6 classificados da categoria Infantis A foram\u2026 Feminino: D\u00e9bora Rodrigues, 5.\u00ba D, n.\u00ba 3; Ana Rita Pereira, 6.\u00ba A, n.\u00ba 3; Raquel Lob\u00e3o, 6.\u00ba B, n.\u00ba 17; Beatriz Neves, 5.\u00ba A, n.\u00ba 25; Ana Oliveira 5.\u00ba\u2026","rel":"","context":"In &quot;Torneios&quot;","block_context":{"text":"Torneios","link":"https:\/\/blogs.ess-edu.pt\/ap12a2008\/category\/torneios\/"},"img":{"alt_text":"","src":"","width":0,"height":0},"classes":[]},{"id":549,"url":"https:\/\/blogs.ess-edu.pt\/ap12a2008\/2009\/06\/02\/a-minha-passagem-pela-escola-20062009-3\/","url_meta":{"origin":301,"position":3},"title":"A minha passagem pela escola &#8211; 2006\/2009","author":"Helena Sebastiana","date":"2 02+00:00 Junho 02+00:00 2009","format":false,"excerpt":"Tr\u00eas anos\u2026 Faltam apenas uns dias para o final das aulas. J\u00e1 recordo esta escola com muita saudade. O primeiro dia em que pisei esta escola foi um desastre! N\u00e3o sabia onde ficava a sala onde iria conhecer a minha turma e acabei na turma errada. Era suposto ir para\u2026","rel":"","context":"In &quot;A minha passagem pela escola&quot;","block_context":{"text":"A minha passagem pela escola","link":"https:\/\/blogs.ess-edu.pt\/ap12a2008\/category\/a-minha-passagem-pela-escola\/"},"img":{"alt_text":"","src":"","width":0,"height":0},"classes":[]},{"id":525,"url":"https:\/\/blogs.ess-edu.pt\/ap12a2008\/2009\/05\/26\/a-minha-passagem-pela-escola-20022009\/","url_meta":{"origin":301,"position":4},"title":"A minha passagem pela escola &#8211; 2002\/2009","author":"Helena Sebastiana","date":"26 26+00:00 Maio 26+00:00 2009","format":false,"excerpt":"Todos os dias que chego \u00e0 escola e olho para ela, recordo-me com saudade, os sete anos que aqui passei. Das sensa\u00e7\u00f5es que experimentei, da alegria de conviver com os amigos, de conhecer toda a gente pelo seu nome, at\u00e9 mesmo da ang\u00fastia que surgia sempre antes dos stressantes dias\u2026","rel":"","context":"In &quot;A minha passagem pela escola&quot;","block_context":{"text":"A minha passagem pela escola","link":"https:\/\/blogs.ess-edu.pt\/ap12a2008\/category\/a-minha-passagem-pela-escola\/"},"img":{"alt_text":"","src":"","width":0,"height":0},"classes":[]},{"id":532,"url":"https:\/\/blogs.ess-edu.pt\/ap12a2008\/2009\/05\/28\/a-minha-passagem-pela-escola-20032009-5\/","url_meta":{"origin":301,"position":5},"title":"A minha passagem pela escola &#8211; 2003\/2009","author":"Helena Sebastiana","date":"28 28+00:00 Maio 28+00:00 2009","format":false,"excerpt":"Recordo-me, perfeitamente, do primeiro dia de aulas passado aqui, na escola da S\u00e9. Um pouco nervoso, mas bastante entusiasmado, pensava para mim mesmo: \u201cHuau! Finalmente, na escola da S\u00e9!\u201d Pois \u00e9, j\u00e1 l\u00e1 v\u00e3o 6 anos desde que vim estudar para esta escola. A minha primeira turma foi o 7.\u00ba\u2026","rel":"","context":"In &quot;A minha passagem pela escola&quot;","block_context":{"text":"A minha passagem pela escola","link":"https:\/\/blogs.ess-edu.pt\/ap12a2008\/category\/a-minha-passagem-pela-escola\/"},"img":{"alt_text":"","src":"","width":0,"height":0},"classes":[]}],"_links":{"self":[{"href":"https:\/\/blogs.ess-edu.pt\/ap12a2008\/wp-json\/wp\/v2\/posts\/301","targetHints":{"allow":["GET"]}}],"collection":[{"href":"https:\/\/blogs.ess-edu.pt\/ap12a2008\/wp-json\/wp\/v2\/posts"}],"about":[{"href":"https:\/\/blogs.ess-edu.pt\/ap12a2008\/wp-json\/wp\/v2\/types\/post"}],"author":[{"embeddable":true,"href":"https:\/\/blogs.ess-edu.pt\/ap12a2008\/wp-json\/wp\/v2\/users\/30"}],"replies":[{"embeddable":true,"href":"https:\/\/blogs.ess-edu.pt\/ap12a2008\/wp-json\/wp\/v2\/comments?post=301"}],"version-history":[{"count":0,"href":"https:\/\/blogs.ess-edu.pt\/ap12a2008\/wp-json\/wp\/v2\/posts\/301\/revisions"}],"wp:attachment":[{"href":"https:\/\/blogs.ess-edu.pt\/ap12a2008\/wp-json\/wp\/v2\/media?parent=301"}],"wp:term":[{"taxonomy":"category","embeddable":true,"href":"https:\/\/blogs.ess-edu.pt\/ap12a2008\/wp-json\/wp\/v2\/categories?post=301"},{"taxonomy":"post_tag","embeddable":true,"href":"https:\/\/blogs.ess-edu.pt\/ap12a2008\/wp-json\/wp\/v2\/tags?post=301"}],"curies":[{"name":"wp","href":"https:\/\/api.w.org\/{rel}","templated":true}]}}