{"id":302,"date":"2009-02-26T17:08:22","date_gmt":"2009-02-26T17:08:22","guid":{"rendered":"http:\/\/blogs.ess-edu.pt\/ap12a2008\/?p=302"},"modified":"2024-07-15T21:50:32","modified_gmt":"2024-07-15T21:50:32","slug":"bar-dos-alunos-finalistas","status":"publish","type":"post","link":"https:\/\/blogs.ess-edu.pt\/ap12a2008\/2009\/02\/26\/bar-dos-alunos-finalistas\/","title":{"rendered":"Bar dos alunos finalistas"},"content":{"rendered":"<p>No dia 20 de Fevereiro, foi realizado um concurso de Carnaval \u201cM\u00e1scaras e Disfarces\u201d. O bar da escola foi encerrado para que os finalistas pudessem abrir o seu pr\u00f3prio bar e vender bolos, sandes e bebidas. O objectivo foi a angaria\u00e7\u00e3o de fundos para a viagem de finalistas. Houve bastante ades\u00e3o da comunidade escolar.<\/p>\n<p>A todos agradecemos a colabora\u00e7\u00e3o!<\/p>\n","protected":false},"excerpt":{"rendered":"<p>No dia 20 de Fevereiro, foi realizado um concurso de Carnaval \u201cM\u00e1scaras e Disfarces\u201d. O bar da escola foi encerrado para que os finalistas pudessem abrir o seu pr\u00f3prio bar e vender bolos, sandes e bebidas. O objectivo foi a angaria\u00e7\u00e3o de fundos para a viagem de finalistas. Houve bastante ades\u00e3o da comunidade escolar.<\/p>\n<p>A [&#8230;]<\/p>\n","protected":false},"author":30,"featured_media":0,"comment_status":"open","ping_status":"open","sticky":false,"template":"","format":"standard","meta":{"jetpack_post_was_ever_published":false,"_jetpack_newsletter_access":"","_jetpack_dont_email_post_to_subs":false,"_jetpack_newsletter_tier_id":0,"_jetpack_memberships_contains_paywalled_content":false,"_jetpack_memberships_contains_paid_content":false,"footnotes":""},"categories":[73],"tags":[],"class_list":["post-302","post","type-post","status-publish","format-standard","hentry","category-finalistas","odd"],"jetpack_featured_media_url":"","jetpack_sharing_enabled":true,"jetpack_shortlink":"https:\/\/wp.me\/paunJ5-4S","jetpack-related-posts":[{"id":88,"url":"https:\/\/blogs.ess-edu.pt\/ap12a2008\/2008\/12\/02\/semana-de-finalistas-27112008\/","url_meta":{"origin":302,"position":0},"title":"Semana de Finalistas (27\/11\/2008)","author":"Helena Sebastiana","date":"2 02+00:00 Dezembro 02+00:00 2008","format":false,"excerpt":"No dia 27 de Novembro, quinta-feira, foi realizada a \u201cfesta do chinelo de quarto\u201d organizada pela Comiss\u00e3o de Finalistas da Escola Secund\u00e1ria \/2,3 da S\u00e9 \u2013 Lamego. No CROKAS BAR, a festa come\u00e7ou por volta da meia-noite. Foi uma noite cheia de m\u00fasica e divers\u00e3o. Apesar de curta valeu a\u2026","rel":"","context":"In &quot;Finalistas&quot;","block_context":{"text":"Finalistas","link":"https:\/\/blogs.ess-edu.pt\/ap12a2008\/category\/finalistas\/"},"img":{"alt_text":"","src":"","width":0,"height":0},"classes":[]},{"id":114,"url":"https:\/\/blogs.ess-edu.pt\/ap12a2008\/2008\/12\/04\/semana-de-finalistas-29112008\/","url_meta":{"origin":302,"position":1},"title":"Semana de Finalistas (29\/11\/2008)","author":"Helena Sebastiana","date":"4 04+00:00 Dezembro 04+00:00 2008","format":false,"excerpt":"Depois do memor\u00e1vel Baile de Finalistas, continuaram as actividades com um jantar no restaurante o \u201cSonho\u201d, em Lamego. Este jantar foi marcado pelo conv\u00edvio e boa disposi\u00e7\u00e3o! Depois do jantar alguns finalistas prosseguiram para a \u201cMega Noitada dos Finalistas\u201d, no Crokas Bar, com um Dj da R\u00e1dio Comercial. O ambiente\u2026","rel":"","context":"In &quot;Finalistas&quot;","block_context":{"text":"Finalistas","link":"https:\/\/blogs.ess-edu.pt\/ap12a2008\/category\/finalistas\/"},"img":{"alt_text":"","src":"","width":0,"height":0},"classes":[]},{"id":49,"url":"https:\/\/blogs.ess-edu.pt\/ap12a2008\/2008\/11\/27\/semana-de-finalistas-25112008\/","url_meta":{"origin":302,"position":2},"title":"Semana de Finalistas (25\/11\/2008)","author":"Helena Sebastiana","date":"27 27+00:00 Novembro 27+00:00 2008","format":false,"excerpt":"No dia 25 de Novembro de 2008, ter\u00e7a-feira, foi a segunda grande noite da semana de finalistas. A famosa noite de Karaoke. O local escolhido foi o caf\u00e9 \u201cEl Mundo\u201d, um local de divers\u00e3o muito simp\u00e1tico da nossa pacata cidade. Apesar de nem todos os finalistas estarem presentes, foi uma\u2026","rel":"","context":"In &quot;Finalistas&quot;","block_context":{"text":"Finalistas","link":"https:\/\/blogs.ess-edu.pt\/ap12a2008\/category\/finalistas\/"},"img":{"alt_text":"","src":"","width":0,"height":0},"classes":[]},{"id":98,"url":"https:\/\/blogs.ess-edu.pt\/ap12a2008\/2008\/12\/04\/semana-de-finalistas-1122008\/","url_meta":{"origin":302,"position":3},"title":"Semana de Finalistas (1\/12\/2008)","author":"Helena Sebastiana","date":"4 04+00:00 Dezembro 04+00:00 2008","format":false,"excerpt":"Foi no passado dia 1 de Dezembro que acabaram as festividades da Semana de Finalistas. Melhor dizendo, da nossa semana. O dia come\u00e7ou com uma missa celebrada na S\u00e9 Catedral da cidade. Foi um momento \u00fanico e bel\u00edssimo, abrilhantado pelas maravilhosas vozes dos finalistas. Capas pretas e fitas aos milhares!\u2026","rel":"","context":"In &quot;Finalistas&quot;","block_context":{"text":"Finalistas","link":"https:\/\/blogs.ess-edu.pt\/ap12a2008\/category\/finalistas\/"},"img":{"alt_text":"","src":"","width":0,"height":0},"classes":[]},{"id":40,"url":"https:\/\/blogs.ess-edu.pt\/ap12a2008\/2008\/11\/27\/semana-de-finalistas-24112008\/","url_meta":{"origin":302,"position":4},"title":"Semana de Finalistas (24\/11\/2008)","author":"Helena Sebastiana","date":"27 27+00:00 Novembro 27+00:00 2008","format":false,"excerpt":"Na passada segunda-feira,\u00a0dia 24 de Novembro de 2008, come\u00e7aram as actividades previstas da t\u00e3o esperada semana de finalistas. Foi realizado um jantar de conv\u00edvio para todos os finalistas da Escola Secund\u00e1ria da S\u00e9. O jantar teve in\u00edcio \u00e0s 20 horas e durou pela noite dentro no restaurante \u201cO Padrinho\u201d. Um\u2026","rel":"","context":"In &quot;Finalistas&quot;","block_context":{"text":"Finalistas","link":"https:\/\/blogs.ess-edu.pt\/ap12a2008\/category\/finalistas\/"},"img":{"alt_text":"","src":"","width":0,"height":0},"classes":[]},{"id":64,"url":"https:\/\/blogs.ess-edu.pt\/ap12a2008\/2008\/11\/27\/semana-de-finalistas-26112008\/","url_meta":{"origin":302,"position":5},"title":"Semana de Finalistas (26\/11\/2008)","author":"Helena Sebastiana","date":"27 27+00:00 Novembro 27+00:00 2008","format":false,"excerpt":"CqWFD3190698-02.jpg Como estava estipulado no programa da nossa semana de finalistas, quarta-feira,\u00a0 dia 26, era dia do raid \u00e0s tascas. Reunimo-nos em frente da S\u00e9 Catedral, pelas 21:30 horas. Apesar do frio, \u00a0o esp\u00edrito de finalista encontrava-se no auge. Depois de reunido um n\u00famero consider\u00e1vel de finalistas iniciou-se a ronda.\u2026","rel":"","context":"In &quot;Finalistas&quot;","block_context":{"text":"Finalistas","link":"https:\/\/blogs.ess-edu.pt\/ap12a2008\/category\/finalistas\/"},"img":{"alt_text":"","src":"","width":0,"height":0},"classes":[]}],"_links":{"self":[{"href":"https:\/\/blogs.ess-edu.pt\/ap12a2008\/wp-json\/wp\/v2\/posts\/302","targetHints":{"allow":["GET"]}}],"collection":[{"href":"https:\/\/blogs.ess-edu.pt\/ap12a2008\/wp-json\/wp\/v2\/posts"}],"about":[{"href":"https:\/\/blogs.ess-edu.pt\/ap12a2008\/wp-json\/wp\/v2\/types\/post"}],"author":[{"embeddable":true,"href":"https:\/\/blogs.ess-edu.pt\/ap12a2008\/wp-json\/wp\/v2\/users\/30"}],"replies":[{"embeddable":true,"href":"https:\/\/blogs.ess-edu.pt\/ap12a2008\/wp-json\/wp\/v2\/comments?post=302"}],"version-history":[{"count":0,"href":"https:\/\/blogs.ess-edu.pt\/ap12a2008\/wp-json\/wp\/v2\/posts\/302\/revisions"}],"wp:attachment":[{"href":"https:\/\/blogs.ess-edu.pt\/ap12a2008\/wp-json\/wp\/v2\/media?parent=302"}],"wp:term":[{"taxonomy":"category","embeddable":true,"href":"https:\/\/blogs.ess-edu.pt\/ap12a2008\/wp-json\/wp\/v2\/categories?post=302"},{"taxonomy":"post_tag","embeddable":true,"href":"https:\/\/blogs.ess-edu.pt\/ap12a2008\/wp-json\/wp\/v2\/tags?post=302"}],"curies":[{"name":"wp","href":"https:\/\/api.w.org\/{rel}","templated":true}]}}