{"id":303,"date":"2009-02-26T17:09:34","date_gmt":"2009-02-26T17:09:34","guid":{"rendered":"http:\/\/blogs.ess-edu.pt\/ap12a2008\/?p=303"},"modified":"2024-07-15T21:51:57","modified_gmt":"2024-07-15T21:51:57","slug":"desfile-de-mascaras-e-disfarces","status":"publish","type":"post","link":"https:\/\/blogs.ess-edu.pt\/ap12a2008\/2009\/02\/26\/desfile-de-mascaras-e-disfarces\/","title":{"rendered":"Desfile de m\u00e1scaras e disfarces"},"content":{"rendered":"<p>Na sexta-feira, dia 20, por volta das 15:30 horas deu-se in\u00edcio ao concurso de m\u00e1scaras e disfarces.<\/p>\n<p>Foi apresentado por dois alunos do 12.\u00ba ano, Tiago Silva e Joana Coelho.<\/p>\n<p>Participaram alunos desde o 5.\u00ba ano at\u00e9 ao 9.\u00ba ano de escolaridade. Cada turma tinha o seu tema de disfarce.<\/p>\n<p>Agradecemos disponibilidade do criterioso j\u00fari que avaliou os v\u00e1rios grupos que se propuseram a desfilar.<\/p>\n<p>Parab\u00e9ns aos que defenderam o grande tema \u201cAnos 60\u201d, justos vencedores!<\/p>\n<p>Parab\u00e9ns pela originalidade!<\/p>\n","protected":false},"excerpt":{"rendered":"<p>Na sexta-feira, dia 20, por volta das 15:30 horas deu-se in\u00edcio ao concurso de m\u00e1scaras e disfarces.<\/p>\n<p>Foi apresentado por dois alunos do 12.\u00ba ano, Tiago Silva e Joana Coelho.<\/p>\n<p>Participaram alunos desde o 5.\u00ba ano at\u00e9 ao 9.\u00ba ano de escolaridade. Cada turma tinha o seu tema de disfarce.<\/p>\n<p>Agradecemos disponibilidade do criterioso j\u00fari [&#8230;]<\/p>\n","protected":false},"author":30,"featured_media":0,"comment_status":"open","ping_status":"open","sticky":false,"template":"","format":"standard","meta":{"jetpack_post_was_ever_published":false,"_jetpack_newsletter_access":"","_jetpack_dont_email_post_to_subs":false,"_jetpack_newsletter_tier_id":0,"_jetpack_memberships_contains_paywalled_content":false,"_jetpack_memberships_contains_paid_content":false,"footnotes":""},"categories":[76],"tags":[],"class_list":["post-303","post","type-post","status-publish","format-standard","hentry","category-eventos","odd"],"jetpack_featured_media_url":"","jetpack_sharing_enabled":true,"jetpack_shortlink":"https:\/\/wp.me\/paunJ5-4T","jetpack-related-posts":[{"id":520,"url":"https:\/\/blogs.ess-edu.pt\/ap12a2008\/2009\/05\/26\/1%c2%ba-premio-conquistado-pelo-tie-11%c2%ba-ano\/","url_meta":{"origin":303,"position":0},"title":"1.\u00ba Pr\u00e9mio conquistado pelo TIE (11.\u00ba ano)","author":"Helena Sebastiana","date":"26 26+00:00 Maio 26+00:00 2009","format":false,"excerpt":"\u00c0 turma do TIE (t\u00e9cnico de instala\u00e7\u00f5es el\u00e9ctricas) e ao professor Paulo Abrunhosa foi lan\u00e7ado o desafio para, no \u00e2mbito da Rob\u00f3tica M\u00f3vel, concorrer \u00e0 II Montra de Oportunidades. Os alunos do segundo ano deste curso e o professor aceitaram o repto e desenvolveram um projecto denominado \u201dve\u00edculo aut\u00f3nomo de\u2026","rel":"","context":"In &quot;Eventos&quot;","block_context":{"text":"Eventos","link":"https:\/\/blogs.ess-edu.pt\/ap12a2008\/category\/eventos\/"},"img":{"alt_text":"","src":"","width":0,"height":0},"classes":[]},{"id":295,"url":"https:\/\/blogs.ess-edu.pt\/ap12a2008\/2009\/02\/26\/clube-de-jornalismo\/","url_meta":{"origin":303,"position":1},"title":"Clube de Jornalismo","author":"Helena Sebastiana","date":"26 26+00:00 Fevereiro 26+00:00 2009","format":false,"excerpt":"1. Quais as finalidades deste Clube? R: As finalidades do Clube passam pelo desenvolvimento da express\u00e3o escrita, pelo est\u00edmulo do gosto pelo texto jornal\u00edstico e pelo apoio que \u00e9 dado ao jornal da nossa escola \u201cEscola Aberta\u201d. 2. Que actividades s\u00e3o realizadas neste Clube? R: Essencialmente, a produ\u00e7\u00e3o de texto\u2026","rel":"","context":"In &quot;Clubes&quot;","block_context":{"text":"Clubes","link":"https:\/\/blogs.ess-edu.pt\/ap12a2008\/category\/clubes\/"},"img":{"alt_text":"","src":"","width":0,"height":0},"classes":[]},{"id":276,"url":"https:\/\/blogs.ess-edu.pt\/ap12a2008\/2009\/02\/03\/clube-de-xadrez-e-damas\/","url_meta":{"origin":303,"position":2},"title":"Clube de Xadrez e Damas","author":"Helena Sebastiana","date":"3 03+00:00 Fevereiro 03+00:00 2009","format":false,"excerpt":"Na nossa escola, est\u00e1 aberto a todos os alunos o Clube de Xadrez e Damas. Funciona \u00e0s segundas e ter\u00e7as-feiras entre as 12:25 horas e as 13:10 horas, e tamb\u00e9m \u00e0s quintas-feiras das 13:15 horas at\u00e9 \u00e0s 14:00 horas, na sala Normal 13. Este clube est\u00e1 aberto a alunos de\u2026","rel":"","context":"In &quot;Clubes&quot;","block_context":{"text":"Clubes","link":"https:\/\/blogs.ess-edu.pt\/ap12a2008\/category\/clubes\/"},"img":{"alt_text":"","src":"","width":0,"height":0},"classes":[]},{"id":378,"url":"https:\/\/blogs.ess-edu.pt\/ap12a2008\/2009\/04\/30\/a-minha-experiencia-pessoal-a-lloret-de-mar-by-anabela\/","url_meta":{"origin":303,"position":3},"title":"A minha experi\u00eancia pessoal a LLoret de Mar &#8211; By Anabela","author":"Helena Sebastiana","date":"30 30+00:00 Abril 30+00:00 2009","format":false,"excerpt":"Bem, para come\u00e7ar, acho que n\u00e3o tenho palavras para descrever o qu\u00e3o gratificante e enriquecedora foi a viagem\u2026 Em primeiro lugar, foi a primeira vez que maior parte das pessoas fizeram uma Viagem assim. Por outro lado, esta viagem foi t\u00e3o esperada. Foram doze anos de espera! Finalmente, seria a\u00ed\u2026","rel":"","context":"In &quot;Finalistas&quot;","block_context":{"text":"Finalistas","link":"https:\/\/blogs.ess-edu.pt\/ap12a2008\/category\/finalistas\/"},"img":{"alt_text":"clip_image0023","src":"https:\/\/i0.wp.com\/blogs.ess-edu.pt\/ap12a2008\/files\/2009\/04\/clip_image0023-300x224.jpg?resize=350%2C200&ssl=1","width":350,"height":200},"classes":[]},{"id":333,"url":"https:\/\/blogs.ess-edu.pt\/ap12a2008\/2009\/03\/24\/feira-sweetcef\/","url_meta":{"origin":303,"position":4},"title":"Feira SweetCEF","author":"Helena Sebastiana","date":"24 24+00:00 Mar\u00e7o 24+00:00 2009","format":false,"excerpt":"Decorreu hoje, na escola, uma venda de artigos de P\u00e1scoa, elaborados pela turma do CEF. Estes alunos desempenham as fun\u00e7\u00f5es de \u201cempregados assistentes comerciais\u201d. Estes alunos t\u00eam 4 componentes pr\u00e1ticas fundamentais em que s\u00e3o avaliados: stock e merchandising; procedimentos administrativos em contexto comercial; servi\u00e7os p\u00f3s - venda e t\u00e9cnicas de\u2026","rel":"","context":"In &quot;Aconteceu...&quot;","block_context":{"text":"Aconteceu...","link":"https:\/\/blogs.ess-edu.pt\/ap12a2008\/category\/aconteceu\/"},"img":{"alt_text":"","src":"https:\/\/i0.wp.com\/blogs.ess-edu.pt\/ap12a2008\/files\/2009\/03\/clip_image0024-300x225.jpg?resize=350%2C200&ssl=1","width":350,"height":200},"classes":[]},{"id":254,"url":"https:\/\/blogs.ess-edu.pt\/ap12a2008\/2009\/01\/22\/clube-de-orientacao-e-pedestrianismo\/","url_meta":{"origin":303,"position":5},"title":"Clube de Orienta\u00e7\u00e3o e Pedestrianismo","author":"Helena Sebastiana","date":"22 22+00:00 Janeiro 22+00:00 2009","format":false,"excerpt":"Segundo a professora Nadir Lopes, este clube, foi criado no ano lectivo 2006\/2007 e pretende despertar o gosto para as actividades ao ar livre, para os conhecimentos de orienta\u00e7\u00e3o e para a realiza\u00e7\u00e3o de caminhadas ao ar livre. Este clube destina-se, essencialmente, aos alunos do terceiro ciclo do Ensino B\u00e1sico.\u2026","rel":"","context":"In &quot;Clubes&quot;","block_context":{"text":"Clubes","link":"https:\/\/blogs.ess-edu.pt\/ap12a2008\/category\/clubes\/"},"img":{"alt_text":"","src":"","width":0,"height":0},"classes":[]}],"_links":{"self":[{"href":"https:\/\/blogs.ess-edu.pt\/ap12a2008\/wp-json\/wp\/v2\/posts\/303","targetHints":{"allow":["GET"]}}],"collection":[{"href":"https:\/\/blogs.ess-edu.pt\/ap12a2008\/wp-json\/wp\/v2\/posts"}],"about":[{"href":"https:\/\/blogs.ess-edu.pt\/ap12a2008\/wp-json\/wp\/v2\/types\/post"}],"author":[{"embeddable":true,"href":"https:\/\/blogs.ess-edu.pt\/ap12a2008\/wp-json\/wp\/v2\/users\/30"}],"replies":[{"embeddable":true,"href":"https:\/\/blogs.ess-edu.pt\/ap12a2008\/wp-json\/wp\/v2\/comments?post=303"}],"version-history":[{"count":0,"href":"https:\/\/blogs.ess-edu.pt\/ap12a2008\/wp-json\/wp\/v2\/posts\/303\/revisions"}],"wp:attachment":[{"href":"https:\/\/blogs.ess-edu.pt\/ap12a2008\/wp-json\/wp\/v2\/media?parent=303"}],"wp:term":[{"taxonomy":"category","embeddable":true,"href":"https:\/\/blogs.ess-edu.pt\/ap12a2008\/wp-json\/wp\/v2\/categories?post=303"},{"taxonomy":"post_tag","embeddable":true,"href":"https:\/\/blogs.ess-edu.pt\/ap12a2008\/wp-json\/wp\/v2\/tags?post=303"}],"curies":[{"name":"wp","href":"https:\/\/api.w.org\/{rel}","templated":true}]}}