{"id":308,"date":"2009-03-05T16:35:34","date_gmt":"2009-03-05T16:35:34","guid":{"rendered":"http:\/\/blogs.ess-edu.pt\/ap12a2008\/?p=308"},"modified":"2024-07-16T00:03:48","modified_gmt":"2024-07-16T00:03:48","slug":"teste-intermedio-de-biologia-e-geologia-a","status":"publish","type":"post","link":"https:\/\/blogs.ess-edu.pt\/ap12a2008\/2009\/03\/05\/teste-intermedio-de-biologia-e-geologia-a\/","title":{"rendered":"Teste Interm\u00e9dio de Biologia e Geologia  A"},"content":{"rendered":"<p>Hoje, realizou-se a prova interm\u00e9dia de Biologia e Geologia\u00a0 A, pelas 11 horas e 30 minutos. Esta prova foi destinada ao 11.\u00ba ano.<\/p>\n<p>Esperamos que tenha corrido bem!<\/p>\n","protected":false},"excerpt":{"rendered":"<p>Hoje, realizou-se a prova interm\u00e9dia de Biologia e Geologia A, pelas 11 horas e 30 minutos. Esta prova foi destinada ao 11.\u00ba ano.<\/p>\n<p>Esperamos que tenha corrido bem!<\/p>\n","protected":false},"author":30,"featured_media":0,"comment_status":"open","ping_status":"open","sticky":false,"template":"","format":"standard","meta":{"jetpack_post_was_ever_published":false,"_jetpack_newsletter_access":"","_jetpack_dont_email_post_to_subs":false,"_jetpack_newsletter_tier_id":0,"_jetpack_memberships_contains_paywalled_content":false,"_jetpack_memberships_contains_paid_content":false,"footnotes":""},"categories":[82],"tags":[],"class_list":["post-308","post","type-post","status-publish","format-standard","hentry","category-aconteceu","odd"],"jetpack_featured_media_url":"","jetpack_sharing_enabled":true,"jetpack_shortlink":"https:\/\/wp.me\/paunJ5-4Y","jetpack-related-posts":[{"id":517,"url":"https:\/\/blogs.ess-edu.pt\/ap12a2008\/2009\/05\/26\/teste-intermedio-de-biologiageologia-10%c2%ba-ano\/","url_meta":{"origin":308,"position":0},"title":"Teste interm\u00e9dio de Biologia\/Geologia 10.\u00ba ano","author":"Helena Sebastiana","date":"26 26+00:00 Maio 26+00:00 2009","format":false,"excerpt":"Realizar-se-\u00e1 no dia 28 de Maio, quinta-feira, o teste interm\u00e9dio de Biologia\/Geologia A, para as turmas de 10.\u00ba ano, do curso de Ci\u00eancias e Tecnologias. A todos os alunos, desejamos Boa Sorte!","rel":"","context":"In &quot;Aconteceu...&quot;","block_context":{"text":"Aconteceu...","link":"https:\/\/blogs.ess-edu.pt\/ap12a2008\/category\/aconteceu\/"},"img":{"alt_text":"","src":"","width":0,"height":0},"classes":[]},{"id":266,"url":"https:\/\/blogs.ess-edu.pt\/ap12a2008\/2009\/01\/27\/cursofisioterapia\/","url_meta":{"origin":308,"position":1},"title":"Curso: Fisioterapia","author":"Helena Sebastiana","date":"27 27+00:00 Janeiro 27+00:00 2009","format":false,"excerpt":"Centra-se na an\u00e1lise e avalia\u00e7\u00e3o do movimento e da postura, tendo como base a estrutura e fun\u00e7\u00e3o do corpo. Lan\u00e7a m\u00e3o a modalidades educativas e terap\u00eauticas espec\u00edficas, com base, essencialmente, no movimento, nas terapias manipulativas e em meios f\u00edsicos e naturais. Tem como finalidade a promo\u00e7\u00e3o da sa\u00fade e preven\u00e7\u00e3o\u2026","rel":"","context":"In &quot;E agora?...&quot;","block_context":{"text":"E agora?...","link":"https:\/\/blogs.ess-edu.pt\/ap12a2008\/category\/e-agora\/"},"img":{"alt_text":"","src":"","width":0,"height":0},"classes":[]},{"id":280,"url":"https:\/\/blogs.ess-edu.pt\/ap12a2008\/2009\/02\/05\/academia-militar\/","url_meta":{"origin":308,"position":2},"title":"Academia Militar","author":"Helena Sebastiana","date":"5 05+00:00 Fevereiro 05+00:00 2009","format":false,"excerpt":"A Academia Militar \u00e9 um estabelecimento de ensino superior p\u00fablico universit\u00e1rio militar que desenvolve actividades de ensino, de investiga\u00e7\u00e3o e de apoio \u00e0 comunidade, com finalidade essencial de formar Oficiais destinados aos quadros permanentes das Armas e Servi\u00e7os do Ex\u00e9rcito e da Guarda Nacional Republicana. Existem dentro desta Academia v\u00e1rios\u2026","rel":"","context":"In &quot;E agora?...&quot;","block_context":{"text":"E agora?...","link":"https:\/\/blogs.ess-edu.pt\/ap12a2008\/category\/e-agora\/"},"img":{"alt_text":"","src":"","width":0,"height":0},"classes":[]},{"id":290,"url":"https:\/\/blogs.ess-edu.pt\/ap12a2008\/2009\/02\/12\/datas-dos-exames-nacionais-11%c2%ba-e-12%c2%ba-anos\/","url_meta":{"origin":308,"position":3},"title":"Datas dos Exames Nacionais &#8211; 11.\u00ba e 12.\u00ba anos","author":"Helena Sebastiana","date":"12 12+00:00 Fevereiro 12+00:00 2009","format":false,"excerpt":"Tal como as datas de inscri\u00e7\u00e3o para os Exames Nacionais, tamb\u00e9m est\u00e3o expostas as datas da sua realiza\u00e7\u00e3o, no \u00e1trio da escola. Pensamos que se torna importante fazer a sua divulga\u00e7\u00e3o. Aten\u00e7\u00e3o, alunos dos 11.\u00ba e 12.\u00ba anos! 1.\u00aa fase: Portugu\u00eas (639) - 16 de Junho (das 9h \u00e0s 11h)\u2026","rel":"","context":"In &quot;Exames Nacionais 08\/09&quot;","block_context":{"text":"Exames Nacionais 08\/09","link":"https:\/\/blogs.ess-edu.pt\/ap12a2008\/category\/exames-nacionais-0809\/"},"img":{"alt_text":"","src":"","width":0,"height":0},"classes":[]},{"id":250,"url":"https:\/\/blogs.ess-edu.pt\/ap12a2008\/2009\/01\/15\/curso-criminologia\/","url_meta":{"origin":308,"position":4},"title":"Curso: Criminologia","author":"Helena Sebastiana","date":"15 15+00:00 Janeiro 15+00:00 2009","format":false,"excerpt":"A Criminologia \u00e9 uma ci\u00eancia emp\u00edrica e interdisciplinar que se ocupa do crime, do criminoso, da v\u00edtima e do controle social do acto criminoso. \u00c9 emp\u00edrica, pois baseia-se na experi\u00eancia da observa\u00e7\u00e3o, nos factos e na pr\u00e1tica, mais que em opini\u00f5es e argumentos. Beneficiando de um plano de estudos que\u2026","rel":"","context":"In &quot;E agora?...&quot;","block_context":{"text":"E agora?...","link":"https:\/\/blogs.ess-edu.pt\/ap12a2008\/category\/e-agora\/"},"img":{"alt_text":"","src":"","width":0,"height":0},"classes":[]},{"id":505,"url":"https:\/\/blogs.ess-edu.pt\/ap12a2008\/2009\/05\/21\/teste-intermedio-de-biologia-11%c2%ba-ano\/","url_meta":{"origin":308,"position":5},"title":"Teste Interm\u00e9dio de Biologia &#8211; 11.\u00ba ano","author":"Helena Sebastiana","date":"21 21+00:00 Maio 21+00:00 2009","format":false,"excerpt":"Hoje, realizou-se o teste interm\u00e9dio de Biologia do 11.\u00ba ano, que teve dura\u00e7\u00e3o de uma hora e trinta minutos. Desejamos que os resultados correspondam \u00e0s expectativas!","rel":"","context":"In &quot;Aconteceu...&quot;","block_context":{"text":"Aconteceu...","link":"https:\/\/blogs.ess-edu.pt\/ap12a2008\/category\/aconteceu\/"},"img":{"alt_text":"","src":"","width":0,"height":0},"classes":[]}],"_links":{"self":[{"href":"https:\/\/blogs.ess-edu.pt\/ap12a2008\/wp-json\/wp\/v2\/posts\/308","targetHints":{"allow":["GET"]}}],"collection":[{"href":"https:\/\/blogs.ess-edu.pt\/ap12a2008\/wp-json\/wp\/v2\/posts"}],"about":[{"href":"https:\/\/blogs.ess-edu.pt\/ap12a2008\/wp-json\/wp\/v2\/types\/post"}],"author":[{"embeddable":true,"href":"https:\/\/blogs.ess-edu.pt\/ap12a2008\/wp-json\/wp\/v2\/users\/30"}],"replies":[{"embeddable":true,"href":"https:\/\/blogs.ess-edu.pt\/ap12a2008\/wp-json\/wp\/v2\/comments?post=308"}],"version-history":[{"count":0,"href":"https:\/\/blogs.ess-edu.pt\/ap12a2008\/wp-json\/wp\/v2\/posts\/308\/revisions"}],"wp:attachment":[{"href":"https:\/\/blogs.ess-edu.pt\/ap12a2008\/wp-json\/wp\/v2\/media?parent=308"}],"wp:term":[{"taxonomy":"category","embeddable":true,"href":"https:\/\/blogs.ess-edu.pt\/ap12a2008\/wp-json\/wp\/v2\/categories?post=308"},{"taxonomy":"post_tag","embeddable":true,"href":"https:\/\/blogs.ess-edu.pt\/ap12a2008\/wp-json\/wp\/v2\/tags?post=308"}],"curies":[{"name":"wp","href":"https:\/\/api.w.org\/{rel}","templated":true}]}}