{"id":333,"date":"2009-03-24T15:32:11","date_gmt":"2009-03-24T15:32:11","guid":{"rendered":"http:\/\/blogs.ess-edu.pt\/ap12a2008\/?p=333"},"modified":"2024-07-15T23:34:09","modified_gmt":"2024-07-15T23:34:09","slug":"feira-sweetcef","status":"publish","type":"post","link":"https:\/\/blogs.ess-edu.pt\/ap12a2008\/2009\/03\/24\/feira-sweetcef\/","title":{"rendered":"Feira SweetCEF"},"content":{"rendered":"<p>Decorreu hoje, na escola, uma venda de artigos de P\u00e1scoa, elaborados pela turma do CEF.<\/p>\n<p>Estes alunos desempenham as fun\u00e7\u00f5es de \u201cempregados assistentes comerciais\u201d. Estes alunos t\u00eam 4 componentes pr\u00e1ticas fundamentais em que s\u00e3o avaliados: stock e merchandising; procedimentos administrativos em contexto comercial; servi\u00e7os p\u00f3s &#8211; venda e t\u00e9cnicas de atendimento.<\/p>\n<p>Com este projecto os alunos est\u00e3o a p\u00f4r em pr\u00e1tica os conhecimentos adquiridos nas aulas.<\/p>\n<p>Parab\u00e9ns pela iniciativa! Aos alunos e aos professores!<\/p>\n<p class=\"MsoNormal\" style=\"margin: 0cm 0cm 0pt; text-align: justify;\"><span style=\"font-size: 12pt;\"><span style=\"font-family: Calibri;\"><a href=\"https:\/\/blogs.ess-edu.pt\/ap12a2008\/files\/2009\/03\/clip_image0024.jpg\"><img loading=\"lazy\" decoding=\"async\" data-attachment-id=\"334\" data-permalink=\"https:\/\/blogs.ess-edu.pt\/ap12a2008\/2009\/03\/24\/feira-sweetcef\/clip_image0024\/\" data-orig-file=\"https:\/\/blogs.ess-edu.pt\/ap12a2008\/files\/\/var\/www\/vhosts\/ess.edu.pt\/subdomains\/blogs\/httpdocs\/wp-content\/blogs.dir\/18\/files\/\/2009\/03\/clip_image0024.jpg\" data-orig-size=\"567,426\" data-comments-opened=\"1\" data-image-meta=\"{&quot;aperture&quot;:&quot;0&quot;,&quot;credit&quot;:&quot;&quot;,&quot;camera&quot;:&quot;&quot;,&quot;caption&quot;:&quot;&quot;,&quot;created_timestamp&quot;:&quot;0&quot;,&quot;copyright&quot;:&quot;&quot;,&quot;focal_length&quot;:&quot;0&quot;,&quot;iso&quot;:&quot;0&quot;,&quot;shutter_speed&quot;:&quot;0&quot;,&quot;title&quot;:&quot;&quot;}\" data-image-title=\"clip_image0024\" data-image-description=\"\" data-image-caption=\"\" data-large-file=\"https:\/\/blogs.ess-edu.pt\/ap12a2008\/files\/\/var\/www\/vhosts\/ess.edu.pt\/subdomains\/blogs\/httpdocs\/wp-content\/blogs.dir\/18\/files\/\/2009\/03\/clip_image0024.jpg\" class=\"size-medium wp-image-334 aligncenter\" src=\"https:\/\/blogs.ess-edu.pt\/ap12a2008\/files\/2009\/03\/clip_image0024-300x225.jpg\" alt=\"\" width=\"300\" height=\"225\" \/><\/a><\/span><\/span><\/p>\n","protected":false},"excerpt":{"rendered":"<p>Decorreu hoje, na escola, uma venda de artigos de P\u00e1scoa, elaborados pela turma do CEF.<\/p>\n<p>Estes alunos desempenham as fun\u00e7\u00f5es de \u201cempregados assistentes comerciais\u201d. Estes alunos t\u00eam 4 componentes pr\u00e1ticas fundamentais em que s\u00e3o avaliados: stock e merchandising; procedimentos administrativos em contexto comercial; servi\u00e7os p\u00f3s &#8211; venda e t\u00e9cnicas de atendimento.<\/p>\n<p>Com este projecto os [&#8230;]<\/p>\n","protected":false},"author":30,"featured_media":0,"comment_status":"open","ping_status":"open","sticky":false,"template":"","format":"standard","meta":{"jetpack_post_was_ever_published":false,"_jetpack_newsletter_access":"","_jetpack_dont_email_post_to_subs":false,"_jetpack_newsletter_tier_id":0,"_jetpack_memberships_contains_paywalled_content":false,"_jetpack_memberships_contains_paid_content":false,"footnotes":""},"categories":[82],"tags":[],"class_list":["post-333","post","type-post","status-publish","format-standard","hentry","category-aconteceu","odd"],"jetpack_featured_media_url":"","jetpack_sharing_enabled":true,"jetpack_shortlink":"https:\/\/wp.me\/paunJ5-5n","jetpack-related-posts":[{"id":254,"url":"https:\/\/blogs.ess-edu.pt\/ap12a2008\/2009\/01\/22\/clube-de-orientacao-e-pedestrianismo\/","url_meta":{"origin":333,"position":0},"title":"Clube de Orienta\u00e7\u00e3o e Pedestrianismo","author":"Helena Sebastiana","date":"22 22+00:00 Janeiro 22+00:00 2009","format":false,"excerpt":"Segundo a professora Nadir Lopes, este clube, foi criado no ano lectivo 2006\/2007 e pretende despertar o gosto para as actividades ao ar livre, para os conhecimentos de orienta\u00e7\u00e3o e para a realiza\u00e7\u00e3o de caminhadas ao ar livre. Este clube destina-se, essencialmente, aos alunos do terceiro ciclo do Ensino B\u00e1sico.\u2026","rel":"","context":"In &quot;Clubes&quot;","block_context":{"text":"Clubes","link":"https:\/\/blogs.ess-edu.pt\/ap12a2008\/category\/clubes\/"},"img":{"alt_text":"","src":"","width":0,"height":0},"classes":[]},{"id":186,"url":"https:\/\/blogs.ess-edu.pt\/ap12a2008\/2009\/01\/06\/programa-comenius\/","url_meta":{"origin":333,"position":1},"title":"Programa Comenius","author":"Helena Sebastiana","date":"6 06+00:00 Janeiro 06+00:00 2009","format":false,"excerpt":"Segundo a Professora Maria Jos\u00e9 Alvelos, o programa Comenius pretende desenvolver a dimens\u00e3o europeia nas escolas participantes, tendo em vista o refor\u00e7o da cidadania europeia para o conhecimento e preserva\u00e7\u00e3o da heran\u00e7a cultural, hist\u00f3rica e social dos pa\u00edses envolvidos. Tem como finalidade o enriquecimento das aprendizagens s\u00f3cio-culturais dos alunos e\u2026","rel":"","context":"In &quot;Clubes&quot;","block_context":{"text":"Clubes","link":"https:\/\/blogs.ess-edu.pt\/ap12a2008\/category\/clubes\/"},"img":{"alt_text":"","src":"","width":0,"height":0},"classes":[]},{"id":295,"url":"https:\/\/blogs.ess-edu.pt\/ap12a2008\/2009\/02\/26\/clube-de-jornalismo\/","url_meta":{"origin":333,"position":2},"title":"Clube de Jornalismo","author":"Helena Sebastiana","date":"26 26+00:00 Fevereiro 26+00:00 2009","format":false,"excerpt":"1. Quais as finalidades deste Clube? R: As finalidades do Clube passam pelo desenvolvimento da express\u00e3o escrita, pelo est\u00edmulo do gosto pelo texto jornal\u00edstico e pelo apoio que \u00e9 dado ao jornal da nossa escola \u201cEscola Aberta\u201d. 2. Que actividades s\u00e3o realizadas neste Clube? R: Essencialmente, a produ\u00e7\u00e3o de texto\u2026","rel":"","context":"In &quot;Clubes&quot;","block_context":{"text":"Clubes","link":"https:\/\/blogs.ess-edu.pt\/ap12a2008\/category\/clubes\/"},"img":{"alt_text":"","src":"","width":0,"height":0},"classes":[]},{"id":263,"url":"https:\/\/blogs.ess-edu.pt\/ap12a2008\/2009\/01\/22\/clube-de-danca-e-ginastica-acrobatica\/","url_meta":{"origin":333,"position":3},"title":"Clube de Dan\u00e7a e Gin\u00e1stica Acrob\u00e1tica","author":"Helena Sebastiana","date":"22 22+00:00 Janeiro 22+00:00 2009","format":false,"excerpt":"S\u00ea C(h)ool - Quais as finalidades deste clube? Professor Jaime - O grande objectivo dos clubes \u00e9 motivar os alunos para uma pr\u00e1tica desportiva. N\u00e3o importa qual. No caso concreto \u00e9 a gin\u00e1stica e a dan\u00e7a. Como voc\u00eas sabem, n\u00e3o sou um indiv\u00edduo perito nisto. Gosto de ver principalmente a\u2026","rel":"","context":"In &quot;Clubes&quot;","block_context":{"text":"Clubes","link":"https:\/\/blogs.ess-edu.pt\/ap12a2008\/category\/clubes\/"},"img":{"alt_text":"","src":"","width":0,"height":0},"classes":[]},{"id":438,"url":"https:\/\/blogs.ess-edu.pt\/ap12a2008\/2009\/05\/05\/viagem-de-estudo-do-5%c2%baano\/","url_meta":{"origin":333,"position":4},"title":"Viagem de estudo do 5.\u00ba ano","author":"Helena Sebastiana","date":"5 05+00:00 Maio 05+00:00 2009","format":false,"excerpt":"No dia 17 de Abril de 2009, as turmas do 5.\u00ba ano da nossa escola, realizaram uma visita de estudo a Guimar\u00e3es e Braga. Na parte da manh\u00e3, os alunos dividiram-se em dois grupos. O primeiro grupo visitou o Pa\u00e7o dos Duques de Bragan\u00e7a. E o segundo visitou o Castelo\u2026","rel":"","context":"In &quot;Viagens de estudo&quot;","block_context":{"text":"Viagens de estudo","link":"https:\/\/blogs.ess-edu.pt\/ap12a2008\/category\/viagens-de-estudo\/"},"img":{"alt_text":"","src":"","width":0,"height":0},"classes":[]},{"id":549,"url":"https:\/\/blogs.ess-edu.pt\/ap12a2008\/2009\/06\/02\/a-minha-passagem-pela-escola-20062009-3\/","url_meta":{"origin":333,"position":5},"title":"A minha passagem pela escola &#8211; 2006\/2009","author":"Helena Sebastiana","date":"2 02+00:00 Junho 02+00:00 2009","format":false,"excerpt":"Tr\u00eas anos\u2026 Faltam apenas uns dias para o final das aulas. J\u00e1 recordo esta escola com muita saudade. O primeiro dia em que pisei esta escola foi um desastre! N\u00e3o sabia onde ficava a sala onde iria conhecer a minha turma e acabei na turma errada. Era suposto ir para\u2026","rel":"","context":"In &quot;A minha passagem pela escola&quot;","block_context":{"text":"A minha passagem pela escola","link":"https:\/\/blogs.ess-edu.pt\/ap12a2008\/category\/a-minha-passagem-pela-escola\/"},"img":{"alt_text":"","src":"","width":0,"height":0},"classes":[]}],"_links":{"self":[{"href":"https:\/\/blogs.ess-edu.pt\/ap12a2008\/wp-json\/wp\/v2\/posts\/333","targetHints":{"allow":["GET"]}}],"collection":[{"href":"https:\/\/blogs.ess-edu.pt\/ap12a2008\/wp-json\/wp\/v2\/posts"}],"about":[{"href":"https:\/\/blogs.ess-edu.pt\/ap12a2008\/wp-json\/wp\/v2\/types\/post"}],"author":[{"embeddable":true,"href":"https:\/\/blogs.ess-edu.pt\/ap12a2008\/wp-json\/wp\/v2\/users\/30"}],"replies":[{"embeddable":true,"href":"https:\/\/blogs.ess-edu.pt\/ap12a2008\/wp-json\/wp\/v2\/comments?post=333"}],"version-history":[{"count":0,"href":"https:\/\/blogs.ess-edu.pt\/ap12a2008\/wp-json\/wp\/v2\/posts\/333\/revisions"}],"wp:attachment":[{"href":"https:\/\/blogs.ess-edu.pt\/ap12a2008\/wp-json\/wp\/v2\/media?parent=333"}],"wp:term":[{"taxonomy":"category","embeddable":true,"href":"https:\/\/blogs.ess-edu.pt\/ap12a2008\/wp-json\/wp\/v2\/categories?post=333"},{"taxonomy":"post_tag","embeddable":true,"href":"https:\/\/blogs.ess-edu.pt\/ap12a2008\/wp-json\/wp\/v2\/tags?post=333"}],"curies":[{"name":"wp","href":"https:\/\/api.w.org\/{rel}","templated":true}]}}