{"id":335,"date":"2009-03-24T15:34:02","date_gmt":"2009-03-24T15:34:02","guid":{"rendered":"http:\/\/blogs.ess-edu.pt\/ap12a2008\/?p=335"},"modified":"2024-07-15T23:35:23","modified_gmt":"2024-07-15T23:35:23","slug":"dia-internacional-para-a-eliminacao-da-discriminacao-racial","status":"publish","type":"post","link":"https:\/\/blogs.ess-edu.pt\/ap12a2008\/2009\/03\/24\/dia-internacional-para-a-eliminacao-da-discriminacao-racial\/","title":{"rendered":"Dia Internacional para a Elimina\u00e7\u00e3o da Discrimina\u00e7\u00e3o Racial"},"content":{"rendered":"<p>No dia 21 de Mar\u00e7o, foi comemorado na escola o dia Internacional para a Elimina\u00e7\u00e3o da Discrimina\u00e7\u00e3o Racial.<\/p>\n<p>Este trabalho pretende alertar as pessoas para a necessidade de se reflectir e de se conviver em harmonia.<\/p>\n<p>Este trabalho foi realizado no \u00e2mbito de \u00c1rea de Projecto pelos seguintes elementos da turma do 12.\u00ba C: Daniela Morgado, Sara Loureiro, Vanessa Dias e Suse Duarte.<\/p>\n<p class=\"MsoNormal\" style=\"margin: 0cm 0cm 0pt; text-align: justify;\"><span style=\"font-size: 12pt;\"><span style=\"font-family: Calibri;\"><a href=\"https:\/\/blogs.ess-edu.pt\/ap12a2008\/files\/2009\/03\/clip_image0025.jpg\"><img loading=\"lazy\" decoding=\"async\" data-attachment-id=\"336\" data-permalink=\"https:\/\/blogs.ess-edu.pt\/ap12a2008\/2009\/03\/24\/dia-internacional-para-a-eliminacao-da-discriminacao-racial\/clip_image0025\/\" data-orig-file=\"https:\/\/blogs.ess-edu.pt\/ap12a2008\/files\/\/var\/www\/vhosts\/ess.edu.pt\/subdomains\/blogs\/httpdocs\/wp-content\/blogs.dir\/18\/files\/\/2009\/03\/clip_image0025.jpg\" data-orig-size=\"424,565\" data-comments-opened=\"1\" data-image-meta=\"{&quot;aperture&quot;:&quot;0&quot;,&quot;credit&quot;:&quot;&quot;,&quot;camera&quot;:&quot;&quot;,&quot;caption&quot;:&quot;&quot;,&quot;created_timestamp&quot;:&quot;0&quot;,&quot;copyright&quot;:&quot;&quot;,&quot;focal_length&quot;:&quot;0&quot;,&quot;iso&quot;:&quot;0&quot;,&quot;shutter_speed&quot;:&quot;0&quot;,&quot;title&quot;:&quot;&quot;}\" data-image-title=\"clip_image0025\" data-image-description=\"\" data-image-caption=\"\" data-large-file=\"https:\/\/blogs.ess-edu.pt\/ap12a2008\/files\/\/var\/www\/vhosts\/ess.edu.pt\/subdomains\/blogs\/httpdocs\/wp-content\/blogs.dir\/18\/files\/\/2009\/03\/clip_image0025.jpg\" class=\"size-medium wp-image-336 aligncenter\" src=\"https:\/\/blogs.ess-edu.pt\/ap12a2008\/files\/2009\/03\/clip_image0025-225x300.jpg\" alt=\"\" width=\"225\" height=\"300\" \/><\/a><\/span><\/span><\/p>\n","protected":false},"excerpt":{"rendered":"<p>No dia 21 de Mar\u00e7o, foi comemorado na escola o dia Internacional para a Elimina\u00e7\u00e3o da Discrimina\u00e7\u00e3o Racial.<\/p>\n<p>Este trabalho pretende alertar as pessoas para a necessidade de se reflectir e de se conviver em harmonia.<\/p>\n<p>Este trabalho foi realizado no \u00e2mbito de \u00c1rea de Projecto pelos seguintes elementos da turma do 12.\u00ba C: Daniela [&#8230;]<\/p>\n","protected":false},"author":30,"featured_media":0,"comment_status":"open","ping_status":"open","sticky":false,"template":"","format":"standard","meta":{"jetpack_post_was_ever_published":false,"_jetpack_newsletter_access":"","_jetpack_dont_email_post_to_subs":false,"_jetpack_newsletter_tier_id":0,"_jetpack_memberships_contains_paywalled_content":false,"_jetpack_memberships_contains_paid_content":false,"footnotes":""},"categories":[82],"tags":[],"class_list":["post-335","post","type-post","status-publish","format-standard","hentry","category-aconteceu","odd"],"jetpack_featured_media_url":"","jetpack_sharing_enabled":true,"jetpack_shortlink":"https:\/\/wp.me\/paunJ5-5p","jetpack-related-posts":[{"id":337,"url":"https:\/\/blogs.ess-edu.pt\/ap12a2008\/2009\/03\/24\/realizadores-por-alguns-dias\/","url_meta":{"origin":335,"position":0},"title":"Realizadores por alguns dias!","author":"Helena Sebastiana","date":"24 24+00:00 Mar\u00e7o 24+00:00 2009","format":false,"excerpt":"Depois de ser aprovada em plen\u00e1rio a ideia da realiza\u00e7\u00e3o de um filme da escola para a sua divulga\u00e7\u00e3o, foi constitu\u00eddo um grupo respons\u00e1vel pela elabora\u00e7\u00e3o e a realiza\u00e7\u00e3o do mesmo. Este filme pretendia mostrar um pouco do dia-a-dia da nossa escola, bem como os seus espa\u00e7os e todo o\u2026","rel":"","context":"In &quot;Aconteceu...&quot;","block_context":{"text":"Aconteceu...","link":"https:\/\/blogs.ess-edu.pt\/ap12a2008\/category\/aconteceu\/"},"img":{"alt_text":"","src":"","width":0,"height":0},"classes":[]},{"id":316,"url":"https:\/\/blogs.ess-edu.pt\/ap12a2008\/2009\/03\/24\/feira-das-profissoes-em-armamar\/","url_meta":{"origin":335,"position":1},"title":"Feira das Profiss\u00f5es em Armamar","author":"Helena Sebastiana","date":"24 24+00:00 Mar\u00e7o 24+00:00 2009","format":false,"excerpt":"Hoje, dia 24 de Mar\u00e7o de 2009, a Cristina, o Mik\u00e1, a Carolina, a C\u00e1tia e a Marina do 12.\u00ba A, o Diogo e a Joana do 10.\u00ba B e um grupo de professores foram divulgar a nossa escola a Armamar, numa feira de profiss\u00f5es promovida pela Escola B\u00e1sica\/2,3 Gomes\u2026","rel":"","context":"In &quot;Eventos&quot;","block_context":{"text":"Eventos","link":"https:\/\/blogs.ess-edu.pt\/ap12a2008\/category\/eventos\/"},"img":{"alt_text":"","src":"","width":0,"height":0},"classes":[]},{"id":525,"url":"https:\/\/blogs.ess-edu.pt\/ap12a2008\/2009\/05\/26\/a-minha-passagem-pela-escola-20022009\/","url_meta":{"origin":335,"position":2},"title":"A minha passagem pela escola &#8211; 2002\/2009","author":"Helena Sebastiana","date":"26 26+00:00 Maio 26+00:00 2009","format":false,"excerpt":"Todos os dias que chego \u00e0 escola e olho para ela, recordo-me com saudade, os sete anos que aqui passei. Das sensa\u00e7\u00f5es que experimentei, da alegria de conviver com os amigos, de conhecer toda a gente pelo seu nome, at\u00e9 mesmo da ang\u00fastia que surgia sempre antes dos stressantes dias\u2026","rel":"","context":"In &quot;A minha passagem pela escola&quot;","block_context":{"text":"A minha passagem pela escola","link":"https:\/\/blogs.ess-edu.pt\/ap12a2008\/category\/a-minha-passagem-pela-escola\/"},"img":{"alt_text":"","src":"","width":0,"height":0},"classes":[]},{"id":295,"url":"https:\/\/blogs.ess-edu.pt\/ap12a2008\/2009\/02\/26\/clube-de-jornalismo\/","url_meta":{"origin":335,"position":3},"title":"Clube de Jornalismo","author":"Helena Sebastiana","date":"26 26+00:00 Fevereiro 26+00:00 2009","format":false,"excerpt":"1. Quais as finalidades deste Clube? R: As finalidades do Clube passam pelo desenvolvimento da express\u00e3o escrita, pelo est\u00edmulo do gosto pelo texto jornal\u00edstico e pelo apoio que \u00e9 dado ao jornal da nossa escola \u201cEscola Aberta\u201d. 2. Que actividades s\u00e3o realizadas neste Clube? R: Essencialmente, a produ\u00e7\u00e3o de texto\u2026","rel":"","context":"In &quot;Clubes&quot;","block_context":{"text":"Clubes","link":"https:\/\/blogs.ess-edu.pt\/ap12a2008\/category\/clubes\/"},"img":{"alt_text":"","src":"","width":0,"height":0},"classes":[]},{"id":528,"url":"https:\/\/blogs.ess-edu.pt\/ap12a2008\/2009\/05\/28\/a-minha-passagem-pela-escola-20032009\/","url_meta":{"origin":335,"position":4},"title":"A minha passagem pela escola &#8211; 2003\/2009","author":"Helena Sebastiana","date":"28 28+00:00 Maio 28+00:00 2009","format":false,"excerpt":"Seis anos, uma vida\u2026 Vai fazer, sensivelmente, seis anos que entrei pela primeira vez nesta escola\u2026 eu era t\u00e3o pequena e a escola t\u00e3o grande que me senti\u2026 intimidada\u2026 Intimidada n\u00e3o \u00e9 a palavra certa, talvez estupefacta seja a palavra mais indicada! Tenho a certeza absoluta que n\u00e3o seria a\u2026","rel":"","context":"In &quot;A minha passagem pela escola&quot;","block_context":{"text":"A minha passagem pela escola","link":"https:\/\/blogs.ess-edu.pt\/ap12a2008\/category\/a-minha-passagem-pela-escola\/"},"img":{"alt_text":"","src":"","width":0,"height":0},"classes":[]},{"id":98,"url":"https:\/\/blogs.ess-edu.pt\/ap12a2008\/2008\/12\/04\/semana-de-finalistas-1122008\/","url_meta":{"origin":335,"position":5},"title":"Semana de Finalistas (1\/12\/2008)","author":"Helena Sebastiana","date":"4 04+00:00 Dezembro 04+00:00 2008","format":false,"excerpt":"Foi no passado dia 1 de Dezembro que acabaram as festividades da Semana de Finalistas. Melhor dizendo, da nossa semana. O dia come\u00e7ou com uma missa celebrada na S\u00e9 Catedral da cidade. Foi um momento \u00fanico e bel\u00edssimo, abrilhantado pelas maravilhosas vozes dos finalistas. Capas pretas e fitas aos milhares!\u2026","rel":"","context":"In &quot;Finalistas&quot;","block_context":{"text":"Finalistas","link":"https:\/\/blogs.ess-edu.pt\/ap12a2008\/category\/finalistas\/"},"img":{"alt_text":"","src":"","width":0,"height":0},"classes":[]}],"_links":{"self":[{"href":"https:\/\/blogs.ess-edu.pt\/ap12a2008\/wp-json\/wp\/v2\/posts\/335","targetHints":{"allow":["GET"]}}],"collection":[{"href":"https:\/\/blogs.ess-edu.pt\/ap12a2008\/wp-json\/wp\/v2\/posts"}],"about":[{"href":"https:\/\/blogs.ess-edu.pt\/ap12a2008\/wp-json\/wp\/v2\/types\/post"}],"author":[{"embeddable":true,"href":"https:\/\/blogs.ess-edu.pt\/ap12a2008\/wp-json\/wp\/v2\/users\/30"}],"replies":[{"embeddable":true,"href":"https:\/\/blogs.ess-edu.pt\/ap12a2008\/wp-json\/wp\/v2\/comments?post=335"}],"version-history":[{"count":0,"href":"https:\/\/blogs.ess-edu.pt\/ap12a2008\/wp-json\/wp\/v2\/posts\/335\/revisions"}],"wp:attachment":[{"href":"https:\/\/blogs.ess-edu.pt\/ap12a2008\/wp-json\/wp\/v2\/media?parent=335"}],"wp:term":[{"taxonomy":"category","embeddable":true,"href":"https:\/\/blogs.ess-edu.pt\/ap12a2008\/wp-json\/wp\/v2\/categories?post=335"},{"taxonomy":"post_tag","embeddable":true,"href":"https:\/\/blogs.ess-edu.pt\/ap12a2008\/wp-json\/wp\/v2\/tags?post=335"}],"curies":[{"name":"wp","href":"https:\/\/api.w.org\/{rel}","templated":true}]}}