{"id":337,"date":"2009-03-24T15:41:29","date_gmt":"2009-03-24T15:41:29","guid":{"rendered":"http:\/\/blogs.ess-edu.pt\/ap12a2008\/?p=337"},"modified":"2024-07-15T23:36:48","modified_gmt":"2024-07-15T23:36:48","slug":"realizadores-por-alguns-dias","status":"publish","type":"post","link":"https:\/\/blogs.ess-edu.pt\/ap12a2008\/2009\/03\/24\/realizadores-por-alguns-dias\/","title":{"rendered":"Realizadores por alguns dias!"},"content":{"rendered":"<p>Depois de ser aprovada em plen\u00e1rio a ideia da realiza\u00e7\u00e3o de um filme da escola para a sua divulga\u00e7\u00e3o, foi constitu\u00eddo um grupo respons\u00e1vel pela elabora\u00e7\u00e3o e a realiza\u00e7\u00e3o do mesmo.<\/p>\n<p>Este filme pretendia mostrar um pouco do dia-a-dia da nossa escola, bem como os seus espa\u00e7os e todo o ambiente envolvente.<\/p>\n<p>Come\u00e7\u00e1mos por pequenas ideias e o produto final foi muito gratificante.<\/p>\n<p>Foi com muito esfor\u00e7o e, ao mesmo tempo, com muito prazer que realiz\u00e1mos este nosso filme.<\/p>\n<p>Vivemos, em pequena escala, a vida de actores e realizadores!<\/p>\n<p>Houve momentos de muita concentra\u00e7\u00e3o e tamb\u00e9m momentos muito hilariantes.<\/p>\n<p>Foi, sem sombra de d\u00favidas, uma tarefa que nos deu muito trabalho, exigiu muita dedica\u00e7\u00e3o, mas de que nos orgulh\u00e1mos imenso!<\/p>\n<p class=\"MsoNormal\" style=\"margin: 0cm 0cm 0pt; text-align: justify;\">\n","protected":false},"excerpt":{"rendered":"<p>Depois de ser aprovada em plen\u00e1rio a ideia da realiza\u00e7\u00e3o de um filme da escola para a sua divulga\u00e7\u00e3o, foi constitu\u00eddo um grupo respons\u00e1vel pela elabora\u00e7\u00e3o e a realiza\u00e7\u00e3o do mesmo.<\/p>\n<p>Este filme pretendia mostrar um pouco do dia-a-dia da nossa escola, bem como os seus espa\u00e7os e todo o ambiente envolvente.<\/p>\n<p>Come\u00e7\u00e1mos por pequenas [&#8230;]<\/p>\n","protected":false},"author":30,"featured_media":0,"comment_status":"open","ping_status":"open","sticky":false,"template":"","format":"standard","meta":{"jetpack_post_was_ever_published":false,"_jetpack_newsletter_access":"","_jetpack_dont_email_post_to_subs":false,"_jetpack_newsletter_tier_id":0,"_jetpack_memberships_contains_paywalled_content":false,"_jetpack_memberships_contains_paid_content":false,"footnotes":""},"categories":[82],"tags":[],"class_list":["post-337","post","type-post","status-publish","format-standard","hentry","category-aconteceu","odd"],"jetpack_featured_media_url":"","jetpack_sharing_enabled":true,"jetpack_shortlink":"https:\/\/wp.me\/paunJ5-5r","jetpack-related-posts":[{"id":549,"url":"https:\/\/blogs.ess-edu.pt\/ap12a2008\/2009\/06\/02\/a-minha-passagem-pela-escola-20062009-3\/","url_meta":{"origin":337,"position":0},"title":"A minha passagem pela escola &#8211; 2006\/2009","author":"Helena Sebastiana","date":"2 02+00:00 Junho 02+00:00 2009","format":false,"excerpt":"Tr\u00eas anos\u2026 Faltam apenas uns dias para o final das aulas. J\u00e1 recordo esta escola com muita saudade. O primeiro dia em que pisei esta escola foi um desastre! N\u00e3o sabia onde ficava a sala onde iria conhecer a minha turma e acabei na turma errada. Era suposto ir para\u2026","rel":"","context":"In &quot;A minha passagem pela escola&quot;","block_context":{"text":"A minha passagem pela escola","link":"https:\/\/blogs.ess-edu.pt\/ap12a2008\/category\/a-minha-passagem-pela-escola\/"},"img":{"alt_text":"","src":"","width":0,"height":0},"classes":[]},{"id":525,"url":"https:\/\/blogs.ess-edu.pt\/ap12a2008\/2009\/05\/26\/a-minha-passagem-pela-escola-20022009\/","url_meta":{"origin":337,"position":1},"title":"A minha passagem pela escola &#8211; 2002\/2009","author":"Helena Sebastiana","date":"26 26+00:00 Maio 26+00:00 2009","format":false,"excerpt":"Todos os dias que chego \u00e0 escola e olho para ela, recordo-me com saudade, os sete anos que aqui passei. Das sensa\u00e7\u00f5es que experimentei, da alegria de conviver com os amigos, de conhecer toda a gente pelo seu nome, at\u00e9 mesmo da ang\u00fastia que surgia sempre antes dos stressantes dias\u2026","rel":"","context":"In &quot;A minha passagem pela escola&quot;","block_context":{"text":"A minha passagem pela escola","link":"https:\/\/blogs.ess-edu.pt\/ap12a2008\/category\/a-minha-passagem-pela-escola\/"},"img":{"alt_text":"","src":"","width":0,"height":0},"classes":[]},{"id":548,"url":"https:\/\/blogs.ess-edu.pt\/ap12a2008\/2009\/06\/02\/a-minha-passagem-pela-escola-20032009-9\/","url_meta":{"origin":337,"position":2},"title":"A minha passagem pela escola &#8211; 2003\/2009","author":"Helena Sebastiana","date":"2 02+00:00 Junho 02+00:00 2009","format":false,"excerpt":"Eu entrei para esta escola no meu 7.\u00ba ano. E j\u00e1 l\u00e1 v\u00e3o 6 anos. \u00c9 muito tempo a frequentar a mesma escola. Mas n\u00e3o foi de bom agrado que vim para c\u00e1, pois, inicialmente, era para ir para outra escola. Mas ainda bem que assim foi. Frequento a melhor\u2026","rel":"","context":"In &quot;A minha passagem pela escola&quot;","block_context":{"text":"A minha passagem pela escola","link":"https:\/\/blogs.ess-edu.pt\/ap12a2008\/category\/a-minha-passagem-pela-escola\/"},"img":{"alt_text":"","src":"","width":0,"height":0},"classes":[]},{"id":554,"url":"https:\/\/blogs.ess-edu.pt\/ap12a2008\/2009\/06\/04\/a-minha-passagem-pela-escola-20062009-6\/","url_meta":{"origin":337,"position":3},"title":"A minha passagem pela escola &#8211; 2006\/2009","author":"Helena Sebastiana","date":"4 04+00:00 Junho 04+00:00 2009","format":false,"excerpt":"A minha passagem por esta escola foi toda ela m\u00e1gica e especial\u2026 mas por outro lado. Neste momento, estou a sentir-me triste, ao pensar que nunca mais vamos estar juntos desta maneira, nunca mais vamos rir das piadas uns dos outros, nunca mais vamos estar presentes nos momentos de maior\u2026","rel":"","context":"In &quot;A minha passagem pela escola&quot;","block_context":{"text":"A minha passagem pela escola","link":"https:\/\/blogs.ess-edu.pt\/ap12a2008\/category\/a-minha-passagem-pela-escola\/"},"img":{"alt_text":"","src":"","width":0,"height":0},"classes":[]},{"id":471,"url":"https:\/\/blogs.ess-edu.pt\/ap12a2008\/2009\/05\/12\/viagem-de-estudo-a-lisboa-mafra-e-obidos-by-mika\/","url_meta":{"origin":337,"position":4},"title":"Viagem de Estudo a Lisboa, Mafra e \u00d3bidos &#8211; By Mik\u00e1","author":"Helena Sebastiana","date":"12 12+00:00 Maio 12+00:00 2009","format":false,"excerpt":"Nos passados dias 17 e 18 de Abril, as tr\u00eas turmas do 12.\u00ba ano participaram numa viagem por terras de Lisboa, Mafra e \u00d3bidos. Sa\u00edmos de Lamego por volta das oito horas. E inici\u00e1mos a viagem em direc\u00e7\u00e3o a Lisboa. A visita tinha como locais a visitar, o Caf\u00e9 Martinho\u2026","rel":"","context":"In &quot;Viagens de estudo&quot;","block_context":{"text":"Viagens de estudo","link":"https:\/\/blogs.ess-edu.pt\/ap12a2008\/category\/viagens-de-estudo\/"},"img":{"alt_text":"100_17691","src":"https:\/\/i0.wp.com\/blogs.ess-edu.pt\/ap12a2008\/files\/2009\/05\/100_17691-300x224.jpg?resize=350%2C200&ssl=1","width":350,"height":200},"classes":[]},{"id":460,"url":"https:\/\/blogs.ess-edu.pt\/ap12a2008\/2009\/05\/12\/a-minha-viagem-de-finalistas-by-mika\/","url_meta":{"origin":337,"position":5},"title":"A minha viagem de Finalistas &#8211; By Mik\u00e1","author":"Helena Sebastiana","date":"12 12+00:00 Maio 12+00:00 2009","format":false,"excerpt":"Esta experi\u00eancia foi, sem d\u00favida alguma, a melhor que j\u00e1 tive na minha vida. Foi mesmo das trevas (como costumava dizer uma menina, que foi connosco no autocarro, a Samantha). N\u00e3o foram muitas as viagens que fiz, mas posso dizer que gostei muito, mas mesmo muito desta viagem. Nunca esquecerei\u2026","rel":"","context":"In &quot;Finalistas&quot;","block_context":{"text":"Finalistas","link":"https:\/\/blogs.ess-edu.pt\/ap12a2008\/category\/finalistas\/"},"img":{"alt_text":"img_3814","src":"https:\/\/i0.wp.com\/blogs.ess-edu.pt\/ap12a2008\/files\/2009\/05\/img_3814-300x225.jpg?resize=350%2C200&ssl=1","width":350,"height":200},"classes":[]}],"_links":{"self":[{"href":"https:\/\/blogs.ess-edu.pt\/ap12a2008\/wp-json\/wp\/v2\/posts\/337","targetHints":{"allow":["GET"]}}],"collection":[{"href":"https:\/\/blogs.ess-edu.pt\/ap12a2008\/wp-json\/wp\/v2\/posts"}],"about":[{"href":"https:\/\/blogs.ess-edu.pt\/ap12a2008\/wp-json\/wp\/v2\/types\/post"}],"author":[{"embeddable":true,"href":"https:\/\/blogs.ess-edu.pt\/ap12a2008\/wp-json\/wp\/v2\/users\/30"}],"replies":[{"embeddable":true,"href":"https:\/\/blogs.ess-edu.pt\/ap12a2008\/wp-json\/wp\/v2\/comments?post=337"}],"version-history":[{"count":0,"href":"https:\/\/blogs.ess-edu.pt\/ap12a2008\/wp-json\/wp\/v2\/posts\/337\/revisions"}],"wp:attachment":[{"href":"https:\/\/blogs.ess-edu.pt\/ap12a2008\/wp-json\/wp\/v2\/media?parent=337"}],"wp:term":[{"taxonomy":"category","embeddable":true,"href":"https:\/\/blogs.ess-edu.pt\/ap12a2008\/wp-json\/wp\/v2\/categories?post=337"},{"taxonomy":"post_tag","embeddable":true,"href":"https:\/\/blogs.ess-edu.pt\/ap12a2008\/wp-json\/wp\/v2\/tags?post=337"}],"curies":[{"name":"wp","href":"https:\/\/api.w.org\/{rel}","templated":true}]}}