{"id":338,"date":"2009-03-24T15:43:33","date_gmt":"2009-03-24T15:43:33","guid":{"rendered":"http:\/\/blogs.ess-edu.pt\/ap12a2008\/?p=338"},"modified":"2024-07-15T23:37:49","modified_gmt":"2024-07-15T23:37:49","slug":"boas-ferias","status":"publish","type":"post","link":"https:\/\/blogs.ess-edu.pt\/ap12a2008\/2009\/03\/24\/boas-ferias\/","title":{"rendered":"Boas F\u00e9rias!"},"content":{"rendered":"<p>Os alunos da turma A do 12.\u00ba ano desejam a todos os alunos, professores e funcion\u00e1rios uma boa P\u00e1scoa!<\/p>\n<p>Que o Coelhinho da P\u00e1scoa traga a todos muitos ovinhos\u2026. Mas cuidado\u2026 o chocolate n\u00e3o engorda, mas as pessoas engordam\u2026.<\/p>\n<p class=\"MsoNormal\" style=\"margin: 0cm 0cm 0pt; text-align: justify;\"><span style=\"font-size: 12pt;\"><span style=\"font-family: Calibri;\"><a href=\"https:\/\/blogs.ess-edu.pt\/ap12a2008\/files\/2009\/03\/coelho20da20pascoa.jpg\"><img loading=\"lazy\" decoding=\"async\" data-attachment-id=\"339\" data-permalink=\"https:\/\/blogs.ess-edu.pt\/ap12a2008\/2009\/03\/24\/boas-ferias\/coelho20da20pascoa\/\" data-orig-file=\"https:\/\/blogs.ess-edu.pt\/ap12a2008\/files\/\/var\/www\/vhosts\/ess.edu.pt\/subdomains\/blogs\/httpdocs\/wp-content\/blogs.dir\/18\/files\/\/2009\/03\/coelho20da20pascoa.jpg\" data-orig-size=\"256,275\" data-comments-opened=\"1\" data-image-meta=\"{&quot;aperture&quot;:&quot;0&quot;,&quot;credit&quot;:&quot;&quot;,&quot;camera&quot;:&quot;&quot;,&quot;caption&quot;:&quot;&quot;,&quot;created_timestamp&quot;:&quot;0&quot;,&quot;copyright&quot;:&quot;&quot;,&quot;focal_length&quot;:&quot;0&quot;,&quot;iso&quot;:&quot;0&quot;,&quot;shutter_speed&quot;:&quot;0&quot;,&quot;title&quot;:&quot;&quot;}\" data-image-title=\"coelho20da20pascoa\" data-image-description=\"\" data-image-caption=\"\" data-large-file=\"https:\/\/blogs.ess-edu.pt\/ap12a2008\/files\/\/var\/www\/vhosts\/ess.edu.pt\/subdomains\/blogs\/httpdocs\/wp-content\/blogs.dir\/18\/files\/\/2009\/03\/coelho20da20pascoa.jpg\" class=\"size-medium wp-image-339 aligncenter\" src=\"https:\/\/blogs.ess-edu.pt\/ap12a2008\/files\/2009\/03\/coelho20da20pascoa.jpg\" alt=\"\" width=\"256\" height=\"275\" \/><\/a><\/span><\/span><\/p>\n","protected":false},"excerpt":{"rendered":"<p>Os alunos da turma A do 12.\u00ba ano desejam a todos os alunos, professores e funcion\u00e1rios uma boa P\u00e1scoa!<\/p>\n<p>Que o Coelhinho da P\u00e1scoa traga a todos muitos ovinhos\u2026. Mas cuidado\u2026 o chocolate n\u00e3o engorda, mas as pessoas engordam\u2026.<\/p>\n<p class=\"MsoNormal\" style=\"margin: 0cm 0cm 0pt; text-align: justify;\">\n<p> [&#8230;]<\/p>\n","protected":false},"author":30,"featured_media":0,"comment_status":"open","ping_status":"open","sticky":false,"template":"","format":"standard","meta":{"jetpack_post_was_ever_published":false,"_jetpack_newsletter_access":"","_jetpack_dont_email_post_to_subs":false,"_jetpack_newsletter_tier_id":0,"_jetpack_memberships_contains_paywalled_content":false,"_jetpack_memberships_contains_paid_content":false,"footnotes":""},"categories":[1],"tags":[],"class_list":["post-338","post","type-post","status-publish","format-standard","hentry","category-sem-categoria","odd"],"jetpack_featured_media_url":"","jetpack_sharing_enabled":true,"jetpack_shortlink":"https:\/\/wp.me\/paunJ5-5s","jetpack-related-posts":[{"id":333,"url":"https:\/\/blogs.ess-edu.pt\/ap12a2008\/2009\/03\/24\/feira-sweetcef\/","url_meta":{"origin":338,"position":0},"title":"Feira SweetCEF","author":"Helena Sebastiana","date":"24 24+00:00 Mar\u00e7o 24+00:00 2009","format":false,"excerpt":"Decorreu hoje, na escola, uma venda de artigos de P\u00e1scoa, elaborados pela turma do CEF. Estes alunos desempenham as fun\u00e7\u00f5es de \u201cempregados assistentes comerciais\u201d. Estes alunos t\u00eam 4 componentes pr\u00e1ticas fundamentais em que s\u00e3o avaliados: stock e merchandising; procedimentos administrativos em contexto comercial; servi\u00e7os p\u00f3s - venda e t\u00e9cnicas de\u2026","rel":"","context":"In &quot;Aconteceu...&quot;","block_context":{"text":"Aconteceu...","link":"https:\/\/blogs.ess-edu.pt\/ap12a2008\/category\/aconteceu\/"},"img":{"alt_text":"","src":"https:\/\/i0.wp.com\/blogs.ess-edu.pt\/ap12a2008\/files\/2009\/03\/clip_image0024-300x225.jpg?resize=350%2C200&ssl=1","width":350,"height":200},"classes":[]},{"id":320,"url":"https:\/\/blogs.ess-edu.pt\/ap12a2008\/2009\/03\/24\/actividades-do-final-de-2%c2%ba-periodo\/","url_meta":{"origin":338,"position":1},"title":"Actividades do Final de 2.\u00ba Per\u00edodo","author":"Helena Sebastiana","date":"24 24+00:00 Mar\u00e7o 24+00:00 2009","format":false,"excerpt":"Na pr\u00f3xima sexta feira, dia 27 de Mar\u00e7o, realizar-se-\u00e3o na nossa escola as seguintes actividades de final de 2.\u00ba per\u00edodo: 10:00 \u2013 Celebra\u00e7\u00e3o Eucar\u00edstica na S\u00e9 Catedral de Lamego, presidida pelo Senhor Bispo D. Jacinto 10:00 \u2013 Torneio de Ping-pong (Gin\u00e1sio) Durante a manh\u00e3 \u2013 Venda de artigos e do\u00e7arias\u2026","rel":"","context":"In &quot;Eventos&quot;","block_context":{"text":"Eventos","link":"https:\/\/blogs.ess-edu.pt\/ap12a2008\/category\/eventos\/"},"img":{"alt_text":"","src":"","width":0,"height":0},"classes":[]},{"id":276,"url":"https:\/\/blogs.ess-edu.pt\/ap12a2008\/2009\/02\/03\/clube-de-xadrez-e-damas\/","url_meta":{"origin":338,"position":2},"title":"Clube de Xadrez e Damas","author":"Helena Sebastiana","date":"3 03+00:00 Fevereiro 03+00:00 2009","format":false,"excerpt":"Na nossa escola, est\u00e1 aberto a todos os alunos o Clube de Xadrez e Damas. Funciona \u00e0s segundas e ter\u00e7as-feiras entre as 12:25 horas e as 13:10 horas, e tamb\u00e9m \u00e0s quintas-feiras das 13:15 horas at\u00e9 \u00e0s 14:00 horas, na sala Normal 13. Este clube est\u00e1 aberto a alunos de\u2026","rel":"","context":"In &quot;Clubes&quot;","block_context":{"text":"Clubes","link":"https:\/\/blogs.ess-edu.pt\/ap12a2008\/category\/clubes\/"},"img":{"alt_text":"","src":"","width":0,"height":0},"classes":[]},{"id":188,"url":"https:\/\/blogs.ess-edu.pt\/ap12a2008\/2009\/01\/06\/clube-de-cinema\/","url_meta":{"origin":338,"position":3},"title":"Clube de Cinema","author":"Helena Sebastiana","date":"6 06+00:00 Janeiro 06+00:00 2009","format":false,"excerpt":"O Clube de Cinema foi pensado no ano lectivo 2005\/2006 e criado um ano depois. Funciona no Audit\u00f3rio no seguinte hor\u00e1rio: ter\u00e7as e sextas das 12:30 horas \u00e0s 13:15 horas. O seu respons\u00e1vel \u00e9 o professor M\u00e1rio Guerra que conta com a colabora\u00e7\u00e3o dos professores Paulo Guerra, Lic\u00ednio Costa e\u2026","rel":"","context":"In &quot;Clubes&quot;","block_context":{"text":"Clubes","link":"https:\/\/blogs.ess-edu.pt\/ap12a2008\/category\/clubes\/"},"img":{"alt_text":"","src":"","width":0,"height":0},"classes":[]},{"id":361,"url":"https:\/\/blogs.ess-edu.pt\/ap12a2008\/2009\/04\/23\/auto-da-barca-do-inferno\/","url_meta":{"origin":338,"position":4},"title":"Auto da Barca do Inferno&#8230;","author":"Helena Sebastiana","date":"23 23+00:00 Abril 23+00:00 2009","format":false,"excerpt":"Ontem, dia 22 de Abril, realizou-se no audit\u00f3rio da nossa escola, por volta das 21:00 horas, uma encena\u00e7\u00e3o da obra de Gil Vicente \u201cAuto da Barca do Inferno\u201d, por parte dos alunos da turma do 9.\u00ba B. Era destinada aos familiares dos alunos e aos seus professores. Foi uma encena\u00e7\u00e3o\u2026","rel":"","context":"In &quot;Eventos&quot;","block_context":{"text":"Eventos","link":"https:\/\/blogs.ess-edu.pt\/ap12a2008\/category\/eventos\/"},"img":{"alt_text":"img_4611","src":"https:\/\/i0.wp.com\/blogs.ess-edu.pt\/ap12a2008\/files\/2009\/04\/img_4611-300x225.jpg?resize=350%2C200&ssl=1","width":350,"height":200},"classes":[]},{"id":378,"url":"https:\/\/blogs.ess-edu.pt\/ap12a2008\/2009\/04\/30\/a-minha-experiencia-pessoal-a-lloret-de-mar-by-anabela\/","url_meta":{"origin":338,"position":5},"title":"A minha experi\u00eancia pessoal a LLoret de Mar &#8211; By Anabela","author":"Helena Sebastiana","date":"30 30+00:00 Abril 30+00:00 2009","format":false,"excerpt":"Bem, para come\u00e7ar, acho que n\u00e3o tenho palavras para descrever o qu\u00e3o gratificante e enriquecedora foi a viagem\u2026 Em primeiro lugar, foi a primeira vez que maior parte das pessoas fizeram uma Viagem assim. Por outro lado, esta viagem foi t\u00e3o esperada. Foram doze anos de espera! Finalmente, seria a\u00ed\u2026","rel":"","context":"In &quot;Finalistas&quot;","block_context":{"text":"Finalistas","link":"https:\/\/blogs.ess-edu.pt\/ap12a2008\/category\/finalistas\/"},"img":{"alt_text":"clip_image0023","src":"https:\/\/i0.wp.com\/blogs.ess-edu.pt\/ap12a2008\/files\/2009\/04\/clip_image0023-300x224.jpg?resize=350%2C200&ssl=1","width":350,"height":200},"classes":[]}],"_links":{"self":[{"href":"https:\/\/blogs.ess-edu.pt\/ap12a2008\/wp-json\/wp\/v2\/posts\/338","targetHints":{"allow":["GET"]}}],"collection":[{"href":"https:\/\/blogs.ess-edu.pt\/ap12a2008\/wp-json\/wp\/v2\/posts"}],"about":[{"href":"https:\/\/blogs.ess-edu.pt\/ap12a2008\/wp-json\/wp\/v2\/types\/post"}],"author":[{"embeddable":true,"href":"https:\/\/blogs.ess-edu.pt\/ap12a2008\/wp-json\/wp\/v2\/users\/30"}],"replies":[{"embeddable":true,"href":"https:\/\/blogs.ess-edu.pt\/ap12a2008\/wp-json\/wp\/v2\/comments?post=338"}],"version-history":[{"count":0,"href":"https:\/\/blogs.ess-edu.pt\/ap12a2008\/wp-json\/wp\/v2\/posts\/338\/revisions"}],"wp:attachment":[{"href":"https:\/\/blogs.ess-edu.pt\/ap12a2008\/wp-json\/wp\/v2\/media?parent=338"}],"wp:term":[{"taxonomy":"category","embeddable":true,"href":"https:\/\/blogs.ess-edu.pt\/ap12a2008\/wp-json\/wp\/v2\/categories?post=338"},{"taxonomy":"post_tag","embeddable":true,"href":"https:\/\/blogs.ess-edu.pt\/ap12a2008\/wp-json\/wp\/v2\/tags?post=338"}],"curies":[{"name":"wp","href":"https:\/\/api.w.org\/{rel}","templated":true}]}}