{"id":348,"date":"2009-04-21T14:27:35","date_gmt":"2009-04-21T14:27:35","guid":{"rendered":"http:\/\/blogs.ess-edu.pt\/ap12a2008\/?p=348"},"modified":"2024-07-16T09:55:14","modified_gmt":"2024-07-16T09:55:14","slug":"ca-estamos-de-novo-3","status":"publish","type":"post","link":"https:\/\/blogs.ess-edu.pt\/ap12a2008\/2009\/04\/21\/ca-estamos-de-novo-3\/","title":{"rendered":"C\u00e1 estamos de novo&#8230;"},"content":{"rendered":"<p>Entr\u00e1mos, neste terceiro per\u00edodo, com toda a for\u00e7a e com a nostalgia de que ser\u00e1 o \u00faltimo passado nesta escola.<\/p>\n<p>Ser\u00e1 o \u00faltimo, mas o melhor de todos!<\/p>\n","protected":false},"excerpt":{"rendered":"<p>Entr\u00e1mos, neste terceiro per\u00edodo, com toda a for\u00e7a e com a nostalgia de que ser\u00e1 o \u00faltimo passado nesta escola.<\/p>\n<p>Ser\u00e1 o \u00faltimo, mas o melhor de todos!<\/p>\n","protected":false},"author":30,"featured_media":0,"comment_status":"open","ping_status":"open","sticky":false,"template":"","format":"standard","meta":{"jetpack_post_was_ever_published":false,"_jetpack_newsletter_access":"","_jetpack_dont_email_post_to_subs":false,"_jetpack_newsletter_tier_id":0,"_jetpack_memberships_contains_paywalled_content":false,"_jetpack_memberships_contains_paid_content":false,"footnotes":""},"categories":[1],"tags":[],"class_list":["post-348","post","type-post","status-publish","format-standard","hentry","category-sem-categoria","odd"],"jetpack_featured_media_url":"","jetpack_sharing_enabled":true,"jetpack_shortlink":"https:\/\/wp.me\/paunJ5-5C","jetpack-related-posts":[{"id":499,"url":"https:\/\/blogs.ess-edu.pt\/ap12a2008\/2009\/05\/14\/torneio-de-futsal-realizado-na-escola\/","url_meta":{"origin":348,"position":0},"title":"Torneio de Futsal realizado na Escola","author":"Helena Sebastiana","date":"14 14+00:00 Maio 14+00:00 2009","format":false,"excerpt":"Hoje, quinta-feira, dia 14 de Maio, teve in\u00edcio o torneio de futsal da S\u00e9. Como j\u00e1 t\u00ednhamos referido no artigo anterior, a nossa turma, para n\u00e3o fugir \u00e0 regra, formou duas equipas, uma masculina e outra feminina. A masculina, que tem por nome \u201cDas Trevas\u201d, inaugurou este torneio. Esta equipa\u2026","rel":"","context":"In &quot;Torneios&quot;","block_context":{"text":"Torneios","link":"https:\/\/blogs.ess-edu.pt\/ap12a2008\/category\/torneios\/"},"img":{"alt_text":"","src":"","width":0,"height":0},"classes":[]},{"id":556,"url":"https:\/\/blogs.ess-edu.pt\/ap12a2008\/2009\/06\/04\/ate-sempre\/","url_meta":{"origin":348,"position":1},"title":"At\u00e9 sempre&#8230;","author":"Helena Sebastiana","date":"4 04+00:00 Junho 04+00:00 2009","format":false,"excerpt":"\u00c9 este o \u00faltimo testemunho dado no nosso blog. Foi um prazer ter escrito para voc\u00eas! Como refere Fernando Pessoa \"O importante n\u00e3o \u00e9 chegar \u00e9 partir\". E n\u00f3s cheg\u00e1mos \u00e0 meta, mas vamos partir para outros voos... A turma A do 12.\u00ba Ano","rel":"","context":"In &quot;Sem categoria&quot;","block_context":{"text":"Sem categoria","link":"https:\/\/blogs.ess-edu.pt\/ap12a2008\/category\/sem-categoria\/"},"img":{"alt_text":"","src":"","width":0,"height":0},"classes":[]},{"id":296,"url":"https:\/\/blogs.ess-edu.pt\/ap12a2008\/2009\/02\/26\/peca-de-teatro-os-loucos-anos-20-20-de-fevereiro\/","url_meta":{"origin":348,"position":2},"title":"Pe\u00e7a de Teatro &#8220;Os Loucos Anos 20&#8221; (20 de Fevereiro)","author":"Helena Sebastiana","date":"26 26+00:00 Fevereiro 26+00:00 2009","format":false,"excerpt":"Na passada sexta-feira, dia 20 de Fevereiro de 2009, \u00faltimo dia de aulas antes do Carnaval, algumas turmas da escola puderam assistir a uma pe\u00e7a de teatro. \u201cOs loucos anos 20\u201d. Era assim que se chamava a pe\u00e7a que tinha como finalidade mostrar a evolu\u00e7\u00e3o do estatuto da mulher na\u2026","rel":"","context":"In &quot;Eventos&quot;","block_context":{"text":"Eventos","link":"https:\/\/blogs.ess-edu.pt\/ap12a2008\/category\/eventos\/"},"img":{"alt_text":"","src":"","width":0,"height":0},"classes":[]},{"id":353,"url":"https:\/\/blogs.ess-edu.pt\/ap12a2008\/2009\/04\/23\/a-minha-viagem-de-finalistas-a-lloret-de-mar-by-ricardo-2\/","url_meta":{"origin":348,"position":3},"title":"A minha viagem de Finalistas a LLoret de Mar&#8230; By Ricardo","author":"Helena Sebastiana","date":"23 23+00:00 Abril 23+00:00 2009","format":false,"excerpt":"Esta viagem foi espectacular. Foi uma das melhores viagens que j\u00e1 fiz. Fui com os meus amigos e diverti-me imenso, conheci novas pessoas e fiz novas amizades. O que eu menos gostei foi do tempo. N\u00e3o estava l\u00e1 muito bom. Mas mesmo assim, a viagem correu muito bem. O tempo\u2026","rel":"","context":"In &quot;Finalistas&quot;","block_context":{"text":"Finalistas","link":"https:\/\/blogs.ess-edu.pt\/ap12a2008\/category\/finalistas\/"},"img":{"alt_text":"clip_image0022","src":"https:\/\/i0.wp.com\/blogs.ess-edu.pt\/ap12a2008\/files\/2009\/04\/clip_image0022-300x224.jpg?resize=350%2C200&ssl=1","width":350,"height":200},"classes":[]},{"id":395,"url":"https:\/\/blogs.ess-edu.pt\/ap12a2008\/2009\/04\/30\/a-minha-viagem-de-finalistas-by-carolina\/","url_meta":{"origin":348,"position":4},"title":"A minha viagem de Finalistas &#8211; By Carolina","author":"Helena Sebastiana","date":"30 30+00:00 Abril 30+00:00 2009","format":false,"excerpt":"A viagem de finalistas \u00e9 algo que todos desejam realizar! O facto de estarmos s\u00f3 com os amigos vale tudo. \u00c9 o \u00faltimo ano em que estaremos todos juntos e em que queremos fortalecer, ainda mais, o elo de amizade que nos une. A oportunidade de estarmos com pessoas diferentes,\u2026","rel":"","context":"In &quot;Finalistas&quot;","block_context":{"text":"Finalistas","link":"https:\/\/blogs.ess-edu.pt\/ap12a2008\/category\/finalistas\/"},"img":{"alt_text":"dsc00119","src":"https:\/\/i0.wp.com\/blogs.ess-edu.pt\/ap12a2008\/files\/2009\/04\/dsc00119-300x224.jpg?resize=350%2C200&ssl=1","width":350,"height":200},"classes":[]},{"id":529,"url":"https:\/\/blogs.ess-edu.pt\/ap12a2008\/2009\/05\/28\/a-minha-passagem-pela-escola-20032009-2\/","url_meta":{"origin":348,"position":5},"title":"A minha passagem pela escola &#8211; 2003\/2009","author":"Helena Sebastiana","date":"28 28+00:00 Maio 28+00:00 2009","format":false,"excerpt":"Este \u00e9 j\u00e1 o meu sexto ano que frequento esta escola e n\u00e3o \u00e9 por ter tido uma m\u00e1 experiencia que desejo que seja o \u00faltimo. A minha passagem por aqui foi uma importante fase da minha vida. Foi aqui que passei grande parte da minha adolesc\u00eancia. Para al\u00e9m da\u2026","rel":"","context":"In &quot;A minha passagem pela escola&quot;","block_context":{"text":"A minha passagem pela escola","link":"https:\/\/blogs.ess-edu.pt\/ap12a2008\/category\/a-minha-passagem-pela-escola\/"},"img":{"alt_text":"","src":"","width":0,"height":0},"classes":[]}],"_links":{"self":[{"href":"https:\/\/blogs.ess-edu.pt\/ap12a2008\/wp-json\/wp\/v2\/posts\/348","targetHints":{"allow":["GET"]}}],"collection":[{"href":"https:\/\/blogs.ess-edu.pt\/ap12a2008\/wp-json\/wp\/v2\/posts"}],"about":[{"href":"https:\/\/blogs.ess-edu.pt\/ap12a2008\/wp-json\/wp\/v2\/types\/post"}],"author":[{"embeddable":true,"href":"https:\/\/blogs.ess-edu.pt\/ap12a2008\/wp-json\/wp\/v2\/users\/30"}],"replies":[{"embeddable":true,"href":"https:\/\/blogs.ess-edu.pt\/ap12a2008\/wp-json\/wp\/v2\/comments?post=348"}],"version-history":[{"count":0,"href":"https:\/\/blogs.ess-edu.pt\/ap12a2008\/wp-json\/wp\/v2\/posts\/348\/revisions"}],"wp:attachment":[{"href":"https:\/\/blogs.ess-edu.pt\/ap12a2008\/wp-json\/wp\/v2\/media?parent=348"}],"wp:term":[{"taxonomy":"category","embeddable":true,"href":"https:\/\/blogs.ess-edu.pt\/ap12a2008\/wp-json\/wp\/v2\/categories?post=348"},{"taxonomy":"post_tag","embeddable":true,"href":"https:\/\/blogs.ess-edu.pt\/ap12a2008\/wp-json\/wp\/v2\/tags?post=348"}],"curies":[{"name":"wp","href":"https:\/\/api.w.org\/{rel}","templated":true}]}}