{"id":351,"date":"2009-04-23T15:00:59","date_gmt":"2009-04-23T15:00:59","guid":{"rendered":"http:\/\/blogs.ess-edu.pt\/ap12a2008\/?p=351"},"modified":"2024-07-16T09:56:36","modified_gmt":"2024-07-16T09:56:36","slug":"lloret-de-mar-by-mauro-2","status":"publish","type":"post","link":"https:\/\/blogs.ess-edu.pt\/ap12a2008\/2009\/04\/23\/lloret-de-mar-by-mauro-2\/","title":{"rendered":"LLoret de Mar&#8230; By Mauro"},"content":{"rendered":"<p>Foi, para mim, uma das melhores experi\u00eancias de vida de sempre.<\/p>\n<p>Adorei toda aquela semana em Espanha, n\u00e3o s\u00f3 por aquela paisagem magn\u00edfica, por aquele ambiente fant\u00e1stico, mas tamb\u00e9m por estar com amigos e pessoas de que gosto.<\/p>\n<p>A meu ver, o melhor dia foi passado no PortVentura. Um enorme parque de divers\u00f5es, onde toda a gente se divertiu \u00e0 brava.<\/p>\n<p>Sem d\u00favida, uma experi\u00eancia de vida para voltar a repetir.<\/p>\n","protected":false},"excerpt":{"rendered":"<p>Foi, para mim, uma das melhores experi\u00eancias de vida de sempre.<\/p>\n<p>Adorei toda aquela semana em Espanha, n\u00e3o s\u00f3 por aquela paisagem magn\u00edfica, por aquele ambiente fant\u00e1stico, mas tamb\u00e9m por estar com amigos e pessoas de que gosto.<\/p>\n<p>A meu ver, o melhor dia foi passado no PortVentura. Um enorme parque de divers\u00f5es, onde toda [&#8230;]<\/p>\n","protected":false},"author":30,"featured_media":0,"comment_status":"open","ping_status":"open","sticky":false,"template":"","format":"standard","meta":{"jetpack_post_was_ever_published":false,"_jetpack_newsletter_access":"","_jetpack_dont_email_post_to_subs":false,"_jetpack_newsletter_tier_id":0,"_jetpack_memberships_contains_paywalled_content":false,"_jetpack_memberships_contains_paid_content":false,"footnotes":""},"categories":[73],"tags":[],"class_list":["post-351","post","type-post","status-publish","format-standard","hentry","category-finalistas","odd"],"jetpack_featured_media_url":"","jetpack_sharing_enabled":true,"jetpack_shortlink":"https:\/\/wp.me\/paunJ5-5F","jetpack-related-posts":[{"id":528,"url":"https:\/\/blogs.ess-edu.pt\/ap12a2008\/2009\/05\/28\/a-minha-passagem-pela-escola-20032009\/","url_meta":{"origin":351,"position":0},"title":"A minha passagem pela escola &#8211; 2003\/2009","author":"Helena Sebastiana","date":"28 28+00:00 Maio 28+00:00 2009","format":false,"excerpt":"Seis anos, uma vida\u2026 Vai fazer, sensivelmente, seis anos que entrei pela primeira vez nesta escola\u2026 eu era t\u00e3o pequena e a escola t\u00e3o grande que me senti\u2026 intimidada\u2026 Intimidada n\u00e3o \u00e9 a palavra certa, talvez estupefacta seja a palavra mais indicada! Tenho a certeza absoluta que n\u00e3o seria a\u2026","rel":"","context":"In &quot;A minha passagem pela escola&quot;","block_context":{"text":"A minha passagem pela escola","link":"https:\/\/blogs.ess-edu.pt\/ap12a2008\/category\/a-minha-passagem-pela-escola\/"},"img":{"alt_text":"","src":"","width":0,"height":0},"classes":[]},{"id":554,"url":"https:\/\/blogs.ess-edu.pt\/ap12a2008\/2009\/06\/04\/a-minha-passagem-pela-escola-20062009-6\/","url_meta":{"origin":351,"position":1},"title":"A minha passagem pela escola &#8211; 2006\/2009","author":"Helena Sebastiana","date":"4 04+00:00 Junho 04+00:00 2009","format":false,"excerpt":"A minha passagem por esta escola foi toda ela m\u00e1gica e especial\u2026 mas por outro lado. Neste momento, estou a sentir-me triste, ao pensar que nunca mais vamos estar juntos desta maneira, nunca mais vamos rir das piadas uns dos outros, nunca mais vamos estar presentes nos momentos de maior\u2026","rel":"","context":"In &quot;A minha passagem pela escola&quot;","block_context":{"text":"A minha passagem pela escola","link":"https:\/\/blogs.ess-edu.pt\/ap12a2008\/category\/a-minha-passagem-pela-escola\/"},"img":{"alt_text":"","src":"","width":0,"height":0},"classes":[]},{"id":551,"url":"https:\/\/blogs.ess-edu.pt\/ap12a2008\/2009\/06\/02\/a-minha-passagem-pela-escola-20062009-5\/","url_meta":{"origin":351,"position":2},"title":"A minha passagem pela escola &#8211; 2006\/2009","author":"Helena Sebastiana","date":"2 02+00:00 Junho 02+00:00 2009","format":false,"excerpt":"Vim para esta escola no ano lectivo 2006\/2007. Quando fiz a transfer\u00eancia, esta escola n\u00e3o foi a minha primeira escolha e, sinceramente, quando soube que fiquei na S\u00e9, fiquei desiludida, porque n\u00e3o me falavam bem dela. Mas, passado pouco tempo, constatei que era uma escola espectacular, desde o ambiente, ao\u2026","rel":"","context":"In &quot;A minha passagem pela escola&quot;","block_context":{"text":"A minha passagem pela escola","link":"https:\/\/blogs.ess-edu.pt\/ap12a2008\/category\/a-minha-passagem-pela-escola\/"},"img":{"alt_text":"","src":"","width":0,"height":0},"classes":[]},{"id":525,"url":"https:\/\/blogs.ess-edu.pt\/ap12a2008\/2009\/05\/26\/a-minha-passagem-pela-escola-20022009\/","url_meta":{"origin":351,"position":3},"title":"A minha passagem pela escola &#8211; 2002\/2009","author":"Helena Sebastiana","date":"26 26+00:00 Maio 26+00:00 2009","format":false,"excerpt":"Todos os dias que chego \u00e0 escola e olho para ela, recordo-me com saudade, os sete anos que aqui passei. Das sensa\u00e7\u00f5es que experimentei, da alegria de conviver com os amigos, de conhecer toda a gente pelo seu nome, at\u00e9 mesmo da ang\u00fastia que surgia sempre antes dos stressantes dias\u2026","rel":"","context":"In &quot;A minha passagem pela escola&quot;","block_context":{"text":"A minha passagem pela escola","link":"https:\/\/blogs.ess-edu.pt\/ap12a2008\/category\/a-minha-passagem-pela-escola\/"},"img":{"alt_text":"","src":"","width":0,"height":0},"classes":[]},{"id":382,"url":"https:\/\/blogs.ess-edu.pt\/ap12a2008\/2009\/04\/30\/a-minha-viagem-de-finalistas-by-precious\/","url_meta":{"origin":351,"position":4},"title":"A minha viagem de Finalistas &#8211; By Precious","author":"Helena Sebastiana","date":"30 30+00:00 Abril 30+00:00 2009","format":false,"excerpt":"Vai fazer dia 27 um m\u00eas, que partimos rumo \u00e0quela que se tornou a melhor viagem de sempre para muitos finalistas\u2026 Olhando para tr\u00e1s \u00e9-me dif\u00edcil falar sobre ela, pois foi uma semana inesquec\u00edvel, em que pudemos aprender, em que pudemos \u201csocializar\u201d, em que pudemos divertir-nos at\u00e9 n\u00e3o poder mais.\u2026","rel":"","context":"In &quot;Finalistas&quot;","block_context":{"text":"Finalistas","link":"https:\/\/blogs.ess-edu.pt\/ap12a2008\/category\/finalistas\/"},"img":{"alt_text":"The Best!","src":"https:\/\/i0.wp.com\/blogs.ess-edu.pt\/ap12a2008\/files\/2009\/04\/clip_image0024-300x224.jpg?resize=350%2C200&ssl=1","width":350,"height":200},"classes":[]},{"id":536,"url":"https:\/\/blogs.ess-edu.pt\/ap12a2008\/2009\/06\/02\/a-minha-passagem-pela-escola-20052009\/","url_meta":{"origin":351,"position":5},"title":"A minha passagem pela escola &#8211; 2005\/2009","author":"Helena Sebastiana","date":"2 02+00:00 Junho 02+00:00 2009","format":false,"excerpt":"Foi h\u00e1 quatro anos\u2026 H\u00e1 quatro anos descobri um mundo novo, onde todos eram mais que conhecidos, mais que colegas, eram uma fam\u00edlia! Vinha de uma escola privada, com menos de metade das salas, menos de metade de pessoas, e, de repente, vejo-me rodeada de pessoas totalmente desconhecidas. Lembro-me como\u2026","rel":"","context":"In &quot;A minha passagem pela escola&quot;","block_context":{"text":"A minha passagem pela escola","link":"https:\/\/blogs.ess-edu.pt\/ap12a2008\/category\/a-minha-passagem-pela-escola\/"},"img":{"alt_text":"","src":"","width":0,"height":0},"classes":[]}],"_links":{"self":[{"href":"https:\/\/blogs.ess-edu.pt\/ap12a2008\/wp-json\/wp\/v2\/posts\/351","targetHints":{"allow":["GET"]}}],"collection":[{"href":"https:\/\/blogs.ess-edu.pt\/ap12a2008\/wp-json\/wp\/v2\/posts"}],"about":[{"href":"https:\/\/blogs.ess-edu.pt\/ap12a2008\/wp-json\/wp\/v2\/types\/post"}],"author":[{"embeddable":true,"href":"https:\/\/blogs.ess-edu.pt\/ap12a2008\/wp-json\/wp\/v2\/users\/30"}],"replies":[{"embeddable":true,"href":"https:\/\/blogs.ess-edu.pt\/ap12a2008\/wp-json\/wp\/v2\/comments?post=351"}],"version-history":[{"count":0,"href":"https:\/\/blogs.ess-edu.pt\/ap12a2008\/wp-json\/wp\/v2\/posts\/351\/revisions"}],"wp:attachment":[{"href":"https:\/\/blogs.ess-edu.pt\/ap12a2008\/wp-json\/wp\/v2\/media?parent=351"}],"wp:term":[{"taxonomy":"category","embeddable":true,"href":"https:\/\/blogs.ess-edu.pt\/ap12a2008\/wp-json\/wp\/v2\/categories?post=351"},{"taxonomy":"post_tag","embeddable":true,"href":"https:\/\/blogs.ess-edu.pt\/ap12a2008\/wp-json\/wp\/v2\/tags?post=351"}],"curies":[{"name":"wp","href":"https:\/\/api.w.org\/{rel}","templated":true}]}}