{"id":353,"date":"2009-04-23T15:16:45","date_gmt":"2009-04-23T15:16:45","guid":{"rendered":"http:\/\/blogs.ess-edu.pt\/ap12a2008\/?p=353"},"modified":"2024-07-16T09:57:58","modified_gmt":"2024-07-16T09:57:58","slug":"a-minha-viagem-de-finalistas-a-lloret-de-mar-by-ricardo-2","status":"publish","type":"post","link":"https:\/\/blogs.ess-edu.pt\/ap12a2008\/2009\/04\/23\/a-minha-viagem-de-finalistas-a-lloret-de-mar-by-ricardo-2\/","title":{"rendered":"A minha viagem de Finalistas a LLoret de Mar&#8230; By Ricardo"},"content":{"rendered":"<p>Esta viagem foi espectacular. Foi uma das melhores viagens que j\u00e1 fiz. Fui com os meus amigos e diverti-me imenso, conheci novas pessoas e fiz novas amizades.<\/p>\n<p>O que eu menos gostei foi do tempo. N\u00e3o estava l\u00e1 muito bom. Mas mesmo assim, a viagem correu muito bem.<\/p>\n<p>O tempo passou t\u00e3o rapidamente que, sem darmos conta, era j\u00e1 o \u00faltimo dia.<\/p>\n<p>A viagem de autocarro foi longa e cansativa, contudo fizemos a viagem com alunos de Viseu muito simp\u00e1ticos.<\/p>\n<p>Lloret&#8230; foi inesquec\u00edvel! \u2026<\/p>\n<p>Se pudesse repetia!&#8230;<\/p>\n<p class=\"MsoNormal\" style=\"margin: 0cm 0cm 0pt; text-align: justify;\"><a href=\"https:\/\/blogs.ess-edu.pt\/ap12a2008\/files\/2009\/04\/clip_image0022.jpg\"><span style=\"font-size: 12pt;\"><span style=\"font-family: Calibri;\"><img loading=\"lazy\" decoding=\"async\" data-attachment-id=\"356\" data-permalink=\"https:\/\/blogs.ess-edu.pt\/ap12a2008\/2009\/04\/23\/a-minha-viagem-de-finalistas-a-lloret-de-mar-by-ricardo-2\/clip_image0022-2\/\" data-orig-file=\"https:\/\/blogs.ess-edu.pt\/ap12a2008\/files\/2009\/04\/clip_image0022.jpg\" data-orig-size=\"567,425\" data-comments-opened=\"1\" data-image-meta=\"{&quot;aperture&quot;:&quot;0&quot;,&quot;credit&quot;:&quot;&quot;,&quot;camera&quot;:&quot;&quot;,&quot;caption&quot;:&quot;&quot;,&quot;created_timestamp&quot;:&quot;0&quot;,&quot;copyright&quot;:&quot;&quot;,&quot;focal_length&quot;:&quot;0&quot;,&quot;iso&quot;:&quot;0&quot;,&quot;shutter_speed&quot;:&quot;0&quot;,&quot;title&quot;:&quot;&quot;}\" data-image-title=\"clip_image0022\" data-image-description=\"\" data-image-caption=\"\" data-large-file=\"https:\/\/blogs.ess-edu.pt\/ap12a2008\/files\/2009\/04\/clip_image0022.jpg\" class=\"size-medium wp-image-356 aligncenter\" src=\"https:\/\/blogs.ess-edu.pt\/ap12a2008\/files\/2009\/04\/clip_image0022-300x224.jpg\" alt=\"clip_image0022\" width=\"300\" height=\"224\" srcset=\"https:\/\/blogs.ess-edu.pt\/ap12a2008\/files\/2009\/04\/clip_image0022-300x224.jpg 300w, https:\/\/blogs.ess-edu.pt\/ap12a2008\/files\/2009\/04\/clip_image0022.jpg 567w\" sizes=\"auto, (max-width: 300px) 100vw, 300px\" \/><\/span><\/span><\/a><\/p>\n","protected":false},"excerpt":{"rendered":"<p>Esta viagem foi espectacular. Foi uma das melhores viagens que j\u00e1 fiz. Fui com os meus amigos e diverti-me imenso, conheci novas pessoas e fiz novas amizades.<\/p>\n<p>O que eu menos gostei foi do tempo. N\u00e3o estava l\u00e1 muito bom. Mas mesmo assim, a viagem correu muito bem.<\/p>\n<p>O tempo passou t\u00e3o rapidamente que, sem [&#8230;]<\/p>\n","protected":false},"author":30,"featured_media":0,"comment_status":"open","ping_status":"open","sticky":false,"template":"","format":"standard","meta":{"jetpack_post_was_ever_published":false,"_jetpack_newsletter_access":"","_jetpack_dont_email_post_to_subs":false,"_jetpack_newsletter_tier_id":0,"_jetpack_memberships_contains_paywalled_content":false,"_jetpack_memberships_contains_paid_content":false,"footnotes":""},"categories":[73],"tags":[],"class_list":["post-353","post","type-post","status-publish","format-standard","hentry","category-finalistas","odd"],"jetpack_featured_media_url":"","jetpack_sharing_enabled":true,"jetpack_shortlink":"https:\/\/wp.me\/paunJ5-5H","jetpack-related-posts":[{"id":400,"url":"https:\/\/blogs.ess-edu.pt\/ap12a2008\/2009\/04\/30\/a-minha-viagem-de-finalistas-by-daniela\/","url_meta":{"origin":353,"position":0},"title":"A minha viagem de Finalistas &#8211; By Daniela","author":"Helena Sebastiana","date":"30 30+00:00 Abril 30+00:00 2009","format":false,"excerpt":"Foi no dia 27 de Mar\u00e7o que se iniciou uma viagem muito esperada por mim! Tinha chegado o dia da viagem de finalistas! Quando cheguei a Lloret de Mar era tudo espectacular. Fiquei sem palavras! Lloret estava cheia de pessoas, muita anima\u00e7\u00e3o, muita m\u00fasica e muita cor. Nem a chuva,\u2026","rel":"","context":"In &quot;Finalistas&quot;","block_context":{"text":"Finalistas","link":"https:\/\/blogs.ess-edu.pt\/ap12a2008\/category\/finalistas\/"},"img":{"alt_text":"img_3817","src":"https:\/\/i0.wp.com\/blogs.ess-edu.pt\/ap12a2008\/files\/2009\/04\/img_3817-224x300.jpg?resize=350%2C200&ssl=1","width":350,"height":200},"classes":[]},{"id":460,"url":"https:\/\/blogs.ess-edu.pt\/ap12a2008\/2009\/05\/12\/a-minha-viagem-de-finalistas-by-mika\/","url_meta":{"origin":353,"position":1},"title":"A minha viagem de Finalistas &#8211; By Mik\u00e1","author":"Helena Sebastiana","date":"12 12+00:00 Maio 12+00:00 2009","format":false,"excerpt":"Esta experi\u00eancia foi, sem d\u00favida alguma, a melhor que j\u00e1 tive na minha vida. Foi mesmo das trevas (como costumava dizer uma menina, que foi connosco no autocarro, a Samantha). N\u00e3o foram muitas as viagens que fiz, mas posso dizer que gostei muito, mas mesmo muito desta viagem. Nunca esquecerei\u2026","rel":"","context":"In &quot;Finalistas&quot;","block_context":{"text":"Finalistas","link":"https:\/\/blogs.ess-edu.pt\/ap12a2008\/category\/finalistas\/"},"img":{"alt_text":"img_3814","src":"https:\/\/i0.wp.com\/blogs.ess-edu.pt\/ap12a2008\/files\/2009\/05\/img_3814-300x225.jpg?resize=350%2C200&ssl=1","width":350,"height":200},"classes":[]},{"id":418,"url":"https:\/\/blogs.ess-edu.pt\/ap12a2008\/2009\/05\/05\/a-minha-viagem-de-finalistas-by-marina\/","url_meta":{"origin":353,"position":2},"title":"A minha viagem de Finalistas &#8211; By Marina","author":"Helena Sebastiana","date":"5 05+00:00 Maio 05+00:00 2009","format":false,"excerpt":"Dia 27 de Mar\u00e7o, o dia mais esperado, o dia mais desejado da minha vida de estudante. Foi o dia em \u00a0que parti rumo a Lloret de Mar. Estava ansiosa para descobrir o que estava par l\u00e1 da fronteira, para l\u00e1 de Portugal! Foi uma viagem longa e cansativa, mas\u2026","rel":"","context":"In &quot;Finalistas&quot;","block_context":{"text":"Finalistas","link":"https:\/\/blogs.ess-edu.pt\/ap12a2008\/category\/finalistas\/"},"img":{"alt_text":"dsc00170","src":"https:\/\/i0.wp.com\/blogs.ess-edu.pt\/ap12a2008\/files\/2009\/05\/dsc00170-300x224.jpg?resize=350%2C200&ssl=1","width":350,"height":200},"classes":[]},{"id":424,"url":"https:\/\/blogs.ess-edu.pt\/ap12a2008\/2009\/05\/05\/a-minha-viagem-de-finalistas-by-ana-catarina\/","url_meta":{"origin":353,"position":3},"title":"A minha Viagem de Finalistas &#8211; By Ana Catarina","author":"Helena Sebastiana","date":"5 05+00:00 Maio 05+00:00 2009","format":false,"excerpt":"Depois de tanta ansiedade e expectativa, a viagem a Lloret, finalmente, chegou. Foi, realmente, uma boa experi\u00eancia. Bastou que fosse passada com pessoas, realmente, importantes para mim. Apesar de alguns contratempos, tudo correu pelo melhor. Foi uma semana de completa divers\u00e3o e desfrut\u00e1mos de um novo lugar, com novas pessoas.\u2026","rel":"","context":"In &quot;Finalistas&quot;","block_context":{"text":"Finalistas","link":"https:\/\/blogs.ess-edu.pt\/ap12a2008\/category\/finalistas\/"},"img":{"alt_text":"img_37752","src":"https:\/\/i0.wp.com\/blogs.ess-edu.pt\/ap12a2008\/files\/2009\/05\/img_37752-300x224.jpg?resize=350%2C200&ssl=1","width":350,"height":200},"classes":[]},{"id":379,"url":"https:\/\/blogs.ess-edu.pt\/ap12a2008\/2009\/04\/30\/a-minha-viagem-de-finalistas-by-tiago\/","url_meta":{"origin":353,"position":4},"title":"A minha viagem de Finalistas &#8211; By Tiago","author":"Helena Sebastiana","date":"30 30+00:00 Abril 30+00:00 2009","format":false,"excerpt":"Talvez indescrit\u00edvel seja a palavra mais adequada para descrever a viagem a Lloret. Fui com o objectivo de me divertir e \u201csocializar\u201d\u2026 e foi o que aconteceu. Conheci muita gente, o que tornou a viagem marcante pelo lado positivo. Todos os que foram no nosso autocarro, o pessoal da Em\u00eddio\u2026","rel":"","context":"In &quot;Finalistas&quot;","block_context":{"text":"Finalistas","link":"https:\/\/blogs.ess-edu.pt\/ap12a2008\/category\/finalistas\/"},"img":{"alt_text":"img_3834","src":"https:\/\/i0.wp.com\/blogs.ess-edu.pt\/ap12a2008\/files\/2009\/04\/img_3834-300x225.jpg?resize=350%2C200&ssl=1","width":350,"height":200},"classes":[]},{"id":378,"url":"https:\/\/blogs.ess-edu.pt\/ap12a2008\/2009\/04\/30\/a-minha-experiencia-pessoal-a-lloret-de-mar-by-anabela\/","url_meta":{"origin":353,"position":5},"title":"A minha experi\u00eancia pessoal a LLoret de Mar &#8211; By Anabela","author":"Helena Sebastiana","date":"30 30+00:00 Abril 30+00:00 2009","format":false,"excerpt":"Bem, para come\u00e7ar, acho que n\u00e3o tenho palavras para descrever o qu\u00e3o gratificante e enriquecedora foi a viagem\u2026 Em primeiro lugar, foi a primeira vez que maior parte das pessoas fizeram uma Viagem assim. Por outro lado, esta viagem foi t\u00e3o esperada. Foram doze anos de espera! Finalmente, seria a\u00ed\u2026","rel":"","context":"In &quot;Finalistas&quot;","block_context":{"text":"Finalistas","link":"https:\/\/blogs.ess-edu.pt\/ap12a2008\/category\/finalistas\/"},"img":{"alt_text":"clip_image0023","src":"https:\/\/i0.wp.com\/blogs.ess-edu.pt\/ap12a2008\/files\/2009\/04\/clip_image0023-300x224.jpg?resize=350%2C200&ssl=1","width":350,"height":200},"classes":[]}],"_links":{"self":[{"href":"https:\/\/blogs.ess-edu.pt\/ap12a2008\/wp-json\/wp\/v2\/posts\/353","targetHints":{"allow":["GET"]}}],"collection":[{"href":"https:\/\/blogs.ess-edu.pt\/ap12a2008\/wp-json\/wp\/v2\/posts"}],"about":[{"href":"https:\/\/blogs.ess-edu.pt\/ap12a2008\/wp-json\/wp\/v2\/types\/post"}],"author":[{"embeddable":true,"href":"https:\/\/blogs.ess-edu.pt\/ap12a2008\/wp-json\/wp\/v2\/users\/30"}],"replies":[{"embeddable":true,"href":"https:\/\/blogs.ess-edu.pt\/ap12a2008\/wp-json\/wp\/v2\/comments?post=353"}],"version-history":[{"count":0,"href":"https:\/\/blogs.ess-edu.pt\/ap12a2008\/wp-json\/wp\/v2\/posts\/353\/revisions"}],"wp:attachment":[{"href":"https:\/\/blogs.ess-edu.pt\/ap12a2008\/wp-json\/wp\/v2\/media?parent=353"}],"wp:term":[{"taxonomy":"category","embeddable":true,"href":"https:\/\/blogs.ess-edu.pt\/ap12a2008\/wp-json\/wp\/v2\/categories?post=353"},{"taxonomy":"post_tag","embeddable":true,"href":"https:\/\/blogs.ess-edu.pt\/ap12a2008\/wp-json\/wp\/v2\/tags?post=353"}],"curies":[{"name":"wp","href":"https:\/\/api.w.org\/{rel}","templated":true}]}}