{"id":404,"date":"2009-04-30T16:13:21","date_gmt":"2009-04-30T16:13:21","guid":{"rendered":"http:\/\/blogs.ess-edu.pt\/ap12a2008\/?p=404"},"modified":"2024-07-16T10:38:09","modified_gmt":"2024-07-16T10:38:09","slug":"dia-da-mae","status":"publish","type":"post","link":"https:\/\/blogs.ess-edu.pt\/ap12a2008\/2009\/04\/30\/dia-da-mae\/","title":{"rendered":"Dia da M\u00e3e!"},"content":{"rendered":"<p>A todas as nossas m\u00e3es, um beijinho e um agradecimento muito especial por tudo o que t\u00eam feito por n\u00f3s!<\/p>\n<p>\u201cOs filhos\u201d do 12.\u00ba A.<\/p>\n<p class=\"MsoNormal\" style=\"margin: 0cm 0cm 0pt; text-align: justify;\"><a href=\"https:\/\/blogs.ess-edu.pt\/ap12a2008\/files\/2009\/04\/flor.jpg\"><span style=\"font-size: 12pt;\"><span style=\"font-family: Calibri;\"><img loading=\"lazy\" decoding=\"async\" data-attachment-id=\"405\" data-permalink=\"https:\/\/blogs.ess-edu.pt\/ap12a2008\/2009\/04\/30\/dia-da-mae\/flor\/\" data-orig-file=\"https:\/\/blogs.ess-edu.pt\/ap12a2008\/files\/2009\/04\/flor.jpg\" data-orig-size=\"480,360\" data-comments-opened=\"1\" data-image-meta=\"{&quot;aperture&quot;:&quot;3.2&quot;,&quot;credit&quot;:&quot;&quot;,&quot;camera&quot;:&quot;C725UZ&quot;,&quot;caption&quot;:&quot;&quot;,&quot;created_timestamp&quot;:&quot;&quot;,&quot;copyright&quot;:&quot;&quot;,&quot;focal_length&quot;:&quot;14.25&quot;,&quot;iso&quot;:&quot;400&quot;,&quot;shutter_speed&quot;:&quot;0.016666666666667&quot;,&quot;title&quot;:&quot;&quot;}\" data-image-title=\"flor\" data-image-description=\"\" data-image-caption=\"\" data-large-file=\"https:\/\/blogs.ess-edu.pt\/ap12a2008\/files\/2009\/04\/flor.jpg\" class=\"aligncenter size-medium wp-image-405\" src=\"https:\/\/blogs.ess-edu.pt\/ap12a2008\/files\/2009\/04\/flor-300x225.jpg\" alt=\"flor\" width=\"300\" height=\"225\" srcset=\"https:\/\/blogs.ess-edu.pt\/ap12a2008\/files\/2009\/04\/flor-300x225.jpg 300w, https:\/\/blogs.ess-edu.pt\/ap12a2008\/files\/2009\/04\/flor.jpg 480w\" sizes=\"auto, (max-width: 300px) 100vw, 300px\" \/><\/span><\/span><\/a><\/p>\n","protected":false},"excerpt":{"rendered":"<p>A todas as nossas m\u00e3es, um beijinho e um agradecimento muito especial por tudo o que t\u00eam feito por n\u00f3s!<\/p>\n<p>\u201cOs filhos\u201d do 12.\u00ba A.<\/p>\n<p class=\"MsoNormal\" style=\"margin: 0cm 0cm 0pt; text-align: justify;\">\n","protected":false},"author":30,"featured_media":0,"comment_status":"open","ping_status":"open","sticky":false,"template":"","format":"standard","meta":{"jetpack_post_was_ever_published":false,"_jetpack_newsletter_access":"","_jetpack_dont_email_post_to_subs":false,"_jetpack_newsletter_tier_id":0,"_jetpack_memberships_contains_paywalled_content":false,"_jetpack_memberships_contains_paid_content":false,"footnotes":""},"categories":[76],"tags":[],"class_list":["post-404","post","type-post","status-publish","format-standard","hentry","category-eventos","odd"],"jetpack_featured_media_url":"","jetpack_sharing_enabled":true,"jetpack_shortlink":"https:\/\/wp.me\/paunJ5-6w","jetpack-related-posts":[{"id":337,"url":"https:\/\/blogs.ess-edu.pt\/ap12a2008\/2009\/03\/24\/realizadores-por-alguns-dias\/","url_meta":{"origin":404,"position":0},"title":"Realizadores por alguns dias!","author":"Helena Sebastiana","date":"24 24+00:00 Mar\u00e7o 24+00:00 2009","format":false,"excerpt":"Depois de ser aprovada em plen\u00e1rio a ideia da realiza\u00e7\u00e3o de um filme da escola para a sua divulga\u00e7\u00e3o, foi constitu\u00eddo um grupo respons\u00e1vel pela elabora\u00e7\u00e3o e a realiza\u00e7\u00e3o do mesmo. Este filme pretendia mostrar um pouco do dia-a-dia da nossa escola, bem como os seus espa\u00e7os e todo o\u2026","rel":"","context":"In &quot;Aconteceu...&quot;","block_context":{"text":"Aconteceu...","link":"https:\/\/blogs.ess-edu.pt\/ap12a2008\/category\/aconteceu\/"},"img":{"alt_text":"","src":"","width":0,"height":0},"classes":[]},{"id":471,"url":"https:\/\/blogs.ess-edu.pt\/ap12a2008\/2009\/05\/12\/viagem-de-estudo-a-lisboa-mafra-e-obidos-by-mika\/","url_meta":{"origin":404,"position":1},"title":"Viagem de Estudo a Lisboa, Mafra e \u00d3bidos &#8211; By Mik\u00e1","author":"Helena Sebastiana","date":"12 12+00:00 Maio 12+00:00 2009","format":false,"excerpt":"Nos passados dias 17 e 18 de Abril, as tr\u00eas turmas do 12.\u00ba ano participaram numa viagem por terras de Lisboa, Mafra e \u00d3bidos. Sa\u00edmos de Lamego por volta das oito horas. E inici\u00e1mos a viagem em direc\u00e7\u00e3o a Lisboa. A visita tinha como locais a visitar, o Caf\u00e9 Martinho\u2026","rel":"","context":"In &quot;Viagens de estudo&quot;","block_context":{"text":"Viagens de estudo","link":"https:\/\/blogs.ess-edu.pt\/ap12a2008\/category\/viagens-de-estudo\/"},"img":{"alt_text":"100_17691","src":"https:\/\/i0.wp.com\/blogs.ess-edu.pt\/ap12a2008\/files\/2009\/05\/100_17691-300x224.jpg?resize=350%2C200&ssl=1","width":350,"height":200},"classes":[]},{"id":378,"url":"https:\/\/blogs.ess-edu.pt\/ap12a2008\/2009\/04\/30\/a-minha-experiencia-pessoal-a-lloret-de-mar-by-anabela\/","url_meta":{"origin":404,"position":2},"title":"A minha experi\u00eancia pessoal a LLoret de Mar &#8211; By Anabela","author":"Helena Sebastiana","date":"30 30+00:00 Abril 30+00:00 2009","format":false,"excerpt":"Bem, para come\u00e7ar, acho que n\u00e3o tenho palavras para descrever o qu\u00e3o gratificante e enriquecedora foi a viagem\u2026 Em primeiro lugar, foi a primeira vez que maior parte das pessoas fizeram uma Viagem assim. Por outro lado, esta viagem foi t\u00e3o esperada. Foram doze anos de espera! Finalmente, seria a\u00ed\u2026","rel":"","context":"In &quot;Finalistas&quot;","block_context":{"text":"Finalistas","link":"https:\/\/blogs.ess-edu.pt\/ap12a2008\/category\/finalistas\/"},"img":{"alt_text":"clip_image0023","src":"https:\/\/i0.wp.com\/blogs.ess-edu.pt\/ap12a2008\/files\/2009\/04\/clip_image0023-300x224.jpg?resize=350%2C200&ssl=1","width":350,"height":200},"classes":[]},{"id":279,"url":"https:\/\/blogs.ess-edu.pt\/ap12a2008\/2009\/02\/03\/regulamento-do-peddy-papper-sera-que-conheces-tao-bem-a-tua-escola-como-pensas\/","url_meta":{"origin":404,"position":3},"title":"Regulamento do Peddy-Papper: Ser\u00e1 que conheces t\u00e3o bem a tua escola como pensas?","author":"Helena Sebastiana","date":"3 03+00:00 Fevereiro 03+00:00 2009","format":false,"excerpt":"Objectivos: Promover o conhecimento da escola; Promover o esp\u00edrito de equipa; Respeitar as regras e as condutas do jogo; Terminar o puzzle primeiro. Informa\u00e7\u00f5es \u00fateis: As provas ser\u00e3o realizadas dentro do recinto da escola. Cada pergunta respondida correctamente ser\u00e1 cotada com uma pe\u00e7a do puzzle. No dia da prova, ser\u00e1\u2026","rel":"","context":"In &quot;Eventos&quot;","block_context":{"text":"Eventos","link":"https:\/\/blogs.ess-edu.pt\/ap12a2008\/category\/eventos\/"},"img":{"alt_text":"","src":"","width":0,"height":0},"classes":[]},{"id":163,"url":"https:\/\/blogs.ess-edu.pt\/ap12a2008\/2008\/12\/16\/torneio-de-andebol-de-5-3\/","url_meta":{"origin":404,"position":4},"title":"Torneio de Andebol de 5","author":"Helena Sebastiana","date":"16 16+00:00 Dezembro 16+00:00 2008","format":false,"excerpt":"Na nossa escola, o dia 15 de Dezembro, foi mais um dia de jogos do Torneio de Andebol de 5. Uma vez que o Tiago ainda se encontra lesionado, est\u00e1vamos um\u00a0bocado ansiosos com este jogo, mas sempre confiantes na vit\u00f3ria. A nossa equipa ganhou. Yupi! \u00c9 verdade, a equipa advers\u00e1ria\u2026","rel":"","context":"In &quot;Torneios&quot;","block_context":{"text":"Torneios","link":"https:\/\/blogs.ess-edu.pt\/ap12a2008\/category\/torneios\/"},"img":{"alt_text":"","src":"","width":0,"height":0},"classes":[]},{"id":351,"url":"https:\/\/blogs.ess-edu.pt\/ap12a2008\/2009\/04\/23\/lloret-de-mar-by-mauro-2\/","url_meta":{"origin":404,"position":5},"title":"LLoret de Mar&#8230; By Mauro","author":"Helena Sebastiana","date":"23 23+00:00 Abril 23+00:00 2009","format":false,"excerpt":"Foi, para mim, uma das melhores experi\u00eancias de vida de sempre. Adorei toda aquela semana em Espanha, n\u00e3o s\u00f3 por aquela paisagem magn\u00edfica, por aquele ambiente fant\u00e1stico, mas tamb\u00e9m por estar com amigos e pessoas de que gosto. A meu ver, o melhor dia foi passado no PortVentura. Um enorme\u2026","rel":"","context":"In &quot;Finalistas&quot;","block_context":{"text":"Finalistas","link":"https:\/\/blogs.ess-edu.pt\/ap12a2008\/category\/finalistas\/"},"img":{"alt_text":"","src":"","width":0,"height":0},"classes":[]}],"_links":{"self":[{"href":"https:\/\/blogs.ess-edu.pt\/ap12a2008\/wp-json\/wp\/v2\/posts\/404","targetHints":{"allow":["GET"]}}],"collection":[{"href":"https:\/\/blogs.ess-edu.pt\/ap12a2008\/wp-json\/wp\/v2\/posts"}],"about":[{"href":"https:\/\/blogs.ess-edu.pt\/ap12a2008\/wp-json\/wp\/v2\/types\/post"}],"author":[{"embeddable":true,"href":"https:\/\/blogs.ess-edu.pt\/ap12a2008\/wp-json\/wp\/v2\/users\/30"}],"replies":[{"embeddable":true,"href":"https:\/\/blogs.ess-edu.pt\/ap12a2008\/wp-json\/wp\/v2\/comments?post=404"}],"version-history":[{"count":0,"href":"https:\/\/blogs.ess-edu.pt\/ap12a2008\/wp-json\/wp\/v2\/posts\/404\/revisions"}],"wp:attachment":[{"href":"https:\/\/blogs.ess-edu.pt\/ap12a2008\/wp-json\/wp\/v2\/media?parent=404"}],"wp:term":[{"taxonomy":"category","embeddable":true,"href":"https:\/\/blogs.ess-edu.pt\/ap12a2008\/wp-json\/wp\/v2\/categories?post=404"},{"taxonomy":"post_tag","embeddable":true,"href":"https:\/\/blogs.ess-edu.pt\/ap12a2008\/wp-json\/wp\/v2\/tags?post=404"}],"curies":[{"name":"wp","href":"https:\/\/api.w.org\/{rel}","templated":true}]}}