{"id":406,"date":"2009-04-30T16:16:15","date_gmt":"2009-04-30T16:16:15","guid":{"rendered":"http:\/\/blogs.ess-edu.pt\/ap12a2008\/?p=406"},"modified":"2024-07-16T10:38:48","modified_gmt":"2024-07-16T10:38:48","slug":"dia-internacional-das-linguas","status":"publish","type":"post","link":"https:\/\/blogs.ess-edu.pt\/ap12a2008\/2009\/04\/30\/dia-internacional-das-linguas\/","title":{"rendered":"Dia Internacional das L\u00ednguas"},"content":{"rendered":"<p>A nossa escola teve a iniciativa de festejar o Dia Internacional das L\u00ednguas.<\/p>\n<p>Pass\u00e1mos um dia, tipicamente, brit\u00e2nico e franc\u00eas. A cantina serviu um almo\u00e7o \u00e0 inglesa, durante os intervalos fomos presenteados com m\u00fasica brit\u00e2nica.<\/p>\n<p>Alguns professores e alunos tiveram a brilhante ideia de vender bolos, feitos por eles, para vender.<\/p>\n<p>O dinheiro reverte para angariar fundos para adquirir \u00a0pr\u00e9mios para os alunos.<\/p>\n<p>Ador\u00e1mos iniciativas como esta!<\/p>\n<p class=\"MsoNormal\" style=\"margin: 0cm 0cm 0pt; text-align: justify;\"><a href=\"https:\/\/blogs.ess-edu.pt\/ap12a2008\/files\/2009\/04\/100_1834-1024x767.jpg\"><span style=\"font-size: 12pt;\"><span style=\"font-family: Calibri;\"><img loading=\"lazy\" decoding=\"async\" data-attachment-id=\"407\" data-permalink=\"https:\/\/blogs.ess-edu.pt\/ap12a2008\/2009\/04\/30\/dia-internacional-das-linguas\/100_1834\/\" data-orig-file=\"https:\/\/blogs.ess-edu.pt\/ap12a2008\/files\/2009\/04\/100_1834.jpg\" data-orig-size=\"2848,2134\" data-comments-opened=\"1\" data-image-meta=\"{&quot;aperture&quot;:&quot;2.7&quot;,&quot;credit&quot;:&quot;&quot;,&quot;camera&quot;:&quot;KODAK EASYSHARE C613 ZOOM DIGITAL CAMERA&quot;,&quot;caption&quot;:&quot;&quot;,&quot;created_timestamp&quot;:&quot;1168774187&quot;,&quot;copyright&quot;:&quot;&quot;,&quot;focal_length&quot;:&quot;6&quot;,&quot;iso&quot;:&quot;200&quot;,&quot;shutter_speed&quot;:&quot;0.015625&quot;,&quot;title&quot;:&quot;&quot;}\" data-image-title=\"100_1834\" data-image-description=\"\" data-image-caption=\"\" data-large-file=\"https:\/\/blogs.ess-edu.pt\/ap12a2008\/files\/2009\/04\/100_1834-1024x767.jpg\" class=\"aligncenter size-medium wp-image-407\" src=\"https:\/\/blogs.ess-edu.pt\/ap12a2008\/files\/2009\/04\/100_1834-300x224.jpg\" alt=\"100_1834\" width=\"300\" height=\"224\" srcset=\"https:\/\/blogs.ess-edu.pt\/ap12a2008\/files\/2009\/04\/100_1834-300x224.jpg 300w, https:\/\/blogs.ess-edu.pt\/ap12a2008\/files\/2009\/04\/100_1834-1024x767.jpg 1024w\" sizes=\"auto, (max-width: 300px) 100vw, 300px\" \/><\/span><\/span><\/a><\/p>\n","protected":false},"excerpt":{"rendered":"<p>A nossa escola teve a iniciativa de festejar o Dia Internacional das L\u00ednguas.<\/p>\n<p>Pass\u00e1mos um dia, tipicamente, brit\u00e2nico e franc\u00eas. A cantina serviu um almo\u00e7o \u00e0 inglesa, durante os intervalos fomos presenteados com m\u00fasica brit\u00e2nica.<\/p>\n<p>Alguns professores e alunos tiveram a brilhante ideia de vender bolos, feitos por eles, para vender.<\/p>\n<p>O dinheiro reverte para [&#8230;]<\/p>\n","protected":false},"author":30,"featured_media":0,"comment_status":"open","ping_status":"open","sticky":false,"template":"","format":"standard","meta":{"jetpack_post_was_ever_published":false,"_jetpack_newsletter_access":"","_jetpack_dont_email_post_to_subs":false,"_jetpack_newsletter_tier_id":0,"_jetpack_memberships_contains_paywalled_content":false,"_jetpack_memberships_contains_paid_content":false,"footnotes":""},"categories":[76],"tags":[],"class_list":["post-406","post","type-post","status-publish","format-standard","hentry","category-eventos","odd"],"jetpack_featured_media_url":"","jetpack_sharing_enabled":true,"jetpack_shortlink":"https:\/\/wp.me\/paunJ5-6y","jetpack-related-posts":[{"id":409,"url":"https:\/\/blogs.ess-edu.pt\/ap12a2008\/2009\/04\/30\/peca-de-teatro\/","url_meta":{"origin":406,"position":0},"title":"Pe\u00e7a de Teatro!","author":"Helena Sebastiana","date":"30 30+00:00 Abril 30+00:00 2009","format":false,"excerpt":"Hoje, dia 30 de Abril, no Audit\u00f3rio, os nossos colegas do 10.\u00ba A, celebrando o Dia das L\u00ednguas, representaram uma pe\u00e7a intitulada \u201cConfus\u00e3o ou Comunica\u00e7\u00e3o?\u201d. Dirigida aos alunos dos 5.\u00ba e 6.\u00ba anos, teve como objectivo demonstrar a import\u00e2ncia da diversidade lingu\u00edstica e incentivar os alunos a aprenderem novas l\u00ednguas.","rel":"","context":"In &quot;Eventos&quot;","block_context":{"text":"Eventos","link":"https:\/\/blogs.ess-edu.pt\/ap12a2008\/category\/eventos\/"},"img":{"alt_text":"imagem0681","src":"https:\/\/i0.wp.com\/blogs.ess-edu.pt\/ap12a2008\/files\/2009\/04\/imagem0681-300x225.jpg?resize=350%2C200&ssl=1","width":350,"height":200},"classes":[]},{"id":186,"url":"https:\/\/blogs.ess-edu.pt\/ap12a2008\/2009\/01\/06\/programa-comenius\/","url_meta":{"origin":406,"position":1},"title":"Programa Comenius","author":"Helena Sebastiana","date":"6 06+00:00 Janeiro 06+00:00 2009","format":false,"excerpt":"Segundo a Professora Maria Jos\u00e9 Alvelos, o programa Comenius pretende desenvolver a dimens\u00e3o europeia nas escolas participantes, tendo em vista o refor\u00e7o da cidadania europeia para o conhecimento e preserva\u00e7\u00e3o da heran\u00e7a cultural, hist\u00f3rica e social dos pa\u00edses envolvidos. Tem como finalidade o enriquecimento das aprendizagens s\u00f3cio-culturais dos alunos e\u2026","rel":"","context":"In &quot;Clubes&quot;","block_context":{"text":"Clubes","link":"https:\/\/blogs.ess-edu.pt\/ap12a2008\/category\/clubes\/"},"img":{"alt_text":"","src":"","width":0,"height":0},"classes":[]},{"id":302,"url":"https:\/\/blogs.ess-edu.pt\/ap12a2008\/2009\/02\/26\/bar-dos-alunos-finalistas\/","url_meta":{"origin":406,"position":2},"title":"Bar dos alunos finalistas","author":"Helena Sebastiana","date":"26 26+00:00 Fevereiro 26+00:00 2009","format":false,"excerpt":"No dia 20 de Fevereiro, foi realizado um concurso de Carnaval \u201cM\u00e1scaras e Disfarces\u201d. O bar da escola foi encerrado para que os finalistas pudessem abrir o seu pr\u00f3prio bar e vender bolos, sandes e bebidas. O objectivo foi a angaria\u00e7\u00e3o de fundos para a viagem de finalistas. Houve bastante\u2026","rel":"","context":"In &quot;Finalistas&quot;","block_context":{"text":"Finalistas","link":"https:\/\/blogs.ess-edu.pt\/ap12a2008\/category\/finalistas\/"},"img":{"alt_text":"","src":"","width":0,"height":0},"classes":[]},{"id":295,"url":"https:\/\/blogs.ess-edu.pt\/ap12a2008\/2009\/02\/26\/clube-de-jornalismo\/","url_meta":{"origin":406,"position":3},"title":"Clube de Jornalismo","author":"Helena Sebastiana","date":"26 26+00:00 Fevereiro 26+00:00 2009","format":false,"excerpt":"1. Quais as finalidades deste Clube? R: As finalidades do Clube passam pelo desenvolvimento da express\u00e3o escrita, pelo est\u00edmulo do gosto pelo texto jornal\u00edstico e pelo apoio que \u00e9 dado ao jornal da nossa escola \u201cEscola Aberta\u201d. 2. Que actividades s\u00e3o realizadas neste Clube? R: Essencialmente, a produ\u00e7\u00e3o de texto\u2026","rel":"","context":"In &quot;Clubes&quot;","block_context":{"text":"Clubes","link":"https:\/\/blogs.ess-edu.pt\/ap12a2008\/category\/clubes\/"},"img":{"alt_text":"","src":"","width":0,"height":0},"classes":[]},{"id":254,"url":"https:\/\/blogs.ess-edu.pt\/ap12a2008\/2009\/01\/22\/clube-de-orientacao-e-pedestrianismo\/","url_meta":{"origin":406,"position":4},"title":"Clube de Orienta\u00e7\u00e3o e Pedestrianismo","author":"Helena Sebastiana","date":"22 22+00:00 Janeiro 22+00:00 2009","format":false,"excerpt":"Segundo a professora Nadir Lopes, este clube, foi criado no ano lectivo 2006\/2007 e pretende despertar o gosto para as actividades ao ar livre, para os conhecimentos de orienta\u00e7\u00e3o e para a realiza\u00e7\u00e3o de caminhadas ao ar livre. Este clube destina-se, essencialmente, aos alunos do terceiro ciclo do Ensino B\u00e1sico.\u2026","rel":"","context":"In &quot;Clubes&quot;","block_context":{"text":"Clubes","link":"https:\/\/blogs.ess-edu.pt\/ap12a2008\/category\/clubes\/"},"img":{"alt_text":"","src":"","width":0,"height":0},"classes":[]},{"id":378,"url":"https:\/\/blogs.ess-edu.pt\/ap12a2008\/2009\/04\/30\/a-minha-experiencia-pessoal-a-lloret-de-mar-by-anabela\/","url_meta":{"origin":406,"position":5},"title":"A minha experi\u00eancia pessoal a LLoret de Mar &#8211; By Anabela","author":"Helena Sebastiana","date":"30 30+00:00 Abril 30+00:00 2009","format":false,"excerpt":"Bem, para come\u00e7ar, acho que n\u00e3o tenho palavras para descrever o qu\u00e3o gratificante e enriquecedora foi a viagem\u2026 Em primeiro lugar, foi a primeira vez que maior parte das pessoas fizeram uma Viagem assim. Por outro lado, esta viagem foi t\u00e3o esperada. Foram doze anos de espera! Finalmente, seria a\u00ed\u2026","rel":"","context":"In &quot;Finalistas&quot;","block_context":{"text":"Finalistas","link":"https:\/\/blogs.ess-edu.pt\/ap12a2008\/category\/finalistas\/"},"img":{"alt_text":"clip_image0023","src":"https:\/\/i0.wp.com\/blogs.ess-edu.pt\/ap12a2008\/files\/2009\/04\/clip_image0023-300x224.jpg?resize=350%2C200&ssl=1","width":350,"height":200},"classes":[]}],"_links":{"self":[{"href":"https:\/\/blogs.ess-edu.pt\/ap12a2008\/wp-json\/wp\/v2\/posts\/406","targetHints":{"allow":["GET"]}}],"collection":[{"href":"https:\/\/blogs.ess-edu.pt\/ap12a2008\/wp-json\/wp\/v2\/posts"}],"about":[{"href":"https:\/\/blogs.ess-edu.pt\/ap12a2008\/wp-json\/wp\/v2\/types\/post"}],"author":[{"embeddable":true,"href":"https:\/\/blogs.ess-edu.pt\/ap12a2008\/wp-json\/wp\/v2\/users\/30"}],"replies":[{"embeddable":true,"href":"https:\/\/blogs.ess-edu.pt\/ap12a2008\/wp-json\/wp\/v2\/comments?post=406"}],"version-history":[{"count":0,"href":"https:\/\/blogs.ess-edu.pt\/ap12a2008\/wp-json\/wp\/v2\/posts\/406\/revisions"}],"wp:attachment":[{"href":"https:\/\/blogs.ess-edu.pt\/ap12a2008\/wp-json\/wp\/v2\/media?parent=406"}],"wp:term":[{"taxonomy":"category","embeddable":true,"href":"https:\/\/blogs.ess-edu.pt\/ap12a2008\/wp-json\/wp\/v2\/categories?post=406"},{"taxonomy":"post_tag","embeddable":true,"href":"https:\/\/blogs.ess-edu.pt\/ap12a2008\/wp-json\/wp\/v2\/tags?post=406"}],"curies":[{"name":"wp","href":"https:\/\/api.w.org\/{rel}","templated":true}]}}