{"id":409,"date":"2009-04-30T16:20:37","date_gmt":"2009-04-30T16:20:37","guid":{"rendered":"http:\/\/blogs.ess-edu.pt\/ap12a2008\/?p=409"},"modified":"2024-07-16T10:41:33","modified_gmt":"2024-07-16T10:41:33","slug":"peca-de-teatro","status":"publish","type":"post","link":"https:\/\/blogs.ess-edu.pt\/ap12a2008\/2009\/04\/30\/peca-de-teatro\/","title":{"rendered":"Pe\u00e7a de Teatro!"},"content":{"rendered":"<p>Hoje, dia 30 de Abril, no Audit\u00f3rio, os nossos colegas do 10.\u00ba A, celebrando o Dia das L\u00ednguas, representaram uma pe\u00e7a intitulada \u201cConfus\u00e3o ou Comunica\u00e7\u00e3o?\u201d.<\/p>\n<p>Dirigida aos alunos dos 5.\u00ba e 6.\u00ba anos, teve como objectivo demonstrar a import\u00e2ncia da diversidade lingu\u00edstica e incentivar os alunos a aprenderem novas l\u00ednguas.<\/p>\n<p class=\"MsoNormal\" style=\"margin: 0cm 0cm 0pt; text-align: justify;\"><a href=\"https:\/\/blogs.ess-edu.pt\/ap12a2008\/files\/2009\/04\/imagem0681-1024x768.jpg\"><span style=\"font-size: 12pt;\"><span style=\"font-family: Calibri;\"><img loading=\"lazy\" decoding=\"async\" data-attachment-id=\"410\" data-permalink=\"https:\/\/blogs.ess-edu.pt\/ap12a2008\/2009\/04\/30\/peca-de-teatro\/imagem0681\/\" data-orig-file=\"https:\/\/blogs.ess-edu.pt\/ap12a2008\/files\/2009\/04\/imagem0681.jpg\" data-orig-size=\"2048,1536\" data-comments-opened=\"1\" data-image-meta=\"{&quot;aperture&quot;:&quot;0&quot;,&quot;credit&quot;:&quot;&quot;,&quot;camera&quot;:&quot;5610 XpressMusic&quot;,&quot;caption&quot;:&quot;&quot;,&quot;created_timestamp&quot;:&quot;1241104045&quot;,&quot;copyright&quot;:&quot;&quot;,&quot;focal_length&quot;:&quot;0&quot;,&quot;iso&quot;:&quot;0&quot;,&quot;shutter_speed&quot;:&quot;0&quot;,&quot;title&quot;:&quot;&quot;}\" data-image-title=\"imagem0681\" data-image-description=\"\" data-image-caption=\"\" data-large-file=\"https:\/\/blogs.ess-edu.pt\/ap12a2008\/files\/2009\/04\/imagem0681-1024x768.jpg\" class=\"aligncenter size-medium wp-image-410\" src=\"https:\/\/blogs.ess-edu.pt\/ap12a2008\/files\/2009\/04\/imagem0681-300x225.jpg\" alt=\"imagem0681\" width=\"300\" height=\"225\" srcset=\"https:\/\/blogs.ess-edu.pt\/ap12a2008\/files\/2009\/04\/imagem0681-300x225.jpg 300w, https:\/\/blogs.ess-edu.pt\/ap12a2008\/files\/2009\/04\/imagem0681-1024x768.jpg 1024w, https:\/\/blogs.ess-edu.pt\/ap12a2008\/files\/2009\/04\/imagem0681.jpg 2048w\" sizes=\"auto, (max-width: 300px) 100vw, 300px\" \/><\/span><\/span><\/a><\/p>\n","protected":false},"excerpt":{"rendered":"<p>Hoje, dia 30 de Abril, no Audit\u00f3rio, os nossos colegas do 10.\u00ba A, celebrando o Dia das L\u00ednguas, representaram uma pe\u00e7a intitulada \u201cConfus\u00e3o ou Comunica\u00e7\u00e3o?\u201d.<\/p>\n<p>Dirigida aos alunos dos 5.\u00ba e 6.\u00ba anos, teve como objectivo demonstrar a import\u00e2ncia da diversidade lingu\u00edstica e incentivar os alunos a aprenderem novas l\u00ednguas.<\/p>\n<p class=\"MsoNormal\" style=\"margin: 0cm 0cm [...] \n\n","protected":false},"author":30,"featured_media":0,"comment_status":"open","ping_status":"open","sticky":false,"template":"","format":"standard","meta":{"jetpack_post_was_ever_published":false,"_jetpack_newsletter_access":"","_jetpack_dont_email_post_to_subs":false,"_jetpack_newsletter_tier_id":0,"_jetpack_memberships_contains_paywalled_content":false,"_jetpack_memberships_contains_paid_content":false,"footnotes":""},"categories":[76],"tags":[],"class_list":["post-409","post","type-post","status-publish","format-standard","hentry","category-eventos","odd"],"jetpack_featured_media_url":"","jetpack_sharing_enabled":true,"jetpack_shortlink":"https:\/\/wp.me\/paunJ5-6B","jetpack-related-posts":[{"id":406,"url":"https:\/\/blogs.ess-edu.pt\/ap12a2008\/2009\/04\/30\/dia-internacional-das-linguas\/","url_meta":{"origin":409,"position":0},"title":"Dia Internacional das L\u00ednguas","author":"Helena Sebastiana","date":"30 30+00:00 Abril 30+00:00 2009","format":false,"excerpt":"A nossa escola teve a iniciativa de festejar o Dia Internacional das L\u00ednguas. Pass\u00e1mos um dia, tipicamente, brit\u00e2nico e franc\u00eas. A cantina serviu um almo\u00e7o \u00e0 inglesa, durante os intervalos fomos presenteados com m\u00fasica brit\u00e2nica. Alguns professores e alunos tiveram a brilhante ideia de vender bolos, feitos por eles, para\u2026","rel":"","context":"In &quot;Eventos&quot;","block_context":{"text":"Eventos","link":"https:\/\/blogs.ess-edu.pt\/ap12a2008\/category\/eventos\/"},"img":{"alt_text":"100_1834","src":"https:\/\/i0.wp.com\/blogs.ess-edu.pt\/ap12a2008\/files\/2009\/04\/100_1834-300x224.jpg?resize=350%2C200&ssl=1","width":350,"height":200},"classes":[]},{"id":186,"url":"https:\/\/blogs.ess-edu.pt\/ap12a2008\/2009\/01\/06\/programa-comenius\/","url_meta":{"origin":409,"position":1},"title":"Programa Comenius","author":"Helena Sebastiana","date":"6 06+00:00 Janeiro 06+00:00 2009","format":false,"excerpt":"Segundo a Professora Maria Jos\u00e9 Alvelos, o programa Comenius pretende desenvolver a dimens\u00e3o europeia nas escolas participantes, tendo em vista o refor\u00e7o da cidadania europeia para o conhecimento e preserva\u00e7\u00e3o da heran\u00e7a cultural, hist\u00f3rica e social dos pa\u00edses envolvidos. Tem como finalidade o enriquecimento das aprendizagens s\u00f3cio-culturais dos alunos e\u2026","rel":"","context":"In &quot;Clubes&quot;","block_context":{"text":"Clubes","link":"https:\/\/blogs.ess-edu.pt\/ap12a2008\/category\/clubes\/"},"img":{"alt_text":"","src":"","width":0,"height":0},"classes":[]},{"id":296,"url":"https:\/\/blogs.ess-edu.pt\/ap12a2008\/2009\/02\/26\/peca-de-teatro-os-loucos-anos-20-20-de-fevereiro\/","url_meta":{"origin":409,"position":2},"title":"Pe\u00e7a de Teatro &#8220;Os Loucos Anos 20&#8221; (20 de Fevereiro)","author":"Helena Sebastiana","date":"26 26+00:00 Fevereiro 26+00:00 2009","format":false,"excerpt":"Na passada sexta-feira, dia 20 de Fevereiro de 2009, \u00faltimo dia de aulas antes do Carnaval, algumas turmas da escola puderam assistir a uma pe\u00e7a de teatro. \u201cOs loucos anos 20\u201d. Era assim que se chamava a pe\u00e7a que tinha como finalidade mostrar a evolu\u00e7\u00e3o do estatuto da mulher na\u2026","rel":"","context":"In &quot;Eventos&quot;","block_context":{"text":"Eventos","link":"https:\/\/blogs.ess-edu.pt\/ap12a2008\/category\/eventos\/"},"img":{"alt_text":"","src":"","width":0,"height":0},"classes":[]},{"id":212,"url":"https:\/\/blogs.ess-edu.pt\/ap12a2008\/2009\/01\/08\/festa-de-natal\/","url_meta":{"origin":409,"position":3},"title":"Festa de Natal","author":"Helena Sebastiana","date":"8 08+00:00 Janeiro 08+00:00 2009","format":false,"excerpt":"No dia 18 de Dezembro, pelas 10 horas, teve in\u00edcio a grandiosa festa de final de primeiro per\u00edodo. Esta festa proporcionou aos alunos, pais, auxiliares e encarregados de educa\u00e7\u00e3o um dia diferente. Neste dia, como n\u00e3o poderia deixar de ser, n\u00e3o faltaram c\u00e2nticos, dan\u00e7as, representa\u00e7\u00e3o de um auto de Natal,\u2026","rel":"","context":"In &quot;Ocasi\u00f5es especiais&quot;","block_context":{"text":"Ocasi\u00f5es especiais","link":"https:\/\/blogs.ess-edu.pt\/ap12a2008\/category\/ocasioes-especiais\/"},"img":{"alt_text":"","src":"","width":0,"height":0},"classes":[]},{"id":361,"url":"https:\/\/blogs.ess-edu.pt\/ap12a2008\/2009\/04\/23\/auto-da-barca-do-inferno\/","url_meta":{"origin":409,"position":4},"title":"Auto da Barca do Inferno&#8230;","author":"Helena Sebastiana","date":"23 23+00:00 Abril 23+00:00 2009","format":false,"excerpt":"Ontem, dia 22 de Abril, realizou-se no audit\u00f3rio da nossa escola, por volta das 21:00 horas, uma encena\u00e7\u00e3o da obra de Gil Vicente \u201cAuto da Barca do Inferno\u201d, por parte dos alunos da turma do 9.\u00ba B. Era destinada aos familiares dos alunos e aos seus professores. Foi uma encena\u00e7\u00e3o\u2026","rel":"","context":"In &quot;Eventos&quot;","block_context":{"text":"Eventos","link":"https:\/\/blogs.ess-edu.pt\/ap12a2008\/category\/eventos\/"},"img":{"alt_text":"img_4611","src":"https:\/\/i0.wp.com\/blogs.ess-edu.pt\/ap12a2008\/files\/2009\/04\/img_4611-300x225.jpg?resize=350%2C200&ssl=1","width":350,"height":200},"classes":[]},{"id":254,"url":"https:\/\/blogs.ess-edu.pt\/ap12a2008\/2009\/01\/22\/clube-de-orientacao-e-pedestrianismo\/","url_meta":{"origin":409,"position":5},"title":"Clube de Orienta\u00e7\u00e3o e Pedestrianismo","author":"Helena Sebastiana","date":"22 22+00:00 Janeiro 22+00:00 2009","format":false,"excerpt":"Segundo a professora Nadir Lopes, este clube, foi criado no ano lectivo 2006\/2007 e pretende despertar o gosto para as actividades ao ar livre, para os conhecimentos de orienta\u00e7\u00e3o e para a realiza\u00e7\u00e3o de caminhadas ao ar livre. Este clube destina-se, essencialmente, aos alunos do terceiro ciclo do Ensino B\u00e1sico.\u2026","rel":"","context":"In &quot;Clubes&quot;","block_context":{"text":"Clubes","link":"https:\/\/blogs.ess-edu.pt\/ap12a2008\/category\/clubes\/"},"img":{"alt_text":"","src":"","width":0,"height":0},"classes":[]}],"_links":{"self":[{"href":"https:\/\/blogs.ess-edu.pt\/ap12a2008\/wp-json\/wp\/v2\/posts\/409","targetHints":{"allow":["GET"]}}],"collection":[{"href":"https:\/\/blogs.ess-edu.pt\/ap12a2008\/wp-json\/wp\/v2\/posts"}],"about":[{"href":"https:\/\/blogs.ess-edu.pt\/ap12a2008\/wp-json\/wp\/v2\/types\/post"}],"author":[{"embeddable":true,"href":"https:\/\/blogs.ess-edu.pt\/ap12a2008\/wp-json\/wp\/v2\/users\/30"}],"replies":[{"embeddable":true,"href":"https:\/\/blogs.ess-edu.pt\/ap12a2008\/wp-json\/wp\/v2\/comments?post=409"}],"version-history":[{"count":0,"href":"https:\/\/blogs.ess-edu.pt\/ap12a2008\/wp-json\/wp\/v2\/posts\/409\/revisions"}],"wp:attachment":[{"href":"https:\/\/blogs.ess-edu.pt\/ap12a2008\/wp-json\/wp\/v2\/media?parent=409"}],"wp:term":[{"taxonomy":"category","embeddable":true,"href":"https:\/\/blogs.ess-edu.pt\/ap12a2008\/wp-json\/wp\/v2\/categories?post=409"},{"taxonomy":"post_tag","embeddable":true,"href":"https:\/\/blogs.ess-edu.pt\/ap12a2008\/wp-json\/wp\/v2\/tags?post=409"}],"curies":[{"name":"wp","href":"https:\/\/api.w.org\/{rel}","templated":true}]}}