{"id":453,"date":"2009-05-12T13:08:45","date_gmt":"2009-05-12T13:08:45","guid":{"rendered":"http:\/\/blogs.ess-edu.pt\/ap12a2008\/?p=453"},"modified":"2024-07-16T12:45:03","modified_gmt":"2024-07-16T12:45:03","slug":"nacional-de-mega-sprinter","status":"publish","type":"post","link":"https:\/\/blogs.ess-edu.pt\/ap12a2008\/2009\/05\/12\/nacional-de-mega-sprinter\/","title":{"rendered":"Nacional de Mega Sprinter"},"content":{"rendered":"<p>\u00c9 com muito orgulho que anunciamos que um aluno da nossa escola, Tiago Oliveira, foi apurado para o Nacional de MegaSprinter na categoria de Juvenil Masculino.<\/p>\n<p>Parab\u00e9ns e boa sorte!!!<\/p>\n","protected":false},"excerpt":{"rendered":"<p>\u00c9 com muito orgulho que anunciamos que um aluno da nossa escola, Tiago Oliveira, foi apurado para o Nacional de MegaSprinter na categoria de Juvenil Masculino.<\/p>\n<p>Parab\u00e9ns e boa sorte!!!<\/p>\n","protected":false},"author":30,"featured_media":0,"comment_status":"open","ping_status":"open","sticky":false,"template":"","format":"standard","meta":{"jetpack_post_was_ever_published":false,"_jetpack_newsletter_access":"","_jetpack_dont_email_post_to_subs":false,"_jetpack_newsletter_tier_id":0,"_jetpack_memberships_contains_paywalled_content":false,"_jetpack_memberships_contains_paid_content":false,"footnotes":""},"categories":[74],"tags":[],"class_list":["post-453","post","type-post","status-publish","format-standard","hentry","category-torneios","odd"],"jetpack_featured_media_url":"","jetpack_sharing_enabled":true,"jetpack_shortlink":"https:\/\/wp.me\/paunJ5-7j","jetpack-related-posts":[{"id":155,"url":"https:\/\/blogs.ess-edu.pt\/ap12a2008\/2008\/12\/09\/primeiro-teste-intermedio-de-matematica\/","url_meta":{"origin":453,"position":0},"title":"Primeiro Teste Interm\u00e9dio de Matem\u00e1tica","author":"Helena Sebastiana","date":"9 09+00:00 Dezembro 09+00:00 2008","format":false,"excerpt":"No dia 10 de Dezembro de 2008, ir\u00e1 realizar-se na escola, com in\u00edcio \u00e0s onze horas e trinta minutos, o primeiro teste interm\u00e9dio de Matem\u00e1tica, a n\u00edvel nacional, para os alunos do d\u00e9cimo segundo ano. Ser\u00e1 uma prepara\u00e7\u00e3o para o exame nacional. O nervosismo e ansiedade reinam, mas \u00e9 com\u2026","rel":"","context":"In &quot;Eventos&quot;","block_context":{"text":"Eventos","link":"https:\/\/blogs.ess-edu.pt\/ap12a2008\/category\/eventos\/"},"img":{"alt_text":"","src":"","width":0,"height":0},"classes":[]},{"id":312,"url":"https:\/\/blogs.ess-edu.pt\/ap12a2008\/2009\/03\/10\/corta-mato-2\/","url_meta":{"origin":453,"position":1},"title":"Corta-mato&#8230;","author":"Helena Sebastiana","date":"10 10+00:00 Mar\u00e7o 10+00:00 2009","format":false,"excerpt":"\u00c9 com muito orgulho que anunciamos que o R\u00faben Pinto, no escal\u00e3o de Iniciados Masculinos, foi apurado para o Corta-mato nacional. For\u00e7a!!!","rel":"","context":"In &quot;Torneios&quot;","block_context":{"text":"Torneios","link":"https:\/\/blogs.ess-edu.pt\/ap12a2008\/category\/torneios\/"},"img":{"alt_text":"","src":"","width":0,"height":0},"classes":[]},{"id":402,"url":"https:\/\/blogs.ess-edu.pt\/ap12a2008\/2009\/04\/30\/visita-de-estudo-a-lisboa-mafra-e-obidos\/","url_meta":{"origin":453,"position":2},"title":"Visita de Estudo a Lisboa, Mafra e \u00d3bidos","author":"Helena Sebastiana","date":"30 30+00:00 Abril 30+00:00 2009","format":false,"excerpt":"Visit\u00e1mos muitas coisas, todas elas maravilhosas, mas, sem d\u00favida, as coisas de que mais gost\u00e1mos foram o Mosteiro dos Jer\u00f3nimos, o Pal\u00e1cio Nacional e Convento de Mafra e a Vila de \u00d3bidos. O facto de estar mau tempo, n\u00e3o nos impediu de ver tudo isto. Em rela\u00e7\u00e3o ao Mosteiro dos\u2026","rel":"","context":"In &quot;Viagens de estudo&quot;","block_context":{"text":"Viagens de estudo","link":"https:\/\/blogs.ess-edu.pt\/ap12a2008\/category\/viagens-de-estudo\/"},"img":{"alt_text":"","src":"","width":0,"height":0},"classes":[]},{"id":300,"url":"https:\/\/blogs.ess-edu.pt\/ap12a2008\/2009\/02\/26\/mega-sprint\/","url_meta":{"origin":453,"position":3},"title":"Mega Sprint","author":"Helena Sebastiana","date":"26 26+00:00 Fevereiro 26+00:00 2009","format":false,"excerpt":"A n\u00edvel nacional, est\u00e1 a decorrer uma competi\u00e7\u00e3o denominada \u201cMega Sprint\u201d constitu\u00edda por tr\u00eas provas: \u201cMega Km\u201d, que se ir\u00e1 realizar na nossa escola no dia 3 de Mar\u00e7o; \u201cMega Salto\u201d, a realizar-se dia 5 de Mar\u00e7o; e \u201cMega Velocidade\u201d que se realizou hoje, dia 26 de Fevereiro, entre as\u2026","rel":"","context":"In &quot;Torneios&quot;","block_context":{"text":"Torneios","link":"https:\/\/blogs.ess-edu.pt\/ap12a2008\/category\/torneios\/"},"img":{"alt_text":"","src":"","width":0,"height":0},"classes":[]},{"id":359,"url":"https:\/\/blogs.ess-edu.pt\/ap12a2008\/2009\/04\/23\/a-nossa-visita-de-estudo\/","url_meta":{"origin":453,"position":4},"title":"A nossa visita de Estudo&#8230;","author":"Helena Sebastiana","date":"23 23+00:00 Abril 23+00:00 2009","format":false,"excerpt":"Foi no dia 17 de Abril que as tr\u00eas turmas do 12.\u00ba ano da nossa escola partiram em direc\u00e7\u00e3o \u00e0 melhor visita de estudo de sempre. O roteiro desta viagem contemplava s\u00edtios e monumentos magn\u00edficos de Lisboa, Mafra e \u00d3bidos. Foi \u00e0s oito horas que sa\u00edmos da nossa escola em\u2026","rel":"","context":"In &quot;Viagens de estudo&quot;","block_context":{"text":"Viagens de estudo","link":"https:\/\/blogs.ess-edu.pt\/ap12a2008\/category\/viagens-de-estudo\/"},"img":{"alt_text":"img_44071","src":"https:\/\/i0.wp.com\/blogs.ess-edu.pt\/ap12a2008\/files\/2009\/04\/img_44071-225x300.jpg?resize=350%2C200&ssl=1","width":350,"height":200},"classes":[]},{"id":467,"url":"https:\/\/blogs.ess-edu.pt\/ap12a2008\/2009\/05\/12\/experiencia-pessoal-da-viagem-de-estudo-a-lisboa-mafra-e-obidos\/","url_meta":{"origin":453,"position":5},"title":"Experi\u00eancia pessoal da viagem de estudo a Lisboa, Mafra e \u00d3bidos","author":"Helena Sebastiana","date":"12 12+00:00 Maio 12+00:00 2009","format":false,"excerpt":"Inesquec\u00edvel \u00e9 com certeza a palavra que define esta viagem de estudo. A escola j\u00e1 me proporcionou, felizmente, v\u00e1rias viagens de estudo, mas nenhuma se pode comparar a esta. Quero come\u00e7ar a recordar, mas \u00e9-me dif\u00edcil\u2026 N\u00e3o sei se \u00e9 pelos lugares sensacionais que visit\u00e1mos, pelos momentos que pass\u00e1mos ou\u2026","rel":"","context":"In &quot;Viagens de estudo&quot;","block_context":{"text":"Viagens de estudo","link":"https:\/\/blogs.ess-edu.pt\/ap12a2008\/category\/viagens-de-estudo\/"},"img":{"alt_text":"clip_image0025","src":"https:\/\/i0.wp.com\/blogs.ess-edu.pt\/ap12a2008\/files\/2009\/05\/clip_image0025-300x224.jpg?resize=350%2C200&ssl=1","width":350,"height":200},"classes":[]}],"_links":{"self":[{"href":"https:\/\/blogs.ess-edu.pt\/ap12a2008\/wp-json\/wp\/v2\/posts\/453","targetHints":{"allow":["GET"]}}],"collection":[{"href":"https:\/\/blogs.ess-edu.pt\/ap12a2008\/wp-json\/wp\/v2\/posts"}],"about":[{"href":"https:\/\/blogs.ess-edu.pt\/ap12a2008\/wp-json\/wp\/v2\/types\/post"}],"author":[{"embeddable":true,"href":"https:\/\/blogs.ess-edu.pt\/ap12a2008\/wp-json\/wp\/v2\/users\/30"}],"replies":[{"embeddable":true,"href":"https:\/\/blogs.ess-edu.pt\/ap12a2008\/wp-json\/wp\/v2\/comments?post=453"}],"version-history":[{"count":0,"href":"https:\/\/blogs.ess-edu.pt\/ap12a2008\/wp-json\/wp\/v2\/posts\/453\/revisions"}],"wp:attachment":[{"href":"https:\/\/blogs.ess-edu.pt\/ap12a2008\/wp-json\/wp\/v2\/media?parent=453"}],"wp:term":[{"taxonomy":"category","embeddable":true,"href":"https:\/\/blogs.ess-edu.pt\/ap12a2008\/wp-json\/wp\/v2\/categories?post=453"},{"taxonomy":"post_tag","embeddable":true,"href":"https:\/\/blogs.ess-edu.pt\/ap12a2008\/wp-json\/wp\/v2\/tags?post=453"}],"curies":[{"name":"wp","href":"https:\/\/api.w.org\/{rel}","templated":true}]}}