{"id":460,"date":"2009-05-12T13:45:59","date_gmt":"2009-05-12T13:45:59","guid":{"rendered":"http:\/\/blogs.ess-edu.pt\/ap12a2008\/?p=460"},"modified":"2024-07-16T12:50:01","modified_gmt":"2024-07-16T12:50:01","slug":"a-minha-viagem-de-finalistas-by-mika","status":"publish","type":"post","link":"https:\/\/blogs.ess-edu.pt\/ap12a2008\/2009\/05\/12\/a-minha-viagem-de-finalistas-by-mika\/","title":{"rendered":"A minha viagem de Finalistas &#8211; By Mik\u00e1"},"content":{"rendered":"<p>Esta experi\u00eancia foi, sem d\u00favida alguma, a melhor que j\u00e1 tive na minha vida. Foi mesmo das trevas (como costumava dizer uma menina, que foi connosco no autocarro, a Samantha). N\u00e3o foram muitas as viagens que fiz, mas posso dizer que gostei muito, mas mesmo muito desta viagem. Nunca esquecerei tudo o que l\u00e1 passei.<\/p>\n<p>Antes de l\u00e1 chegar, criei algumas expectativas, nomeadamente, conhecer pessoas de v\u00e1rios s\u00edtios, conhecer a gastronomia espanhola. Mas quando l\u00e1 cheguei\u2026 foi\u2026 uma sensa\u00e7\u00e3o mesmo muito boa, a de sentir o que \u00e9 estar fora de Portugal, o de estarmos com os nossos amigos a viver esta grande aventura. Foi uma experi\u00eancia incr\u00edvel! Conheci pessoas que nunca mais me vou esquecer (pessoal de Viseu, principalmente), passei momentos \u00fanicos, muito divertidos\u2026 fartei-me de rir! Uma experi\u00eancia INESQUEC\u00cdVEL!<\/p>\n<p>Tamb\u00e9m estava com alguma ansiedade em rela\u00e7\u00e3o a esta viagem porque eu nunca tinha sa\u00eddo \u00e0 noite. Mas posso dizer que\u2026 foi BRUTAL! Adorei o ambiente! J\u00e1 sinto saudades da Tropics (a discoteca onde costum\u00e1vamos ir).<\/p>\n<p>Ah, e \u00e9 claro, n\u00e3o me posso esquecer do dia em que fomos ao PortAventura Park, em Salut. Foi um dia excelente, talvez o melhor! ADOREI! Simplesmente brilhante!<\/p>\n<p>Nunca me vou esquecer destes bons tempos! J\u00e1 sinto saudades\u2026<\/p>\n<p>I love Lloret de Mar!<\/p>\n<p class=\"MsoNormal\" style=\"margin: 0cm 0cm 0pt; text-align: justify;\"><a href=\"https:\/\/blogs.ess-edu.pt\/ap12a2008\/files\/2009\/05\/img_3814-1024x768.jpg\"><span style=\"font-size: 12pt;\"><span style=\"font-family: Calibri;\"><img loading=\"lazy\" decoding=\"async\" data-attachment-id=\"461\" data-permalink=\"https:\/\/blogs.ess-edu.pt\/ap12a2008\/2009\/05\/12\/a-minha-viagem-de-finalistas-by-mika\/img_3814\/\" data-orig-file=\"https:\/\/blogs.ess-edu.pt\/ap12a2008\/files\/2009\/05\/img_3814.jpg\" data-orig-size=\"2592,1944\" data-comments-opened=\"1\" data-image-meta=\"{&quot;aperture&quot;:&quot;2.8&quot;,&quot;credit&quot;:&quot;&quot;,&quot;camera&quot;:&quot;Canon DIGITAL IXUS 80 IS&quot;,&quot;caption&quot;:&quot;&quot;,&quot;created_timestamp&quot;:&quot;1238358858&quot;,&quot;copyright&quot;:&quot;&quot;,&quot;focal_length&quot;:&quot;6.2&quot;,&quot;iso&quot;:&quot;250&quot;,&quot;shutter_speed&quot;:&quot;0.016666666666667&quot;,&quot;title&quot;:&quot;&quot;}\" data-image-title=\"img_3814\" data-image-description=\"\" data-image-caption=\"\" data-large-file=\"https:\/\/blogs.ess-edu.pt\/ap12a2008\/files\/2009\/05\/img_3814-1024x768.jpg\" class=\"aligncenter size-medium wp-image-461\" src=\"https:\/\/blogs.ess-edu.pt\/ap12a2008\/files\/2009\/05\/img_3814-300x225.jpg\" alt=\"img_3814\" width=\"300\" height=\"225\" srcset=\"https:\/\/blogs.ess-edu.pt\/ap12a2008\/files\/2009\/05\/img_3814-300x225.jpg 300w, https:\/\/blogs.ess-edu.pt\/ap12a2008\/files\/2009\/05\/img_3814-1024x768.jpg 1024w\" sizes=\"auto, (max-width: 300px) 100vw, 300px\" \/><\/span><\/span><\/a><\/p>\n","protected":false},"excerpt":{"rendered":"<p>Esta experi\u00eancia foi, sem d\u00favida alguma, a melhor que j\u00e1 tive na minha vida. Foi mesmo das trevas (como costumava dizer uma menina, que foi connosco no autocarro, a Samantha). N\u00e3o foram muitas as viagens que fiz, mas posso dizer que gostei muito, mas mesmo muito desta viagem. Nunca esquecerei tudo o que l\u00e1 passei.<\/p>\n<p> [&#8230;]<\/p>\n","protected":false},"author":30,"featured_media":0,"comment_status":"open","ping_status":"open","sticky":false,"template":"","format":"standard","meta":{"jetpack_post_was_ever_published":false,"_jetpack_newsletter_access":"","_jetpack_dont_email_post_to_subs":false,"_jetpack_newsletter_tier_id":0,"_jetpack_memberships_contains_paywalled_content":false,"_jetpack_memberships_contains_paid_content":false,"footnotes":""},"categories":[73],"tags":[],"class_list":["post-460","post","type-post","status-publish","format-standard","hentry","category-finalistas","odd"],"jetpack_featured_media_url":"","jetpack_sharing_enabled":true,"jetpack_shortlink":"https:\/\/wp.me\/paunJ5-7q","jetpack-related-posts":[{"id":353,"url":"https:\/\/blogs.ess-edu.pt\/ap12a2008\/2009\/04\/23\/a-minha-viagem-de-finalistas-a-lloret-de-mar-by-ricardo-2\/","url_meta":{"origin":460,"position":0},"title":"A minha viagem de Finalistas a LLoret de Mar&#8230; By Ricardo","author":"Helena Sebastiana","date":"23 23+00:00 Abril 23+00:00 2009","format":false,"excerpt":"Esta viagem foi espectacular. Foi uma das melhores viagens que j\u00e1 fiz. Fui com os meus amigos e diverti-me imenso, conheci novas pessoas e fiz novas amizades. O que eu menos gostei foi do tempo. N\u00e3o estava l\u00e1 muito bom. Mas mesmo assim, a viagem correu muito bem. O tempo\u2026","rel":"","context":"In &quot;Finalistas&quot;","block_context":{"text":"Finalistas","link":"https:\/\/blogs.ess-edu.pt\/ap12a2008\/category\/finalistas\/"},"img":{"alt_text":"clip_image0022","src":"https:\/\/i0.wp.com\/blogs.ess-edu.pt\/ap12a2008\/files\/2009\/04\/clip_image0022-300x224.jpg?resize=350%2C200&ssl=1","width":350,"height":200},"classes":[]},{"id":400,"url":"https:\/\/blogs.ess-edu.pt\/ap12a2008\/2009\/04\/30\/a-minha-viagem-de-finalistas-by-daniela\/","url_meta":{"origin":460,"position":1},"title":"A minha viagem de Finalistas &#8211; By Daniela","author":"Helena Sebastiana","date":"30 30+00:00 Abril 30+00:00 2009","format":false,"excerpt":"Foi no dia 27 de Mar\u00e7o que se iniciou uma viagem muito esperada por mim! Tinha chegado o dia da viagem de finalistas! Quando cheguei a Lloret de Mar era tudo espectacular. Fiquei sem palavras! Lloret estava cheia de pessoas, muita anima\u00e7\u00e3o, muita m\u00fasica e muita cor. Nem a chuva,\u2026","rel":"","context":"In &quot;Finalistas&quot;","block_context":{"text":"Finalistas","link":"https:\/\/blogs.ess-edu.pt\/ap12a2008\/category\/finalistas\/"},"img":{"alt_text":"img_3817","src":"https:\/\/i0.wp.com\/blogs.ess-edu.pt\/ap12a2008\/files\/2009\/04\/img_3817-224x300.jpg?resize=350%2C200&ssl=1","width":350,"height":200},"classes":[]},{"id":378,"url":"https:\/\/blogs.ess-edu.pt\/ap12a2008\/2009\/04\/30\/a-minha-experiencia-pessoal-a-lloret-de-mar-by-anabela\/","url_meta":{"origin":460,"position":2},"title":"A minha experi\u00eancia pessoal a LLoret de Mar &#8211; By Anabela","author":"Helena Sebastiana","date":"30 30+00:00 Abril 30+00:00 2009","format":false,"excerpt":"Bem, para come\u00e7ar, acho que n\u00e3o tenho palavras para descrever o qu\u00e3o gratificante e enriquecedora foi a viagem\u2026 Em primeiro lugar, foi a primeira vez que maior parte das pessoas fizeram uma Viagem assim. Por outro lado, esta viagem foi t\u00e3o esperada. Foram doze anos de espera! Finalmente, seria a\u00ed\u2026","rel":"","context":"In &quot;Finalistas&quot;","block_context":{"text":"Finalistas","link":"https:\/\/blogs.ess-edu.pt\/ap12a2008\/category\/finalistas\/"},"img":{"alt_text":"clip_image0023","src":"https:\/\/i0.wp.com\/blogs.ess-edu.pt\/ap12a2008\/files\/2009\/04\/clip_image0023-300x224.jpg?resize=350%2C200&ssl=1","width":350,"height":200},"classes":[]},{"id":382,"url":"https:\/\/blogs.ess-edu.pt\/ap12a2008\/2009\/04\/30\/a-minha-viagem-de-finalistas-by-precious\/","url_meta":{"origin":460,"position":3},"title":"A minha viagem de Finalistas &#8211; By Precious","author":"Helena Sebastiana","date":"30 30+00:00 Abril 30+00:00 2009","format":false,"excerpt":"Vai fazer dia 27 um m\u00eas, que partimos rumo \u00e0quela que se tornou a melhor viagem de sempre para muitos finalistas\u2026 Olhando para tr\u00e1s \u00e9-me dif\u00edcil falar sobre ela, pois foi uma semana inesquec\u00edvel, em que pudemos aprender, em que pudemos \u201csocializar\u201d, em que pudemos divertir-nos at\u00e9 n\u00e3o poder mais.\u2026","rel":"","context":"In &quot;Finalistas&quot;","block_context":{"text":"Finalistas","link":"https:\/\/blogs.ess-edu.pt\/ap12a2008\/category\/finalistas\/"},"img":{"alt_text":"The Best!","src":"https:\/\/i0.wp.com\/blogs.ess-edu.pt\/ap12a2008\/files\/2009\/04\/clip_image0024-300x224.jpg?resize=350%2C200&ssl=1","width":350,"height":200},"classes":[]},{"id":397,"url":"https:\/\/blogs.ess-edu.pt\/ap12a2008\/2009\/04\/30\/a-minha-viagem-de-finalistas-by-ana-josefa\/","url_meta":{"origin":460,"position":4},"title":"A minha viagem de Finalistas &#8211; By Ana Josefa","author":"Helena Sebastiana","date":"30 30+00:00 Abril 30+00:00 2009","format":false,"excerpt":"No dia 27 de Mar\u00e7o de 2009, dirigimo-nos para Espanha. Estava muito entusiasmada e n\u00e3o via a hora de chegar. Inicialmente, quando cheguei, fiquei um pouco desiludida com as condi\u00e7\u00f5es existentes nos quartos, mas isso passou-me rapidamente. O mais importante era ter um quarto para dormir e conviver. Todos est\u00e1vamos\u2026","rel":"","context":"In &quot;Finalistas&quot;","block_context":{"text":"Finalistas","link":"https:\/\/blogs.ess-edu.pt\/ap12a2008\/category\/finalistas\/"},"img":{"alt_text":"img_39781","src":"https:\/\/i0.wp.com\/blogs.ess-edu.pt\/ap12a2008\/files\/2009\/04\/img_39781-300x224.jpg?resize=350%2C200&ssl=1","width":350,"height":200},"classes":[]},{"id":418,"url":"https:\/\/blogs.ess-edu.pt\/ap12a2008\/2009\/05\/05\/a-minha-viagem-de-finalistas-by-marina\/","url_meta":{"origin":460,"position":5},"title":"A minha viagem de Finalistas &#8211; By Marina","author":"Helena Sebastiana","date":"5 05+00:00 Maio 05+00:00 2009","format":false,"excerpt":"Dia 27 de Mar\u00e7o, o dia mais esperado, o dia mais desejado da minha vida de estudante. Foi o dia em \u00a0que parti rumo a Lloret de Mar. Estava ansiosa para descobrir o que estava par l\u00e1 da fronteira, para l\u00e1 de Portugal! Foi uma viagem longa e cansativa, mas\u2026","rel":"","context":"In &quot;Finalistas&quot;","block_context":{"text":"Finalistas","link":"https:\/\/blogs.ess-edu.pt\/ap12a2008\/category\/finalistas\/"},"img":{"alt_text":"dsc00170","src":"https:\/\/i0.wp.com\/blogs.ess-edu.pt\/ap12a2008\/files\/2009\/05\/dsc00170-300x224.jpg?resize=350%2C200&ssl=1","width":350,"height":200},"classes":[]}],"_links":{"self":[{"href":"https:\/\/blogs.ess-edu.pt\/ap12a2008\/wp-json\/wp\/v2\/posts\/460","targetHints":{"allow":["GET"]}}],"collection":[{"href":"https:\/\/blogs.ess-edu.pt\/ap12a2008\/wp-json\/wp\/v2\/posts"}],"about":[{"href":"https:\/\/blogs.ess-edu.pt\/ap12a2008\/wp-json\/wp\/v2\/types\/post"}],"author":[{"embeddable":true,"href":"https:\/\/blogs.ess-edu.pt\/ap12a2008\/wp-json\/wp\/v2\/users\/30"}],"replies":[{"embeddable":true,"href":"https:\/\/blogs.ess-edu.pt\/ap12a2008\/wp-json\/wp\/v2\/comments?post=460"}],"version-history":[{"count":0,"href":"https:\/\/blogs.ess-edu.pt\/ap12a2008\/wp-json\/wp\/v2\/posts\/460\/revisions"}],"wp:attachment":[{"href":"https:\/\/blogs.ess-edu.pt\/ap12a2008\/wp-json\/wp\/v2\/media?parent=460"}],"wp:term":[{"taxonomy":"category","embeddable":true,"href":"https:\/\/blogs.ess-edu.pt\/ap12a2008\/wp-json\/wp\/v2\/categories?post=460"},{"taxonomy":"post_tag","embeddable":true,"href":"https:\/\/blogs.ess-edu.pt\/ap12a2008\/wp-json\/wp\/v2\/tags?post=460"}],"curies":[{"name":"wp","href":"https:\/\/api.w.org\/{rel}","templated":true}]}}