{"id":464,"date":"2009-05-12T13:53:58","date_gmt":"2009-05-12T13:53:58","guid":{"rendered":"http:\/\/blogs.ess-edu.pt\/ap12a2008\/?p=464"},"modified":"2024-07-16T12:50:50","modified_gmt":"2024-07-16T12:50:50","slug":"ciencia-viva","status":"publish","type":"post","link":"https:\/\/blogs.ess-edu.pt\/ap12a2008\/2009\/05\/12\/ciencia-viva\/","title":{"rendered":"Ci\u00eancia Viva"},"content":{"rendered":"<p>Se \u00e9s amante de ci\u00eancia, queres ocupar as tuas f\u00e9rias e divertir-te tens a oportunidade de estagiar em laborat\u00f3rios de investiga\u00e7\u00e3o do ensino secund\u00e1rio em Portugal e Espanha! Esta \u00e9 uma oportunidade \u00fanica. Para participares basta ires ao site www.ci\u00eanciaviva.pt.<\/p>\n<p>Diverte-te enquanto aprendes!<\/p>\n<p class=\"MsoNormal\" style=\"margin: 0cm 0cm 0pt; text-align: justify;\"><a href=\"https:\/\/blogs.ess-edu.pt\/ap12a2008\/files\/2009\/05\/clip_image0024.jpg\"><span style=\"font-size: 12pt;\"><span style=\"font-family: Calibri;\"><img loading=\"lazy\" decoding=\"async\" data-attachment-id=\"465\" data-permalink=\"https:\/\/blogs.ess-edu.pt\/ap12a2008\/2009\/05\/12\/ciencia-viva\/clip_image0024-2\/\" data-orig-file=\"https:\/\/blogs.ess-edu.pt\/ap12a2008\/files\/2009\/05\/clip_image0024.jpg\" data-orig-size=\"491,656\" data-comments-opened=\"1\" data-image-meta=\"{&quot;aperture&quot;:&quot;0&quot;,&quot;credit&quot;:&quot;&quot;,&quot;camera&quot;:&quot;&quot;,&quot;caption&quot;:&quot;&quot;,&quot;created_timestamp&quot;:&quot;0&quot;,&quot;copyright&quot;:&quot;&quot;,&quot;focal_length&quot;:&quot;0&quot;,&quot;iso&quot;:&quot;0&quot;,&quot;shutter_speed&quot;:&quot;0&quot;,&quot;title&quot;:&quot;&quot;}\" data-image-title=\"clip_image0024\" data-image-description=\"\" data-image-caption=\"\" data-large-file=\"https:\/\/blogs.ess-edu.pt\/ap12a2008\/files\/2009\/05\/clip_image0024.jpg\" class=\"aligncenter size-medium wp-image-465\" src=\"https:\/\/blogs.ess-edu.pt\/ap12a2008\/files\/2009\/05\/clip_image0024-224x300.jpg\" alt=\"clip_image0024\" width=\"224\" height=\"300\" srcset=\"https:\/\/blogs.ess-edu.pt\/ap12a2008\/files\/2009\/05\/clip_image0024-224x300.jpg 224w, https:\/\/blogs.ess-edu.pt\/ap12a2008\/files\/2009\/05\/clip_image0024.jpg 491w\" sizes=\"auto, (max-width: 224px) 100vw, 224px\" \/><\/span><\/span><\/a><\/p>\n","protected":false},"excerpt":{"rendered":"<p>Se \u00e9s amante de ci\u00eancia, queres ocupar as tuas f\u00e9rias e divertir-te tens a oportunidade de estagiar em laborat\u00f3rios de investiga\u00e7\u00e3o do ensino secund\u00e1rio em Portugal e Espanha! Esta \u00e9 uma oportunidade \u00fanica. Para participares basta ires ao site www.ci\u00eanciaviva.pt.<\/p>\n<p>Diverte-te enquanto aprendes!<\/p>\n<p class=\"MsoNormal\" style=\"margin: 0cm 0cm 0pt; text-align: justify;\">\n<p> [&#8230;]<\/p>\n","protected":false},"author":30,"featured_media":0,"comment_status":"open","ping_status":"open","sticky":false,"template":"","format":"standard","meta":{"jetpack_post_was_ever_published":false,"_jetpack_newsletter_access":"","_jetpack_dont_email_post_to_subs":false,"_jetpack_newsletter_tier_id":0,"_jetpack_memberships_contains_paywalled_content":false,"_jetpack_memberships_contains_paid_content":false,"footnotes":""},"categories":[76],"tags":[],"class_list":["post-464","post","type-post","status-publish","format-standard","hentry","category-eventos","odd"],"jetpack_featured_media_url":"","jetpack_sharing_enabled":true,"jetpack_shortlink":"https:\/\/wp.me\/paunJ5-7u","jetpack-related-posts":[{"id":395,"url":"https:\/\/blogs.ess-edu.pt\/ap12a2008\/2009\/04\/30\/a-minha-viagem-de-finalistas-by-carolina\/","url_meta":{"origin":464,"position":0},"title":"A minha viagem de Finalistas &#8211; By Carolina","author":"Helena Sebastiana","date":"30 30+00:00 Abril 30+00:00 2009","format":false,"excerpt":"A viagem de finalistas \u00e9 algo que todos desejam realizar! O facto de estarmos s\u00f3 com os amigos vale tudo. \u00c9 o \u00faltimo ano em que estaremos todos juntos e em que queremos fortalecer, ainda mais, o elo de amizade que nos une. A oportunidade de estarmos com pessoas diferentes,\u2026","rel":"","context":"In &quot;Finalistas&quot;","block_context":{"text":"Finalistas","link":"https:\/\/blogs.ess-edu.pt\/ap12a2008\/category\/finalistas\/"},"img":{"alt_text":"dsc00119","src":"https:\/\/i0.wp.com\/blogs.ess-edu.pt\/ap12a2008\/files\/2009\/04\/dsc00119-300x224.jpg?resize=350%2C200&ssl=1","width":350,"height":200},"classes":[]},{"id":359,"url":"https:\/\/blogs.ess-edu.pt\/ap12a2008\/2009\/04\/23\/a-nossa-visita-de-estudo\/","url_meta":{"origin":464,"position":1},"title":"A nossa visita de Estudo&#8230;","author":"Helena Sebastiana","date":"23 23+00:00 Abril 23+00:00 2009","format":false,"excerpt":"Foi no dia 17 de Abril que as tr\u00eas turmas do 12.\u00ba ano da nossa escola partiram em direc\u00e7\u00e3o \u00e0 melhor visita de estudo de sempre. O roteiro desta viagem contemplava s\u00edtios e monumentos magn\u00edficos de Lisboa, Mafra e \u00d3bidos. Foi \u00e0s oito horas que sa\u00edmos da nossa escola em\u2026","rel":"","context":"In &quot;Viagens de estudo&quot;","block_context":{"text":"Viagens de estudo","link":"https:\/\/blogs.ess-edu.pt\/ap12a2008\/category\/viagens-de-estudo\/"},"img":{"alt_text":"img_44071","src":"https:\/\/i0.wp.com\/blogs.ess-edu.pt\/ap12a2008\/files\/2009\/04\/img_44071-225x300.jpg?resize=350%2C200&ssl=1","width":350,"height":200},"classes":[]},{"id":438,"url":"https:\/\/blogs.ess-edu.pt\/ap12a2008\/2009\/05\/05\/viagem-de-estudo-do-5%c2%baano\/","url_meta":{"origin":464,"position":2},"title":"Viagem de estudo do 5.\u00ba ano","author":"Helena Sebastiana","date":"5 05+00:00 Maio 05+00:00 2009","format":false,"excerpt":"No dia 17 de Abril de 2009, as turmas do 5.\u00ba ano da nossa escola, realizaram uma visita de estudo a Guimar\u00e3es e Braga. Na parte da manh\u00e3, os alunos dividiram-se em dois grupos. O primeiro grupo visitou o Pa\u00e7o dos Duques de Bragan\u00e7a. E o segundo visitou o Castelo\u2026","rel":"","context":"In &quot;Viagens de estudo&quot;","block_context":{"text":"Viagens de estudo","link":"https:\/\/blogs.ess-edu.pt\/ap12a2008\/category\/viagens-de-estudo\/"},"img":{"alt_text":"","src":"","width":0,"height":0},"classes":[]},{"id":467,"url":"https:\/\/blogs.ess-edu.pt\/ap12a2008\/2009\/05\/12\/experiencia-pessoal-da-viagem-de-estudo-a-lisboa-mafra-e-obidos\/","url_meta":{"origin":464,"position":3},"title":"Experi\u00eancia pessoal da viagem de estudo a Lisboa, Mafra e \u00d3bidos","author":"Helena Sebastiana","date":"12 12+00:00 Maio 12+00:00 2009","format":false,"excerpt":"Inesquec\u00edvel \u00e9 com certeza a palavra que define esta viagem de estudo. A escola j\u00e1 me proporcionou, felizmente, v\u00e1rias viagens de estudo, mas nenhuma se pode comparar a esta. Quero come\u00e7ar a recordar, mas \u00e9-me dif\u00edcil\u2026 N\u00e3o sei se \u00e9 pelos lugares sensacionais que visit\u00e1mos, pelos momentos que pass\u00e1mos ou\u2026","rel":"","context":"In &quot;Viagens de estudo&quot;","block_context":{"text":"Viagens de estudo","link":"https:\/\/blogs.ess-edu.pt\/ap12a2008\/category\/viagens-de-estudo\/"},"img":{"alt_text":"clip_image0025","src":"https:\/\/i0.wp.com\/blogs.ess-edu.pt\/ap12a2008\/files\/2009\/05\/clip_image0025-300x224.jpg?resize=350%2C200&ssl=1","width":350,"height":200},"classes":[]},{"id":511,"url":"https:\/\/blogs.ess-edu.pt\/ap12a2008\/2009\/05\/21\/projecto-comenius\/","url_meta":{"origin":464,"position":4},"title":"Projecto Comenius","author":"Helena Sebastiana","date":"21 21+00:00 Maio 21+00:00 2009","format":false,"excerpt":"Entrevista feita aos alunos que viajaram com o Projecto Comenius Aqui ficam alguns dos testemunhos dos nossos colegas. P. Qual foi o destino da vossa viagem? R. O destino da nossa viagem foi Kolding, na Dinamarca. P. Quais as expectativas que voc\u00eas tinham relativamente a esse pa\u00eds? R. Esper\u00e1vamos encontrar\u2026","rel":"","context":"In &quot;Aconteceu...&quot;","block_context":{"text":"Aconteceu...","link":"https:\/\/blogs.ess-edu.pt\/ap12a2008\/category\/aconteceu\/"},"img":{"alt_text":"","src":"","width":0,"height":0},"classes":[]},{"id":212,"url":"https:\/\/blogs.ess-edu.pt\/ap12a2008\/2009\/01\/08\/festa-de-natal\/","url_meta":{"origin":464,"position":5},"title":"Festa de Natal","author":"Helena Sebastiana","date":"8 08+00:00 Janeiro 08+00:00 2009","format":false,"excerpt":"No dia 18 de Dezembro, pelas 10 horas, teve in\u00edcio a grandiosa festa de final de primeiro per\u00edodo. Esta festa proporcionou aos alunos, pais, auxiliares e encarregados de educa\u00e7\u00e3o um dia diferente. Neste dia, como n\u00e3o poderia deixar de ser, n\u00e3o faltaram c\u00e2nticos, dan\u00e7as, representa\u00e7\u00e3o de um auto de Natal,\u2026","rel":"","context":"In &quot;Ocasi\u00f5es especiais&quot;","block_context":{"text":"Ocasi\u00f5es especiais","link":"https:\/\/blogs.ess-edu.pt\/ap12a2008\/category\/ocasioes-especiais\/"},"img":{"alt_text":"","src":"","width":0,"height":0},"classes":[]}],"_links":{"self":[{"href":"https:\/\/blogs.ess-edu.pt\/ap12a2008\/wp-json\/wp\/v2\/posts\/464","targetHints":{"allow":["GET"]}}],"collection":[{"href":"https:\/\/blogs.ess-edu.pt\/ap12a2008\/wp-json\/wp\/v2\/posts"}],"about":[{"href":"https:\/\/blogs.ess-edu.pt\/ap12a2008\/wp-json\/wp\/v2\/types\/post"}],"author":[{"embeddable":true,"href":"https:\/\/blogs.ess-edu.pt\/ap12a2008\/wp-json\/wp\/v2\/users\/30"}],"replies":[{"embeddable":true,"href":"https:\/\/blogs.ess-edu.pt\/ap12a2008\/wp-json\/wp\/v2\/comments?post=464"}],"version-history":[{"count":0,"href":"https:\/\/blogs.ess-edu.pt\/ap12a2008\/wp-json\/wp\/v2\/posts\/464\/revisions"}],"wp:attachment":[{"href":"https:\/\/blogs.ess-edu.pt\/ap12a2008\/wp-json\/wp\/v2\/media?parent=464"}],"wp:term":[{"taxonomy":"category","embeddable":true,"href":"https:\/\/blogs.ess-edu.pt\/ap12a2008\/wp-json\/wp\/v2\/categories?post=464"},{"taxonomy":"post_tag","embeddable":true,"href":"https:\/\/blogs.ess-edu.pt\/ap12a2008\/wp-json\/wp\/v2\/tags?post=464"}],"curies":[{"name":"wp","href":"https:\/\/api.w.org\/{rel}","templated":true}]}}