{"id":475,"date":"2009-05-12T14:09:26","date_gmt":"2009-05-12T14:09:26","guid":{"rendered":"http:\/\/blogs.ess-edu.pt\/ap12a2008\/?p=475"},"modified":"2024-07-16T13:01:06","modified_gmt":"2024-07-16T13:01:06","slug":"treinos-de-hoquei","status":"publish","type":"post","link":"https:\/\/blogs.ess-edu.pt\/ap12a2008\/2009\/05\/12\/treinos-de-hoquei\/","title":{"rendered":"Treinos de H\u00f3quei"},"content":{"rendered":"<p>A nossa escola est\u00e1 aberta a actividades extra-curriculares em que podem participar todos os amantes do desporto.<\/p>\n<p>A Associa\u00e7\u00e3o de H\u00f3quei treina os seus jogadores seniores todas as quartas-feiras, das 18:00 \u00e0s 20:00 horas. Os jogadores juniores treinam aos s\u00e1bados, das 17:00 \u00e0s 19:00 horas.<\/p>\n","protected":false},"excerpt":{"rendered":"<p>A nossa escola est\u00e1 aberta a actividades extra-curriculares em que podem participar todos os amantes do desporto.<\/p>\n<p>A Associa\u00e7\u00e3o de H\u00f3quei treina os seus jogadores seniores todas as quartas-feiras, das 18:00 \u00e0s 20:00 horas. Os jogadores juniores treinam aos s\u00e1bados, das 17:00 \u00e0s 19:00 horas.<\/p>\n","protected":false},"author":30,"featured_media":0,"comment_status":"open","ping_status":"open","sticky":false,"template":"","format":"standard","meta":{"jetpack_post_was_ever_published":false,"_jetpack_newsletter_access":"","_jetpack_dont_email_post_to_subs":false,"_jetpack_newsletter_tier_id":0,"_jetpack_memberships_contains_paywalled_content":false,"_jetpack_memberships_contains_paid_content":false,"footnotes":""},"categories":[74],"tags":[],"class_list":["post-475","post","type-post","status-publish","format-standard","hentry","category-torneios","odd"],"jetpack_featured_media_url":"","jetpack_sharing_enabled":true,"jetpack_shortlink":"https:\/\/wp.me\/paunJ5-7F","jetpack-related-posts":[{"id":93,"url":"https:\/\/blogs.ess-edu.pt\/ap12a2008\/2008\/12\/02\/semana-de-finalistas-28112008\/","url_meta":{"origin":475,"position":0},"title":"Semana de Finalistas (28\/11\/2008)","author":"Helena Sebastiana","date":"2 02+00:00 Dezembro 02+00:00 2008","format":false,"excerpt":"Na passada sexta-feira, dia 28 de Novembro, foram realizados o jantar e o famoso baile de finalistas. O jantar teve in\u00edcio \u00e0s 20:00 horas. Como n\u00e3o podia deixar de ser, est\u00e1vamos todos vestidos a rigor. No jantar, participaram os finalistas com os respectivos acompanhantes, elementos da Comiss\u00e3o Executiva Instaladora, bem\u2026","rel":"","context":"In &quot;Finalistas&quot;","block_context":{"text":"Finalistas","link":"https:\/\/blogs.ess-edu.pt\/ap12a2008\/category\/finalistas\/"},"img":{"alt_text":"","src":"","width":0,"height":0},"classes":[]},{"id":276,"url":"https:\/\/blogs.ess-edu.pt\/ap12a2008\/2009\/02\/03\/clube-de-xadrez-e-damas\/","url_meta":{"origin":475,"position":1},"title":"Clube de Xadrez e Damas","author":"Helena Sebastiana","date":"3 03+00:00 Fevereiro 03+00:00 2009","format":false,"excerpt":"Na nossa escola, est\u00e1 aberto a todos os alunos o Clube de Xadrez e Damas. Funciona \u00e0s segundas e ter\u00e7as-feiras entre as 12:25 horas e as 13:10 horas, e tamb\u00e9m \u00e0s quintas-feiras das 13:15 horas at\u00e9 \u00e0s 14:00 horas, na sala Normal 13. Este clube est\u00e1 aberto a alunos de\u2026","rel":"","context":"In &quot;Clubes&quot;","block_context":{"text":"Clubes","link":"https:\/\/blogs.ess-edu.pt\/ap12a2008\/category\/clubes\/"},"img":{"alt_text":"","src":"","width":0,"height":0},"classes":[]},{"id":446,"url":"https:\/\/blogs.ess-edu.pt\/ap12a2008\/2009\/05\/07\/tenis-de-mesa\/","url_meta":{"origin":475,"position":2},"title":"T\u00e9nis de Mesa","author":"Helena Sebastiana","date":"7 07+00:00 Maio 07+00:00 2009","format":false,"excerpt":"Vai decorrer, no dia 9 de Maio de 2009 (s\u00e1bado de manh\u00e3), entre as 10:00 e as 13:00 horas, um torneio de t\u00e9nis de mesa para a 5.\u00aa Jornada do Campeonato Nacional de Equipas. Neste mesmo dia \u00e0 tarde, entre as 14:00 e as 19:00 horas, vai decorrer o Torneio\u2026","rel":"","context":"In &quot;Torneios&quot;","block_context":{"text":"Torneios","link":"https:\/\/blogs.ess-edu.pt\/ap12a2008\/category\/torneios\/"},"img":{"alt_text":"","src":"","width":0,"height":0},"classes":[]},{"id":474,"url":"https:\/\/blogs.ess-edu.pt\/ap12a2008\/2009\/05\/12\/treinos-de-futebol-entre-professores-e-alunos\/","url_meta":{"origin":475,"position":3},"title":"\u201cTreinos\u201d de futebol entre professores e alunos","author":"Helena Sebastiana","date":"12 12+00:00 Maio 12+00:00 2009","format":false,"excerpt":"Todas as segundas e quartas-feiras, das 18:00 \u00e0s 20:00 horas, realizam-se no espa\u00e7o escolar \u201ctreinos\u201d de futebol entre professores, alunos e outros interessados. Esta equipa que treina com regularidade participa, por vezes, em interc\u00e2mbios e torneios. Num dos torneios realizados, no dia 25 de Abril, no Estabelecimento Prisional Regional de\u2026","rel":"","context":"In &quot;Torneios&quot;","block_context":{"text":"Torneios","link":"https:\/\/blogs.ess-edu.pt\/ap12a2008\/category\/torneios\/"},"img":{"alt_text":"","src":"","width":0,"height":0},"classes":[]},{"id":361,"url":"https:\/\/blogs.ess-edu.pt\/ap12a2008\/2009\/04\/23\/auto-da-barca-do-inferno\/","url_meta":{"origin":475,"position":4},"title":"Auto da Barca do Inferno&#8230;","author":"Helena Sebastiana","date":"23 23+00:00 Abril 23+00:00 2009","format":false,"excerpt":"Ontem, dia 22 de Abril, realizou-se no audit\u00f3rio da nossa escola, por volta das 21:00 horas, uma encena\u00e7\u00e3o da obra de Gil Vicente \u201cAuto da Barca do Inferno\u201d, por parte dos alunos da turma do 9.\u00ba B. Era destinada aos familiares dos alunos e aos seus professores. Foi uma encena\u00e7\u00e3o\u2026","rel":"","context":"In &quot;Eventos&quot;","block_context":{"text":"Eventos","link":"https:\/\/blogs.ess-edu.pt\/ap12a2008\/category\/eventos\/"},"img":{"alt_text":"img_4611","src":"https:\/\/i0.wp.com\/blogs.ess-edu.pt\/ap12a2008\/files\/2009\/04\/img_4611-300x225.jpg?resize=350%2C200&ssl=1","width":350,"height":200},"classes":[]},{"id":452,"url":"https:\/\/blogs.ess-edu.pt\/ap12a2008\/2009\/05\/07\/teste-intermedio-de-matematica-11%c2%ba-ano-2\/","url_meta":{"origin":475,"position":5},"title":"Teste interm\u00e9dio de Matem\u00e1tica &#8211; 11.\u00ba ano","author":"Helena Sebastiana","date":"7 07+00:00 Maio 07+00:00 2009","format":false,"excerpt":"Hoje, 7 de Maio, realizou-se o teste interm\u00e9dio de Matem\u00e1tica A para o 11.\u00ba ano. A prova teve a dura\u00e7\u00e3o de uma hora e trinta minutos, com inicio \u00e0s 11:30 horas e finalizada \u00e0 13:00 horas. Esperamos que a prova tenha corrido da melhor maneira a todos os alunos!","rel":"","context":"In &quot;Aconteceu...&quot;","block_context":{"text":"Aconteceu...","link":"https:\/\/blogs.ess-edu.pt\/ap12a2008\/category\/aconteceu\/"},"img":{"alt_text":"","src":"","width":0,"height":0},"classes":[]}],"_links":{"self":[{"href":"https:\/\/blogs.ess-edu.pt\/ap12a2008\/wp-json\/wp\/v2\/posts\/475","targetHints":{"allow":["GET"]}}],"collection":[{"href":"https:\/\/blogs.ess-edu.pt\/ap12a2008\/wp-json\/wp\/v2\/posts"}],"about":[{"href":"https:\/\/blogs.ess-edu.pt\/ap12a2008\/wp-json\/wp\/v2\/types\/post"}],"author":[{"embeddable":true,"href":"https:\/\/blogs.ess-edu.pt\/ap12a2008\/wp-json\/wp\/v2\/users\/30"}],"replies":[{"embeddable":true,"href":"https:\/\/blogs.ess-edu.pt\/ap12a2008\/wp-json\/wp\/v2\/comments?post=475"}],"version-history":[{"count":0,"href":"https:\/\/blogs.ess-edu.pt\/ap12a2008\/wp-json\/wp\/v2\/posts\/475\/revisions"}],"wp:attachment":[{"href":"https:\/\/blogs.ess-edu.pt\/ap12a2008\/wp-json\/wp\/v2\/media?parent=475"}],"wp:term":[{"taxonomy":"category","embeddable":true,"href":"https:\/\/blogs.ess-edu.pt\/ap12a2008\/wp-json\/wp\/v2\/categories?post=475"},{"taxonomy":"post_tag","embeddable":true,"href":"https:\/\/blogs.ess-edu.pt\/ap12a2008\/wp-json\/wp\/v2\/tags?post=475"}],"curies":[{"name":"wp","href":"https:\/\/api.w.org\/{rel}","templated":true}]}}