{"id":476,"date":"2009-05-12T14:10:13","date_gmt":"2009-05-12T14:10:13","guid":{"rendered":"http:\/\/blogs.ess-edu.pt\/ap12a2008\/?p=476"},"modified":"2024-07-16T13:02:06","modified_gmt":"2024-07-16T13:02:06","slug":"coordenacao-de-actividades-extra-curriculares","status":"publish","type":"post","link":"https:\/\/blogs.ess-edu.pt\/ap12a2008\/2009\/05\/12\/coordenacao-de-actividades-extra-curriculares\/","title":{"rendered":"Coordena\u00e7\u00e3o de Actividades Extra-Curriculares"},"content":{"rendered":"<p>Todas as ter\u00e7as-feiras, pelas 14:00 horas, os professores de Educa\u00e7\u00e3o F\u00edsica do 1.\u00ba Ciclo re\u00fanem-se com o professor Jaime Ferreira, com o objectivo de coordenar as Actividades Extra-Curriculares direccionadas ao 1.\u00ba ciclo de escolaridade.<\/p>\n","protected":false},"excerpt":{"rendered":"<p>Todas as ter\u00e7as-feiras, pelas 14:00 horas, os professores de Educa\u00e7\u00e3o F\u00edsica do 1.\u00ba Ciclo re\u00fanem-se com o professor Jaime Ferreira, com o objectivo de coordenar as Actividades Extra-Curriculares direccionadas ao 1.\u00ba ciclo de escolaridade.<\/p>\n","protected":false},"author":30,"featured_media":0,"comment_status":"open","ping_status":"open","sticky":false,"template":"","format":"standard","meta":{"jetpack_post_was_ever_published":false,"_jetpack_newsletter_access":"","_jetpack_dont_email_post_to_subs":false,"_jetpack_newsletter_tier_id":0,"_jetpack_memberships_contains_paywalled_content":false,"_jetpack_memberships_contains_paid_content":false,"footnotes":""},"categories":[82],"tags":[],"class_list":["post-476","post","type-post","status-publish","format-standard","hentry","category-aconteceu","odd"],"jetpack_featured_media_url":"","jetpack_sharing_enabled":true,"jetpack_shortlink":"https:\/\/wp.me\/paunJ5-7G","jetpack-related-posts":[{"id":475,"url":"https:\/\/blogs.ess-edu.pt\/ap12a2008\/2009\/05\/12\/treinos-de-hoquei\/","url_meta":{"origin":476,"position":0},"title":"Treinos de H\u00f3quei","author":"Helena Sebastiana","date":"12 12+00:00 Maio 12+00:00 2009","format":false,"excerpt":"A nossa escola est\u00e1 aberta a actividades extra-curriculares em que podem participar todos os amantes do desporto. A Associa\u00e7\u00e3o de H\u00f3quei treina os seus jogadores seniores todas as quartas-feiras, das 18:00 \u00e0s 20:00 horas. Os jogadores juniores treinam aos s\u00e1bados, das 17:00 \u00e0s 19:00 horas.","rel":"","context":"In &quot;Torneios&quot;","block_context":{"text":"Torneios","link":"https:\/\/blogs.ess-edu.pt\/ap12a2008\/category\/torneios\/"},"img":{"alt_text":"","src":"","width":0,"height":0},"classes":[]},{"id":525,"url":"https:\/\/blogs.ess-edu.pt\/ap12a2008\/2009\/05\/26\/a-minha-passagem-pela-escola-20022009\/","url_meta":{"origin":476,"position":1},"title":"A minha passagem pela escola &#8211; 2002\/2009","author":"Helena Sebastiana","date":"26 26+00:00 Maio 26+00:00 2009","format":false,"excerpt":"Todos os dias que chego \u00e0 escola e olho para ela, recordo-me com saudade, os sete anos que aqui passei. Das sensa\u00e7\u00f5es que experimentei, da alegria de conviver com os amigos, de conhecer toda a gente pelo seu nome, at\u00e9 mesmo da ang\u00fastia que surgia sempre antes dos stressantes dias\u2026","rel":"","context":"In &quot;A minha passagem pela escola&quot;","block_context":{"text":"A minha passagem pela escola","link":"https:\/\/blogs.ess-edu.pt\/ap12a2008\/category\/a-minha-passagem-pela-escola\/"},"img":{"alt_text":"","src":"","width":0,"height":0},"classes":[]},{"id":254,"url":"https:\/\/blogs.ess-edu.pt\/ap12a2008\/2009\/01\/22\/clube-de-orientacao-e-pedestrianismo\/","url_meta":{"origin":476,"position":2},"title":"Clube de Orienta\u00e7\u00e3o e Pedestrianismo","author":"Helena Sebastiana","date":"22 22+00:00 Janeiro 22+00:00 2009","format":false,"excerpt":"Segundo a professora Nadir Lopes, este clube, foi criado no ano lectivo 2006\/2007 e pretende despertar o gosto para as actividades ao ar livre, para os conhecimentos de orienta\u00e7\u00e3o e para a realiza\u00e7\u00e3o de caminhadas ao ar livre. Este clube destina-se, essencialmente, aos alunos do terceiro ciclo do Ensino B\u00e1sico.\u2026","rel":"","context":"In &quot;Clubes&quot;","block_context":{"text":"Clubes","link":"https:\/\/blogs.ess-edu.pt\/ap12a2008\/category\/clubes\/"},"img":{"alt_text":"","src":"","width":0,"height":0},"classes":[]},{"id":528,"url":"https:\/\/blogs.ess-edu.pt\/ap12a2008\/2009\/05\/28\/a-minha-passagem-pela-escola-20032009\/","url_meta":{"origin":476,"position":3},"title":"A minha passagem pela escola &#8211; 2003\/2009","author":"Helena Sebastiana","date":"28 28+00:00 Maio 28+00:00 2009","format":false,"excerpt":"Seis anos, uma vida\u2026 Vai fazer, sensivelmente, seis anos que entrei pela primeira vez nesta escola\u2026 eu era t\u00e3o pequena e a escola t\u00e3o grande que me senti\u2026 intimidada\u2026 Intimidada n\u00e3o \u00e9 a palavra certa, talvez estupefacta seja a palavra mais indicada! Tenho a certeza absoluta que n\u00e3o seria a\u2026","rel":"","context":"In &quot;A minha passagem pela escola&quot;","block_context":{"text":"A minha passagem pela escola","link":"https:\/\/blogs.ess-edu.pt\/ap12a2008\/category\/a-minha-passagem-pela-escola\/"},"img":{"alt_text":"","src":"","width":0,"height":0},"classes":[]},{"id":147,"url":"https:\/\/blogs.ess-edu.pt\/ap12a2008\/2008\/12\/09\/sabias-que\/","url_meta":{"origin":476,"position":4},"title":"Sabias que&#8230;","author":"Helena Sebastiana","date":"9 09+00:00 Dezembro 09+00:00 2008","format":false,"excerpt":"Existem 35 turmas na escola: 9 Turmas do 2.\u00ba ciclo; 11 Turmas do 3.\u00ba ciclo; 1 Turma de CEF; 11 Turmas do Ensino Secund\u00e1rio; 2 Turmas de TIE; 1 Turma do Ensino Secund\u00e1rio Recorrente \u2013 M\u00f3dulos.","rel":"","context":"In &quot;Curiosidades&quot;","block_context":{"text":"Curiosidades","link":"https:\/\/blogs.ess-edu.pt\/ap12a2008\/category\/curiosidades\/"},"img":{"alt_text":"","src":"","width":0,"height":0},"classes":[]},{"id":165,"url":"https:\/\/blogs.ess-edu.pt\/ap12a2008\/2008\/12\/16\/programa-das-actividades-de-final-do-1%c2%ba-periodo\/","url_meta":{"origin":476,"position":5},"title":"Programa das Actividades de final do 1.\u00ba Per\u00edodo","author":"Helena Sebastiana","date":"16 16+00:00 Dezembro 16+00:00 2008","format":false,"excerpt":"O programa das actividades de final do 1.\u00ba Per\u00edodo, na nossa escola, \u00e9 muito diversificado e extenso. A festa ter\u00e1 in\u00edcio \u00e0s 10 horas e terminar\u00e1 \u00e0s 17 horas e 15 minutos. As actividades s\u00e3o variadas e para todos os gostos: Hino \u201cDez Milh\u00f5es de Estrelas\u201d; Can\u00e7\u00f5es de Natal; Momento\u2026","rel":"","context":"In &quot;Eventos&quot;","block_context":{"text":"Eventos","link":"https:\/\/blogs.ess-edu.pt\/ap12a2008\/category\/eventos\/"},"img":{"alt_text":"","src":"","width":0,"height":0},"classes":[]}],"_links":{"self":[{"href":"https:\/\/blogs.ess-edu.pt\/ap12a2008\/wp-json\/wp\/v2\/posts\/476","targetHints":{"allow":["GET"]}}],"collection":[{"href":"https:\/\/blogs.ess-edu.pt\/ap12a2008\/wp-json\/wp\/v2\/posts"}],"about":[{"href":"https:\/\/blogs.ess-edu.pt\/ap12a2008\/wp-json\/wp\/v2\/types\/post"}],"author":[{"embeddable":true,"href":"https:\/\/blogs.ess-edu.pt\/ap12a2008\/wp-json\/wp\/v2\/users\/30"}],"replies":[{"embeddable":true,"href":"https:\/\/blogs.ess-edu.pt\/ap12a2008\/wp-json\/wp\/v2\/comments?post=476"}],"version-history":[{"count":0,"href":"https:\/\/blogs.ess-edu.pt\/ap12a2008\/wp-json\/wp\/v2\/posts\/476\/revisions"}],"wp:attachment":[{"href":"https:\/\/blogs.ess-edu.pt\/ap12a2008\/wp-json\/wp\/v2\/media?parent=476"}],"wp:term":[{"taxonomy":"category","embeddable":true,"href":"https:\/\/blogs.ess-edu.pt\/ap12a2008\/wp-json\/wp\/v2\/categories?post=476"},{"taxonomy":"post_tag","embeddable":true,"href":"https:\/\/blogs.ess-edu.pt\/ap12a2008\/wp-json\/wp\/v2\/tags?post=476"}],"curies":[{"name":"wp","href":"https:\/\/api.w.org\/{rel}","templated":true}]}}