{"id":499,"date":"2009-05-14T16:12:04","date_gmt":"2009-05-14T16:12:04","guid":{"rendered":"http:\/\/blogs.ess-edu.pt\/ap12a2008\/?p=499"},"modified":"2024-07-16T14:59:00","modified_gmt":"2024-07-16T14:59:00","slug":"torneio-de-futsal-realizado-na-escola","status":"publish","type":"post","link":"https:\/\/blogs.ess-edu.pt\/ap12a2008\/2009\/05\/14\/torneio-de-futsal-realizado-na-escola\/","title":{"rendered":"Torneio de Futsal realizado na Escola"},"content":{"rendered":"<p>Hoje, quinta-feira, dia 14 de Maio, teve in\u00edcio o torneio de futsal da S\u00e9.<\/p>\n<p>Como j\u00e1 t\u00ednhamos referido no artigo anterior, a nossa turma, para n\u00e3o fugir \u00e0 regra, formou duas equipas, uma masculina e outra feminina.<\/p>\n<p>A masculina, que tem por nome \u201cDas Trevas\u201d, inaugurou este torneio. Esta equipa \u00e9 constitu\u00edda pelos seguintes alunos: Mauro (capit\u00e3o), Ricardo (redes), Tiago (central perigoso e distra\u00eddo), Andr\u00e9 Taveira (psicad\u00e9lico), Jo\u00e3o (rapid\u00edssimo) e R. Micael (o goleador). O primeiro jogo foi contra a equipa do \u201c10.\u00ba B\u201d.<\/p>\n<p>Este jogo foi dif\u00edcil e um bocado pol\u00e9mico, pois a nossa turma ganhou por 2 bolas a 1, tendo sido o segundo golo muito contestado pela equipa advers\u00e1ria. No fundo, a nossa equipa levou a melhor, gra\u00e7as aos 2 golos do Mik\u00e1.<\/p>\n<p>Relativamente \u00e0 equipa feminina, que tem por nome \u201cAs da S\u00c9cund\u00e1ria\u201d, apenas duas alunas da nossa turma participam, a Cristina (capit\u00e3) e a Cl\u00e1udia. Como s\u00f3 participam duas equipas femininas do secund\u00e1rio neste torneio, o jogo das nossas colegas, que j\u00e1 est\u00e3o na final, ser\u00e1 no dia 5 de Junho, \u00faltimo dia de aulas.<\/p>\n<p>Esperamos que ambas as equipas consigam bons resultados.<\/p>\n","protected":false},"excerpt":{"rendered":"<p>Hoje, quinta-feira, dia 14 de Maio, teve in\u00edcio o torneio de futsal da S\u00e9.<\/p>\n<p>Como j\u00e1 t\u00ednhamos referido no artigo anterior, a nossa turma, para n\u00e3o fugir \u00e0 regra, formou duas equipas, uma masculina e outra feminina.<\/p>\n<p>A masculina, que tem por nome \u201cDas Trevas\u201d, inaugurou este torneio. Esta equipa \u00e9 constitu\u00edda pelos seguintes alunos: [&#8230;]<\/p>\n","protected":false},"author":30,"featured_media":0,"comment_status":"open","ping_status":"open","sticky":false,"template":"","format":"standard","meta":{"jetpack_post_was_ever_published":false,"_jetpack_newsletter_access":"","_jetpack_dont_email_post_to_subs":false,"_jetpack_newsletter_tier_id":0,"_jetpack_memberships_contains_paywalled_content":false,"_jetpack_memberships_contains_paid_content":false,"footnotes":""},"categories":[74],"tags":[],"class_list":["post-499","post","type-post","status-publish","format-standard","hentry","category-torneios","odd"],"jetpack_featured_media_url":"","jetpack_sharing_enabled":true,"jetpack_shortlink":"https:\/\/wp.me\/paunJ5-83","jetpack-related-posts":[{"id":553,"url":"https:\/\/blogs.ess-edu.pt\/ap12a2008\/2009\/06\/02\/torneio-de-futsal-28-e-29-de-maio\/","url_meta":{"origin":499,"position":0},"title":"Torneio de Futsal &#8211; 28 e 29 de Maio","author":"Helena Sebastiana","date":"2 02+00:00 Junho 02+00:00 2009","format":false,"excerpt":"A passada quinta-feira, dia 28 de Maio, foi mais um dia do fant\u00e1stico e grandioso, torneio de Futsal da S\u00e9. Como \u00e9 \u00f3bvio, a nossa equipa \u201cDas Trevas\u201d que jogou, nesse dia, foi implac\u00e1vel e, deu \u201cshow de bola\u201d, ganhando por tr\u00eas bolas a uma. J\u00e1 \u00e9 habitual come\u00e7armos sempre\u2026","rel":"","context":"In &quot;Torneios&quot;","block_context":{"text":"Torneios","link":"https:\/\/blogs.ess-edu.pt\/ap12a2008\/category\/torneios\/"},"img":{"alt_text":"","src":"","width":0,"height":0},"classes":[]},{"id":416,"url":"https:\/\/blogs.ess-edu.pt\/ap12a2008\/2009\/05\/05\/torneio-de-futsal-na-se\/","url_meta":{"origin":499,"position":1},"title":"Torneio de Futsal na S\u00e9","author":"Helena Sebastiana","date":"5 05+00:00 Maio 05+00:00 2009","format":false,"excerpt":"Na nossa escola, ir\u00e1 realizar-se um torneio de Futsal, organizado pela turma do 12.\u00ba B no \u00e2mbito da \u00e1rea curricular n\u00e3o disciplinar de \u00c1rea de Projecto e que tem por objectivo angariar fundos monet\u00e1rios para a AMI. As equipas poder\u00e3o ser masculinas ou femininas. Cada equipa dever\u00e1 ter no m\u00ednimo\u2026","rel":"","context":"In &quot;Torneios&quot;","block_context":{"text":"Torneios","link":"https:\/\/blogs.ess-edu.pt\/ap12a2008\/category\/torneios\/"},"img":{"alt_text":"","src":"","width":0,"height":0},"classes":[]},{"id":513,"url":"https:\/\/blogs.ess-edu.pt\/ap12a2008\/2009\/05\/21\/torneio-de-futsal-na-se-21-de-maio\/","url_meta":{"origin":499,"position":2},"title":"Torneio de Futsal na S\u00e9 &#8211; 21 de Maio","author":"Helena Sebastiana","date":"21 21+00:00 Maio 21+00:00 2009","format":false,"excerpt":"Hoje, quinta-feira, dia 21 de Maio, foi mais um dia de torneio de futsal da S\u00e9. A equipa da nossa turma, \u201cDas Trevas\u201d, teve mais um jogo, o seu segundo neste grupo. Tal como o da semana passada, o jogo de hoje tamb\u00e9m foi dif\u00edcil, com o acr\u00e9scimo da elevada\u2026","rel":"","context":"In &quot;Torneios&quot;","block_context":{"text":"Torneios","link":"https:\/\/blogs.ess-edu.pt\/ap12a2008\/category\/torneios\/"},"img":{"alt_text":"","src":"","width":0,"height":0},"classes":[]},{"id":174,"url":"https:\/\/blogs.ess-edu.pt\/ap12a2008\/2008\/12\/16\/torneio-de-voleibol-4x4\/","url_meta":{"origin":499,"position":3},"title":"Torneio de Voleibol 4&#215;4","author":"Helena Sebastiana","date":"16 16+00:00 Dezembro 16+00:00 2008","format":false,"excerpt":"Na nossa escola, ir\u00e1 realizar-se um Torneio de Voleibol 4x4. Amanh\u00e3, 17 de Dezembro, pelas 14 horas e 30 minutos no pavilh\u00e3o da escola, dar-se-\u00e1 in\u00edcio ao torneio do 3.\u00ba ciclo. Quinta-feira, 18 de Dezembro, tamb\u00e9m pelas 14 horas e 30 minutos, no pavilh\u00e3o da escola, ir\u00e1 realizar-se o torneio\u2026","rel":"","context":"In &quot;Torneios&quot;","block_context":{"text":"Torneios","link":"https:\/\/blogs.ess-edu.pt\/ap12a2008\/category\/torneios\/"},"img":{"alt_text":"","src":"","width":0,"height":0},"classes":[]},{"id":150,"url":"https:\/\/blogs.ess-edu.pt\/ap12a2008\/2008\/12\/09\/torneio-de-andebol-de-5-2\/","url_meta":{"origin":499,"position":4},"title":"Torneio de Andebol de 5","author":"Helena Sebastiana","date":"9 09+00:00 Dezembro 09+00:00 2008","format":false,"excerpt":"Os jogos do torneio de Andebol de 5 que iriam ser realizados hoje, foram adiados para o dia 15 de Dezembro, na pr\u00f3xima segunda-feira. Um dos jogos a ser realizado seria o segundo jogo para a equipa da nossa turma. Desta forma, esta not\u00edcia foi recebida com grande desalento, uma\u2026","rel":"","context":"In &quot;Torneios&quot;","block_context":{"text":"Torneios","link":"https:\/\/blogs.ess-edu.pt\/ap12a2008\/category\/torneios\/"},"img":{"alt_text":"","src":"","width":0,"height":0},"classes":[]},{"id":120,"url":"https:\/\/blogs.ess-edu.pt\/ap12a2008\/2008\/12\/04\/torneio-de-andebol-de-5-secundario\/","url_meta":{"origin":499,"position":5},"title":"Torneio de Andebol de 5 (Secund\u00e1rio)","author":"Helena Sebastiana","date":"4 04+00:00 Dezembro 04+00:00 2008","format":false,"excerpt":"Na nossa escola, no dia 2 de Dezembro, ter\u00e7a-feira, \u00e0s 12:20 horas, come\u00e7ou o Torneio de Andebol de 5. Desta vez, as turmas que participaram foram as do Secund\u00e1rio. Este torneio conta com apenas tr\u00eas equipas. Uma delas pertence \u00e0 nossa turma. O nosso primeiro jogo ocorreu hoje. Apesar de\u2026","rel":"","context":"In &quot;Torneios&quot;","block_context":{"text":"Torneios","link":"https:\/\/blogs.ess-edu.pt\/ap12a2008\/category\/torneios\/"},"img":{"alt_text":"","src":"","width":0,"height":0},"classes":[]}],"_links":{"self":[{"href":"https:\/\/blogs.ess-edu.pt\/ap12a2008\/wp-json\/wp\/v2\/posts\/499","targetHints":{"allow":["GET"]}}],"collection":[{"href":"https:\/\/blogs.ess-edu.pt\/ap12a2008\/wp-json\/wp\/v2\/posts"}],"about":[{"href":"https:\/\/blogs.ess-edu.pt\/ap12a2008\/wp-json\/wp\/v2\/types\/post"}],"author":[{"embeddable":true,"href":"https:\/\/blogs.ess-edu.pt\/ap12a2008\/wp-json\/wp\/v2\/users\/30"}],"replies":[{"embeddable":true,"href":"https:\/\/blogs.ess-edu.pt\/ap12a2008\/wp-json\/wp\/v2\/comments?post=499"}],"version-history":[{"count":0,"href":"https:\/\/blogs.ess-edu.pt\/ap12a2008\/wp-json\/wp\/v2\/posts\/499\/revisions"}],"wp:attachment":[{"href":"https:\/\/blogs.ess-edu.pt\/ap12a2008\/wp-json\/wp\/v2\/media?parent=499"}],"wp:term":[{"taxonomy":"category","embeddable":true,"href":"https:\/\/blogs.ess-edu.pt\/ap12a2008\/wp-json\/wp\/v2\/categories?post=499"},{"taxonomy":"post_tag","embeddable":true,"href":"https:\/\/blogs.ess-edu.pt\/ap12a2008\/wp-json\/wp\/v2\/tags?post=499"}],"curies":[{"name":"wp","href":"https:\/\/api.w.org\/{rel}","templated":true}]}}