{"id":501,"date":"2009-05-19T14:13:43","date_gmt":"2009-05-19T14:13:43","guid":{"rendered":"http:\/\/blogs.ess-edu.pt\/ap12a2008\/?p=501"},"modified":"2024-07-16T15:14:50","modified_gmt":"2024-07-16T15:14:50","slug":"robotmania-verao-2009","status":"publish","type":"post","link":"https:\/\/blogs.ess-edu.pt\/ap12a2008\/2009\/05\/19\/robotmania-verao-2009\/","title":{"rendered":"Robotmania (Ver\u00e3o 2009)"},"content":{"rendered":"<p>Ir\u00e1 decorrer de 13 a 17 de Julho, durante a tarde, na Escola Superior de Tecnologia e Gest\u00e3o de Lamego, um conjunto de actividades relacionadas com rob\u00f3tica para alunos do secund\u00e1rio.<\/p>\n<p>As actividades a desenvolver passar\u00e3o pela defini\u00e7\u00e3o de uma tarefa espec\u00edfica a cumprir pelos Robots, a constru\u00e7\u00e3o e programa\u00e7\u00e3o dos mesmos pelos grupos participantes, bem como a realiza\u00e7\u00e3o da tarefa eventualmente de forma colaborativa.<\/p>\n<p>Inscreve-te em: <a href=\"https:\/\/web.archive.org\/web\/20090928031909\/http:\/\/www.cienciaviva.pt\/estagios\/jovens\/ocjf2009\/inscricao.asp?accao=pesquisa&amp;pesq=RoboMania\">http:\/\/robotica.estgl.ipv.pt\/robotmania2009<\/a><\/p>\n<p>Para mais informa\u00e7\u00f5es: <a href=\"mailto:rob\u00f3tica@estgl.ipv.pt\">rob\u00f3tica@estgl.ipv.pt<\/a> e\u00a0 <a href=\"mailto:ccosta@estgl.ipv.pt\">ccosta@estgl.ipv.pt<\/a>.<\/p>\n","protected":false},"excerpt":{"rendered":"<p>Ir\u00e1 decorrer de 13 a 17 de Julho, durante a tarde, na Escola Superior de Tecnologia e Gest\u00e3o de Lamego, um conjunto de actividades relacionadas com rob\u00f3tica para alunos do secund\u00e1rio.<\/p>\n<p>As actividades a desenvolver passar\u00e3o pela defini\u00e7\u00e3o de uma tarefa espec\u00edfica a cumprir pelos Robots, a constru\u00e7\u00e3o e programa\u00e7\u00e3o dos mesmos pelos grupos participantes, [&#8230;]<\/p>\n","protected":false},"author":30,"featured_media":0,"comment_status":"open","ping_status":"open","sticky":false,"template":"","format":"standard","meta":{"jetpack_post_was_ever_published":false,"_jetpack_newsletter_access":"","_jetpack_dont_email_post_to_subs":false,"_jetpack_newsletter_tier_id":0,"_jetpack_memberships_contains_paywalled_content":false,"_jetpack_memberships_contains_paid_content":false,"footnotes":""},"categories":[76],"tags":[],"class_list":["post-501","post","type-post","status-publish","format-standard","hentry","category-eventos","odd"],"jetpack_featured_media_url":"","jetpack_sharing_enabled":true,"jetpack_shortlink":"https:\/\/wp.me\/paunJ5-85","jetpack-related-posts":[{"id":320,"url":"https:\/\/blogs.ess-edu.pt\/ap12a2008\/2009\/03\/24\/actividades-do-final-de-2%c2%ba-periodo\/","url_meta":{"origin":501,"position":0},"title":"Actividades do Final de 2.\u00ba Per\u00edodo","author":"Helena Sebastiana","date":"24 24+00:00 Mar\u00e7o 24+00:00 2009","format":false,"excerpt":"Na pr\u00f3xima sexta feira, dia 27 de Mar\u00e7o, realizar-se-\u00e3o na nossa escola as seguintes actividades de final de 2.\u00ba per\u00edodo: 10:00 \u2013 Celebra\u00e7\u00e3o Eucar\u00edstica na S\u00e9 Catedral de Lamego, presidida pelo Senhor Bispo D. Jacinto 10:00 \u2013 Torneio de Ping-pong (Gin\u00e1sio) Durante a manh\u00e3 \u2013 Venda de artigos e do\u00e7arias\u2026","rel":"","context":"In &quot;Eventos&quot;","block_context":{"text":"Eventos","link":"https:\/\/blogs.ess-edu.pt\/ap12a2008\/category\/eventos\/"},"img":{"alt_text":"","src":"","width":0,"height":0},"classes":[]},{"id":520,"url":"https:\/\/blogs.ess-edu.pt\/ap12a2008\/2009\/05\/26\/1%c2%ba-premio-conquistado-pelo-tie-11%c2%ba-ano\/","url_meta":{"origin":501,"position":1},"title":"1.\u00ba Pr\u00e9mio conquistado pelo TIE (11.\u00ba ano)","author":"Helena Sebastiana","date":"26 26+00:00 Maio 26+00:00 2009","format":false,"excerpt":"\u00c0 turma do TIE (t\u00e9cnico de instala\u00e7\u00f5es el\u00e9ctricas) e ao professor Paulo Abrunhosa foi lan\u00e7ado o desafio para, no \u00e2mbito da Rob\u00f3tica M\u00f3vel, concorrer \u00e0 II Montra de Oportunidades. Os alunos do segundo ano deste curso e o professor aceitaram o repto e desenvolveram um projecto denominado \u201dve\u00edculo aut\u00f3nomo de\u2026","rel":"","context":"In &quot;Eventos&quot;","block_context":{"text":"Eventos","link":"https:\/\/blogs.ess-edu.pt\/ap12a2008\/category\/eventos\/"},"img":{"alt_text":"","src":"","width":0,"height":0},"classes":[]},{"id":525,"url":"https:\/\/blogs.ess-edu.pt\/ap12a2008\/2009\/05\/26\/a-minha-passagem-pela-escola-20022009\/","url_meta":{"origin":501,"position":2},"title":"A minha passagem pela escola &#8211; 2002\/2009","author":"Helena Sebastiana","date":"26 26+00:00 Maio 26+00:00 2009","format":false,"excerpt":"Todos os dias que chego \u00e0 escola e olho para ela, recordo-me com saudade, os sete anos que aqui passei. Das sensa\u00e7\u00f5es que experimentei, da alegria de conviver com os amigos, de conhecer toda a gente pelo seu nome, at\u00e9 mesmo da ang\u00fastia que surgia sempre antes dos stressantes dias\u2026","rel":"","context":"In &quot;A minha passagem pela escola&quot;","block_context":{"text":"A minha passagem pela escola","link":"https:\/\/blogs.ess-edu.pt\/ap12a2008\/category\/a-minha-passagem-pela-escola\/"},"img":{"alt_text":"","src":"","width":0,"height":0},"classes":[]},{"id":337,"url":"https:\/\/blogs.ess-edu.pt\/ap12a2008\/2009\/03\/24\/realizadores-por-alguns-dias\/","url_meta":{"origin":501,"position":3},"title":"Realizadores por alguns dias!","author":"Helena Sebastiana","date":"24 24+00:00 Mar\u00e7o 24+00:00 2009","format":false,"excerpt":"Depois de ser aprovada em plen\u00e1rio a ideia da realiza\u00e7\u00e3o de um filme da escola para a sua divulga\u00e7\u00e3o, foi constitu\u00eddo um grupo respons\u00e1vel pela elabora\u00e7\u00e3o e a realiza\u00e7\u00e3o do mesmo. Este filme pretendia mostrar um pouco do dia-a-dia da nossa escola, bem como os seus espa\u00e7os e todo o\u2026","rel":"","context":"In &quot;Aconteceu...&quot;","block_context":{"text":"Aconteceu...","link":"https:\/\/blogs.ess-edu.pt\/ap12a2008\/category\/aconteceu\/"},"img":{"alt_text":"","src":"","width":0,"height":0},"classes":[]},{"id":295,"url":"https:\/\/blogs.ess-edu.pt\/ap12a2008\/2009\/02\/26\/clube-de-jornalismo\/","url_meta":{"origin":501,"position":4},"title":"Clube de Jornalismo","author":"Helena Sebastiana","date":"26 26+00:00 Fevereiro 26+00:00 2009","format":false,"excerpt":"1. Quais as finalidades deste Clube? R: As finalidades do Clube passam pelo desenvolvimento da express\u00e3o escrita, pelo est\u00edmulo do gosto pelo texto jornal\u00edstico e pelo apoio que \u00e9 dado ao jornal da nossa escola \u201cEscola Aberta\u201d. 2. Que actividades s\u00e3o realizadas neste Clube? R: Essencialmente, a produ\u00e7\u00e3o de texto\u2026","rel":"","context":"In &quot;Clubes&quot;","block_context":{"text":"Clubes","link":"https:\/\/blogs.ess-edu.pt\/ap12a2008\/category\/clubes\/"},"img":{"alt_text":"","src":"","width":0,"height":0},"classes":[]},{"id":186,"url":"https:\/\/blogs.ess-edu.pt\/ap12a2008\/2009\/01\/06\/programa-comenius\/","url_meta":{"origin":501,"position":5},"title":"Programa Comenius","author":"Helena Sebastiana","date":"6 06+00:00 Janeiro 06+00:00 2009","format":false,"excerpt":"Segundo a Professora Maria Jos\u00e9 Alvelos, o programa Comenius pretende desenvolver a dimens\u00e3o europeia nas escolas participantes, tendo em vista o refor\u00e7o da cidadania europeia para o conhecimento e preserva\u00e7\u00e3o da heran\u00e7a cultural, hist\u00f3rica e social dos pa\u00edses envolvidos. Tem como finalidade o enriquecimento das aprendizagens s\u00f3cio-culturais dos alunos e\u2026","rel":"","context":"In &quot;Clubes&quot;","block_context":{"text":"Clubes","link":"https:\/\/blogs.ess-edu.pt\/ap12a2008\/category\/clubes\/"},"img":{"alt_text":"","src":"","width":0,"height":0},"classes":[]}],"_links":{"self":[{"href":"https:\/\/blogs.ess-edu.pt\/ap12a2008\/wp-json\/wp\/v2\/posts\/501","targetHints":{"allow":["GET"]}}],"collection":[{"href":"https:\/\/blogs.ess-edu.pt\/ap12a2008\/wp-json\/wp\/v2\/posts"}],"about":[{"href":"https:\/\/blogs.ess-edu.pt\/ap12a2008\/wp-json\/wp\/v2\/types\/post"}],"author":[{"embeddable":true,"href":"https:\/\/blogs.ess-edu.pt\/ap12a2008\/wp-json\/wp\/v2\/users\/30"}],"replies":[{"embeddable":true,"href":"https:\/\/blogs.ess-edu.pt\/ap12a2008\/wp-json\/wp\/v2\/comments?post=501"}],"version-history":[{"count":0,"href":"https:\/\/blogs.ess-edu.pt\/ap12a2008\/wp-json\/wp\/v2\/posts\/501\/revisions"}],"wp:attachment":[{"href":"https:\/\/blogs.ess-edu.pt\/ap12a2008\/wp-json\/wp\/v2\/media?parent=501"}],"wp:term":[{"taxonomy":"category","embeddable":true,"href":"https:\/\/blogs.ess-edu.pt\/ap12a2008\/wp-json\/wp\/v2\/categories?post=501"},{"taxonomy":"post_tag","embeddable":true,"href":"https:\/\/blogs.ess-edu.pt\/ap12a2008\/wp-json\/wp\/v2\/tags?post=501"}],"curies":[{"name":"wp","href":"https:\/\/api.w.org\/{rel}","templated":true}]}}