{"id":502,"date":"2009-05-19T14:14:21","date_gmt":"2009-05-19T14:14:21","guid":{"rendered":"http:\/\/blogs.ess-edu.pt\/ap12a2008\/?p=502"},"modified":"2024-07-16T15:17:27","modified_gmt":"2024-07-16T15:17:27","slug":"mini-meia-maratona-do-douro-vinhateiro","status":"publish","type":"post","link":"https:\/\/blogs.ess-edu.pt\/ap12a2008\/2009\/05\/19\/mini-meia-maratona-do-douro-vinhateiro\/","title":{"rendered":"Mini-Meia Maratona do Douro Vinhateiro"},"content":{"rendered":"<p>No pr\u00f3ximo dia 24 de Maio de 2009, ir\u00e1 realizar-se a mini-meia maratona do Douro Vinhateiro. O ponto de encontro dos alunos ser\u00e1 na nossa escola, \u00e0s 8:30 horas. Se participares poder\u00e1s ganhar camisolas, viagens, entre outros pr\u00e9mios. As inscri\u00e7\u00f5es est\u00e3o abertas e poder\u00e1s faz\u00ea-las no Gabinete de Educa\u00e7\u00e3o F\u00edsica.<\/p>\n<p>\u201cA correr ou a caminhar eu vou l\u00e1 estar!\u201d<\/p>\n","protected":false},"excerpt":{"rendered":"<p>No pr\u00f3ximo dia 24 de Maio de 2009, ir\u00e1 realizar-se a mini-meia maratona do Douro Vinhateiro. O ponto de encontro dos alunos ser\u00e1 na nossa escola, \u00e0s 8:30 horas. Se participares poder\u00e1s ganhar camisolas, viagens, entre outros pr\u00e9mios. As inscri\u00e7\u00f5es est\u00e3o abertas e poder\u00e1s faz\u00ea-las no Gabinete de Educa\u00e7\u00e3o F\u00edsica.<\/p>\n<p>\u201cA correr ou a caminhar [&#8230;]<\/p>\n","protected":false},"author":30,"featured_media":0,"comment_status":"open","ping_status":"open","sticky":false,"template":"","format":"standard","meta":{"jetpack_post_was_ever_published":false,"_jetpack_newsletter_access":"","_jetpack_dont_email_post_to_subs":false,"_jetpack_newsletter_tier_id":0,"_jetpack_memberships_contains_paywalled_content":false,"_jetpack_memberships_contains_paid_content":false,"footnotes":""},"categories":[76],"tags":[],"class_list":["post-502","post","type-post","status-publish","format-standard","hentry","category-eventos","odd"],"jetpack_featured_media_url":"","jetpack_sharing_enabled":true,"jetpack_shortlink":"https:\/\/wp.me\/paunJ5-86","jetpack-related-posts":[{"id":304,"url":"https:\/\/blogs.ess-edu.pt\/ap12a2008\/2009\/03\/05\/o-que-podes-fazer-nas-ferias-da-pascoa-parte-1-de-3\/","url_meta":{"origin":502,"position":0},"title":"O que podes fazer nas f\u00e9rias da P\u00e1scoa! (Parte 1 de 3)","author":"Helena Sebastiana","date":"5 05+00:00 Mar\u00e7o 05+00:00 2009","format":false,"excerpt":"As tuas pr\u00f3ximas f\u00e9rias poder\u00e3o ser sensacionais. Aproveita os dias o per\u00edodo entre o dia 27 de Mar\u00e7o e 13 de Abril de 2009, para te divertires ao m\u00e1ximo. Para tal temos varias op\u00e7\u00f5es para ti! - Viagem de Finalistas (Lloret del Mar) Esta viagem vai decorrer nos dias 27\u2026","rel":"","context":"In &quot;Eventos&quot;","block_context":{"text":"Eventos","link":"https:\/\/blogs.ess-edu.pt\/ap12a2008\/category\/eventos\/"},"img":{"alt_text":"","src":"","width":0,"height":0},"classes":[]},{"id":309,"url":"https:\/\/blogs.ess-edu.pt\/ap12a2008\/2009\/03\/05\/visita-de-estudo-ao-porto\/","url_meta":{"origin":502,"position":1},"title":"Visita de Estudo ao Porto&#8230;","author":"Helena Sebastiana","date":"5 05+00:00 Mar\u00e7o 05+00:00 2009","format":false,"excerpt":"Ontem, dia 4 de Mar\u00e7o, a turma C do 11.\u00ba ano realizou uma visita de estudo com destino ao Porto. Viajaram de comboio e de metro. Soubemos que visitaram a Casa da M\u00fasica e participaram no col\u00f3quio \u201cO Eixo Urbano do Douro\u201d. J\u00e1 soubemos que tudo correu bem.","rel":"","context":"In &quot;Viagens de estudo&quot;","block_context":{"text":"Viagens de estudo","link":"https:\/\/blogs.ess-edu.pt\/ap12a2008\/category\/viagens-de-estudo\/"},"img":{"alt_text":"","src":"","width":0,"height":0},"classes":[]},{"id":484,"url":"https:\/\/blogs.ess-edu.pt\/ap12a2008\/2009\/05\/14\/evm09-escola-de-verao-de-matematica-da-utad-2009\/","url_meta":{"origin":502,"position":2},"title":"EVM09 \u2013 Escola de Ver\u00e3o de Matem\u00e1tica da UTAD 2009","author":"Helena Sebastiana","date":"14 14+00:00 Maio 14+00:00 2009","format":false,"excerpt":"Se n\u00e3o gostas de Matem\u00e1tica mas tencionas mudar de ideias, temos a solu\u00e7\u00e3o certa para ti! Participa no projecto EVM09 dirigido aos alunos do ensino secund\u00e1rio que decorrer\u00e1 de 20 a 24 de Julho, na UTAD em Vila Real. O programa \u00e9 o constante no site: http:\/\/home.utad.pt\/~matemat\/evm09\/programa.html O custo de\u2026","rel":"","context":"In &quot;Curiosidades&quot;","block_context":{"text":"Curiosidades","link":"https:\/\/blogs.ess-edu.pt\/ap12a2008\/category\/curiosidades\/"},"img":{"alt_text":"imagem0841","src":"https:\/\/i0.wp.com\/blogs.ess-edu.pt\/ap12a2008\/files\/2009\/05\/imagem0841.jpg?resize=350%2C200","width":350,"height":200},"classes":[]},{"id":408,"url":"https:\/\/blogs.ess-edu.pt\/ap12a2008\/2009\/04\/30\/parabens-enia-2\/","url_meta":{"origin":502,"position":3},"title":"Parab\u00e9ns, \u00c9nia!","author":"Helena Sebastiana","date":"30 30+00:00 Abril 30+00:00 2009","format":false,"excerpt":"No dia, 1 de Maio de 1991, foi iniciada a vida de uma pessoa muito especial para n\u00f3s. Foi no 10.\u00ba ano que as nossas vidas se cruzaram e desde a\u00ed nunca mais nos separ\u00e1mos. Ficar\u00e1s para sempre nos nossos cora\u00e7\u00f5es. Queremos desejar-te uma vida recheada de bons momentos e\u2026","rel":"","context":"In &quot;Ocasi\u00f5es especiais&quot;","block_context":{"text":"Ocasi\u00f5es especiais","link":"https:\/\/blogs.ess-edu.pt\/ap12a2008\/category\/ocasioes-especiais\/"},"img":{"alt_text":"","src":"","width":0,"height":0},"classes":[]},{"id":88,"url":"https:\/\/blogs.ess-edu.pt\/ap12a2008\/2008\/12\/02\/semana-de-finalistas-27112008\/","url_meta":{"origin":502,"position":4},"title":"Semana de Finalistas (27\/11\/2008)","author":"Helena Sebastiana","date":"2 02+00:00 Dezembro 02+00:00 2008","format":false,"excerpt":"No dia 27 de Novembro, quinta-feira, foi realizada a \u201cfesta do chinelo de quarto\u201d organizada pela Comiss\u00e3o de Finalistas da Escola Secund\u00e1ria \/2,3 da S\u00e9 \u2013 Lamego. No CROKAS BAR, a festa come\u00e7ou por volta da meia-noite. Foi uma noite cheia de m\u00fasica e divers\u00e3o. Apesar de curta valeu a\u2026","rel":"","context":"In &quot;Finalistas&quot;","block_context":{"text":"Finalistas","link":"https:\/\/blogs.ess-edu.pt\/ap12a2008\/category\/finalistas\/"},"img":{"alt_text":"","src":"","width":0,"height":0},"classes":[]},{"id":330,"url":"https:\/\/blogs.ess-edu.pt\/ap12a2008\/2009\/03\/24\/euro-deputado-miguel-portas-na-escola\/","url_meta":{"origin":502,"position":5},"title":"Euro Deputado Miguel Portas na Escola","author":"Helena Sebastiana","date":"24 24+00:00 Mar\u00e7o 24+00:00 2009","format":false,"excerpt":"Na passada sexta-feira, 20 de Mar\u00e7o, esteve presente no Audit\u00f3rio da nossa escola, para um debate sobre a Europa e a crise financeira, o euro deputado Miguel Portas. O debate teve in\u00edcio \u00e0s 21:30 horas e terminou por volta da meia-noite. Houve muita ades\u00e3o a este debate. Estiveram presentes alunos,\u2026","rel":"","context":"In &quot;Eventos&quot;","block_context":{"text":"Eventos","link":"https:\/\/blogs.ess-edu.pt\/ap12a2008\/category\/eventos\/"},"img":{"alt_text":"","src":"","width":0,"height":0},"classes":[]}],"_links":{"self":[{"href":"https:\/\/blogs.ess-edu.pt\/ap12a2008\/wp-json\/wp\/v2\/posts\/502","targetHints":{"allow":["GET"]}}],"collection":[{"href":"https:\/\/blogs.ess-edu.pt\/ap12a2008\/wp-json\/wp\/v2\/posts"}],"about":[{"href":"https:\/\/blogs.ess-edu.pt\/ap12a2008\/wp-json\/wp\/v2\/types\/post"}],"author":[{"embeddable":true,"href":"https:\/\/blogs.ess-edu.pt\/ap12a2008\/wp-json\/wp\/v2\/users\/30"}],"replies":[{"embeddable":true,"href":"https:\/\/blogs.ess-edu.pt\/ap12a2008\/wp-json\/wp\/v2\/comments?post=502"}],"version-history":[{"count":0,"href":"https:\/\/blogs.ess-edu.pt\/ap12a2008\/wp-json\/wp\/v2\/posts\/502\/revisions"}],"wp:attachment":[{"href":"https:\/\/blogs.ess-edu.pt\/ap12a2008\/wp-json\/wp\/v2\/media?parent=502"}],"wp:term":[{"taxonomy":"category","embeddable":true,"href":"https:\/\/blogs.ess-edu.pt\/ap12a2008\/wp-json\/wp\/v2\/categories?post=502"},{"taxonomy":"post_tag","embeddable":true,"href":"https:\/\/blogs.ess-edu.pt\/ap12a2008\/wp-json\/wp\/v2\/tags?post=502"}],"curies":[{"name":"wp","href":"https:\/\/api.w.org\/{rel}","templated":true}]}}