{"id":503,"date":"2009-05-19T14:24:36","date_gmt":"2009-05-19T14:24:36","guid":{"rendered":"http:\/\/blogs.ess-edu.pt\/ap12a2008\/?p=503"},"modified":"2024-07-16T15:20:07","modified_gmt":"2024-07-16T15:20:07","slug":"provas-de-afericao","status":"publish","type":"post","link":"https:\/\/blogs.ess-edu.pt\/ap12a2008\/2009\/05\/19\/provas-de-afericao\/","title":{"rendered":"Provas de Aferi\u00e7\u00e3o"},"content":{"rendered":"<p>Ontem, dia 18 de Maio, pela primeira vez, na nossa escola, realizou-se uma Prova de Aferi\u00e7\u00e3o de L\u00edngua Portuguesa, direccionada ao 6.\u00ba ano. A pr\u00f3xima prova, de Matem\u00e1tica, realizar-se-\u00e1, amanh\u00e3, dia 20, pelas 9:45 horas.<\/p>\n<p>Os alunos consideraram a prova de L\u00edngua Portuguesa bastante acess\u00edvel.<\/p>\n<p class=\"MsoNormal\" style=\"margin: 0cm 0cm 0pt; text-align: justify;\">\n","protected":false},"excerpt":{"rendered":"<p>Ontem, dia 18 de Maio, pela primeira vez, na nossa escola, realizou-se uma Prova de Aferi\u00e7\u00e3o de L\u00edngua Portuguesa, direccionada ao 6.\u00ba ano. A pr\u00f3xima prova, de Matem\u00e1tica, realizar-se-\u00e1, amanh\u00e3, dia 20, pelas 9:45 horas.<\/p>\n<p>Os alunos consideraram a prova de L\u00edngua Portuguesa bastante acess\u00edvel.<\/p>\n<p class=\"MsoNormal\" style=\"margin: 0cm 0cm 0pt; text-align: justify;\">\n","protected":false},"author":30,"featured_media":0,"comment_status":"open","ping_status":"open","sticky":false,"template":"","format":"standard","meta":{"jetpack_post_was_ever_published":false,"_jetpack_newsletter_access":"","_jetpack_dont_email_post_to_subs":false,"_jetpack_newsletter_tier_id":0,"_jetpack_memberships_contains_paywalled_content":false,"_jetpack_memberships_contains_paid_content":false,"footnotes":""},"categories":[82],"tags":[],"class_list":["post-503","post","type-post","status-publish","format-standard","hentry","category-aconteceu","odd"],"jetpack_featured_media_url":"","jetpack_sharing_enabled":true,"jetpack_shortlink":"https:\/\/wp.me\/paunJ5-87","jetpack-related-posts":[{"id":292,"url":"https:\/\/blogs.ess-edu.pt\/ap12a2008\/2009\/02\/12\/aos-alunos-do-9%c2%ba\/","url_meta":{"origin":503,"position":0},"title":"Aos alunos do 9.\u00ba Ano\u2026","author":"Helena Sebastiana","date":"12 12+00:00 Fevereiro 12+00:00 2009","format":false,"excerpt":"1.\u00aa chamada: L\u00edngua portuguesa (22) \u2013 19 de Junho (\u00e0s 9h) Matem\u00e1tica (23) \u2013 22 de Junho (\u00e0s 9h) 2.\u00aa chamada (situa\u00e7\u00f5es excepcionais): L\u00edngua portuguesa (22) \u2013 25 de Julho (\u00e0s 9h) Matem\u00e1tica (23) \u2013 26 de Julho (\u00e0s 9h)","rel":"","context":"In &quot;Exames Nacionais 08\/09&quot;","block_context":{"text":"Exames Nacionais 08\/09","link":"https:\/\/blogs.ess-edu.pt\/ap12a2008\/category\/exames-nacionais-0809\/"},"img":{"alt_text":"","src":"","width":0,"height":0},"classes":[]},{"id":522,"url":"https:\/\/blogs.ess-edu.pt\/ap12a2008\/2009\/05\/26\/teste-intermedio-de-fisica-e-quimica-a-11%c2%ba-ano\/","url_meta":{"origin":503,"position":1},"title":"Teste interm\u00e9dio de F\u00edsica e Qu\u00edmica A \u2013 11.\u00ba Ano","author":"Helena Sebastiana","date":"26 26+00:00 Maio 26+00:00 2009","format":false,"excerpt":"Hoje, dia 26 de Maio, realizou-se o teste interm\u00e9dio de F\u00edsica e Qu\u00edmica A para os alunos do 11.\u00ba ano. A prova teve in\u00edcio \u00e0s 11:30 e terminou \u00e0s 13:00 horas. Esperemos que a prova tenha corrido bem a todos os alunos.","rel":"","context":"In &quot;Aconteceu...&quot;","block_context":{"text":"Aconteceu...","link":"https:\/\/blogs.ess-edu.pt\/ap12a2008\/category\/aconteceu\/"},"img":{"alt_text":"","src":"","width":0,"height":0},"classes":[]},{"id":279,"url":"https:\/\/blogs.ess-edu.pt\/ap12a2008\/2009\/02\/03\/regulamento-do-peddy-papper-sera-que-conheces-tao-bem-a-tua-escola-como-pensas\/","url_meta":{"origin":503,"position":2},"title":"Regulamento do Peddy-Papper: Ser\u00e1 que conheces t\u00e3o bem a tua escola como pensas?","author":"Helena Sebastiana","date":"3 03+00:00 Fevereiro 03+00:00 2009","format":false,"excerpt":"Objectivos: Promover o conhecimento da escola; Promover o esp\u00edrito de equipa; Respeitar as regras e as condutas do jogo; Terminar o puzzle primeiro. Informa\u00e7\u00f5es \u00fateis: As provas ser\u00e3o realizadas dentro do recinto da escola. Cada pergunta respondida correctamente ser\u00e1 cotada com uma pe\u00e7a do puzzle. No dia da prova, ser\u00e1\u2026","rel":"","context":"In &quot;Eventos&quot;","block_context":{"text":"Eventos","link":"https:\/\/blogs.ess-edu.pt\/ap12a2008\/category\/eventos\/"},"img":{"alt_text":"","src":"","width":0,"height":0},"classes":[]},{"id":521,"url":"https:\/\/blogs.ess-edu.pt\/ap12a2008\/2009\/05\/26\/para-os-exames-nacionais\/","url_meta":{"origin":503,"position":3},"title":"Para os Exames Nacionais&#8230;","author":"Helena Sebastiana","date":"26 26+00:00 Maio 26+00:00 2009","format":false,"excerpt":"Para os Exames Nacionais, n\u00e3o te esque\u00e7as que: s\u00f3 podes usar caneta azul ou preta (por isso meninas, n\u00e3o vale a pena levarem as vossas canetas cor-de-rosa da sorte, porque n\u00e3o v\u00e3o poder us\u00e1-las); as folhas de rascunho ser\u00e3o fornecidas pela escola (logo, esque\u00e7am todas as tentativas de copiar. N\u00e3o\u2026","rel":"","context":"In &quot;Exames Nacionais 08\/09&quot;","block_context":{"text":"Exames Nacionais 08\/09","link":"https:\/\/blogs.ess-edu.pt\/ap12a2008\/category\/exames-nacionais-0809\/"},"img":{"alt_text":"","src":"","width":0,"height":0},"classes":[]},{"id":300,"url":"https:\/\/blogs.ess-edu.pt\/ap12a2008\/2009\/02\/26\/mega-sprint\/","url_meta":{"origin":503,"position":4},"title":"Mega Sprint","author":"Helena Sebastiana","date":"26 26+00:00 Fevereiro 26+00:00 2009","format":false,"excerpt":"A n\u00edvel nacional, est\u00e1 a decorrer uma competi\u00e7\u00e3o denominada \u201cMega Sprint\u201d constitu\u00edda por tr\u00eas provas: \u201cMega Km\u201d, que se ir\u00e1 realizar na nossa escola no dia 3 de Mar\u00e7o; \u201cMega Salto\u201d, a realizar-se dia 5 de Mar\u00e7o; e \u201cMega Velocidade\u201d que se realizou hoje, dia 26 de Fevereiro, entre as\u2026","rel":"","context":"In &quot;Torneios&quot;","block_context":{"text":"Torneios","link":"https:\/\/blogs.ess-edu.pt\/ap12a2008\/category\/torneios\/"},"img":{"alt_text":"","src":"","width":0,"height":0},"classes":[]},{"id":287,"url":"https:\/\/blogs.ess-edu.pt\/ap12a2008\/2009\/02\/10\/a-nossa-escola-comemora-o-dia-dos-namorados\/","url_meta":{"origin":503,"position":5},"title":"A nossa escola comemora o Dia dos Namorados&#8230;","author":"Helena Sebastiana","date":"10 10+00:00 Fevereiro 10+00:00 2009","format":false,"excerpt":"A escola, na pr\u00f3xima sexta-feira, vai comemorar o Dia dos Namorados com uma iniciativa do Clube de Leitura. As cartas de amor ser\u00e3o as rainhas... Do programa constam cartas escritas por Fernando Pessoa, dirigidas, entre outros, \u00e0 sua namorada, Of\u00e9lia Queir\u00f3s, bem como excertos de missivas amorosas de uma freira\u2026","rel":"","context":"In &quot;Ocasi\u00f5es especiais&quot;","block_context":{"text":"Ocasi\u00f5es especiais","link":"https:\/\/blogs.ess-edu.pt\/ap12a2008\/category\/ocasioes-especiais\/"},"img":{"alt_text":"","src":"","width":0,"height":0},"classes":[]}],"_links":{"self":[{"href":"https:\/\/blogs.ess-edu.pt\/ap12a2008\/wp-json\/wp\/v2\/posts\/503","targetHints":{"allow":["GET"]}}],"collection":[{"href":"https:\/\/blogs.ess-edu.pt\/ap12a2008\/wp-json\/wp\/v2\/posts"}],"about":[{"href":"https:\/\/blogs.ess-edu.pt\/ap12a2008\/wp-json\/wp\/v2\/types\/post"}],"author":[{"embeddable":true,"href":"https:\/\/blogs.ess-edu.pt\/ap12a2008\/wp-json\/wp\/v2\/users\/30"}],"replies":[{"embeddable":true,"href":"https:\/\/blogs.ess-edu.pt\/ap12a2008\/wp-json\/wp\/v2\/comments?post=503"}],"version-history":[{"count":0,"href":"https:\/\/blogs.ess-edu.pt\/ap12a2008\/wp-json\/wp\/v2\/posts\/503\/revisions"}],"wp:attachment":[{"href":"https:\/\/blogs.ess-edu.pt\/ap12a2008\/wp-json\/wp\/v2\/media?parent=503"}],"wp:term":[{"taxonomy":"category","embeddable":true,"href":"https:\/\/blogs.ess-edu.pt\/ap12a2008\/wp-json\/wp\/v2\/categories?post=503"},{"taxonomy":"post_tag","embeddable":true,"href":"https:\/\/blogs.ess-edu.pt\/ap12a2008\/wp-json\/wp\/v2\/tags?post=503"}],"curies":[{"name":"wp","href":"https:\/\/api.w.org\/{rel}","templated":true}]}}