{"id":505,"date":"2009-05-21T15:19:04","date_gmt":"2009-05-21T15:19:04","guid":{"rendered":"http:\/\/blogs.ess-edu.pt\/ap12a2008\/?p=505"},"modified":"2024-07-16T15:23:33","modified_gmt":"2024-07-16T15:23:33","slug":"teste-intermedio-de-biologia-11%c2%ba-ano","status":"publish","type":"post","link":"https:\/\/blogs.ess-edu.pt\/ap12a2008\/2009\/05\/21\/teste-intermedio-de-biologia-11%c2%ba-ano\/","title":{"rendered":"Teste Interm\u00e9dio de Biologia &#8211; 11.\u00ba ano"},"content":{"rendered":"<p>Hoje, realizou-se o teste interm\u00e9dio de Biologia do 11.\u00ba ano, que teve dura\u00e7\u00e3o de uma hora e trinta minutos.<\/p>\n<p>Desejamos que os resultados correspondam \u00e0s expectativas!<\/p>\n","protected":false},"excerpt":{"rendered":"<p>Hoje, realizou-se o teste interm\u00e9dio de Biologia do 11.\u00ba ano, que teve dura\u00e7\u00e3o de uma hora e trinta minutos.<\/p>\n<p>Desejamos que os resultados correspondam \u00e0s expectativas!<\/p>\n","protected":false},"author":30,"featured_media":0,"comment_status":"open","ping_status":"open","sticky":false,"template":"","format":"standard","meta":{"jetpack_post_was_ever_published":false,"_jetpack_newsletter_access":"","_jetpack_dont_email_post_to_subs":false,"_jetpack_newsletter_tier_id":0,"_jetpack_memberships_contains_paywalled_content":false,"_jetpack_memberships_contains_paid_content":false,"footnotes":""},"categories":[82],"tags":[],"class_list":["post-505","post","type-post","status-publish","format-standard","hentry","category-aconteceu","odd"],"jetpack_featured_media_url":"","jetpack_sharing_enabled":true,"jetpack_shortlink":"https:\/\/wp.me\/paunJ5-89","jetpack-related-posts":[{"id":308,"url":"https:\/\/blogs.ess-edu.pt\/ap12a2008\/2009\/03\/05\/teste-intermedio-de-biologia-e-geologia-a\/","url_meta":{"origin":505,"position":0},"title":"Teste Interm\u00e9dio de Biologia e Geologia  A","author":"Helena Sebastiana","date":"5 05+00:00 Mar\u00e7o 05+00:00 2009","format":false,"excerpt":"Hoje, realizou-se a prova interm\u00e9dia de Biologia e Geologia\u00a0 A, pelas 11 horas e 30 minutos. Esta prova foi destinada ao 11.\u00ba ano. Esperamos que tenha corrido bem!","rel":"","context":"In &quot;Aconteceu...&quot;","block_context":{"text":"Aconteceu...","link":"https:\/\/blogs.ess-edu.pt\/ap12a2008\/category\/aconteceu\/"},"img":{"alt_text":"","src":"","width":0,"height":0},"classes":[]},{"id":517,"url":"https:\/\/blogs.ess-edu.pt\/ap12a2008\/2009\/05\/26\/teste-intermedio-de-biologiageologia-10%c2%ba-ano\/","url_meta":{"origin":505,"position":1},"title":"Teste interm\u00e9dio de Biologia\/Geologia 10.\u00ba ano","author":"Helena Sebastiana","date":"26 26+00:00 Maio 26+00:00 2009","format":false,"excerpt":"Realizar-se-\u00e1 no dia 28 de Maio, quinta-feira, o teste interm\u00e9dio de Biologia\/Geologia A, para as turmas de 10.\u00ba ano, do curso de Ci\u00eancias e Tecnologias. A todos os alunos, desejamos Boa Sorte!","rel":"","context":"In &quot;Aconteceu...&quot;","block_context":{"text":"Aconteceu...","link":"https:\/\/blogs.ess-edu.pt\/ap12a2008\/category\/aconteceu\/"},"img":{"alt_text":"","src":"","width":0,"height":0},"classes":[]},{"id":274,"url":"https:\/\/blogs.ess-edu.pt\/ap12a2008\/2009\/01\/29\/teste-intermedio-de-matematica-11%c2%ba-ano\/","url_meta":{"origin":505,"position":2},"title":"Teste Interm\u00e9dio de Matem\u00e1tica &#8211; 11.\u00ba Ano","author":"Helena Sebastiana","date":"29 29+00:00 Janeiro 29+00:00 2009","format":false,"excerpt":"Hoje, os alunos do 11.\u00ba ano realizaram o teste intem\u00e9dio de Matem\u00e1tica. Esperamos que tenha corrido bem e que o pr\u00f3ximo corra ainda melhor!","rel":"","context":"In &quot;Aconteceu...&quot;","block_context":{"text":"Aconteceu...","link":"https:\/\/blogs.ess-edu.pt\/ap12a2008\/category\/aconteceu\/"},"img":{"alt_text":"","src":"","width":0,"height":0},"classes":[]},{"id":492,"url":"https:\/\/blogs.ess-edu.pt\/ap12a2008\/2009\/05\/14\/teste-intermedio-de-matematica-de-9%c2%ba-ano\/","url_meta":{"origin":505,"position":3},"title":"Teste interm\u00e9dio de Matem\u00e1tica de 9.\u00ba ano","author":"Helena Sebastiana","date":"14 14+00:00 Maio 14+00:00 2009","format":false,"excerpt":"No dia 11 de Maio, realizou-se o teste interm\u00e9dio de Matem\u00e1tica para o 9.\u00ba ano. Os alunos iniciaram a prova que teve a dura\u00e7\u00e3o de uma hora e trinta minutos. Esperemos que os resultados estejam de acordo com as expectativas iniciais de cada um.","rel":"","context":"In &quot;Aconteceu...&quot;","block_context":{"text":"Aconteceu...","link":"https:\/\/blogs.ess-edu.pt\/ap12a2008\/category\/aconteceu\/"},"img":{"alt_text":"","src":"","width":0,"height":0},"classes":[]},{"id":452,"url":"https:\/\/blogs.ess-edu.pt\/ap12a2008\/2009\/05\/07\/teste-intermedio-de-matematica-11%c2%ba-ano-2\/","url_meta":{"origin":505,"position":4},"title":"Teste interm\u00e9dio de Matem\u00e1tica &#8211; 11.\u00ba ano","author":"Helena Sebastiana","date":"7 07+00:00 Maio 07+00:00 2009","format":false,"excerpt":"Hoje, 7 de Maio, realizou-se o teste interm\u00e9dio de Matem\u00e1tica A para o 11.\u00ba ano. A prova teve a dura\u00e7\u00e3o de uma hora e trinta minutos, com inicio \u00e0s 11:30 horas e finalizada \u00e0 13:00 horas. Esperamos que a prova tenha corrido da melhor maneira a todos os alunos!","rel":"","context":"In &quot;Aconteceu...&quot;","block_context":{"text":"Aconteceu...","link":"https:\/\/blogs.ess-edu.pt\/ap12a2008\/category\/aconteceu\/"},"img":{"alt_text":"","src":"","width":0,"height":0},"classes":[]},{"id":522,"url":"https:\/\/blogs.ess-edu.pt\/ap12a2008\/2009\/05\/26\/teste-intermedio-de-fisica-e-quimica-a-11%c2%ba-ano\/","url_meta":{"origin":505,"position":5},"title":"Teste interm\u00e9dio de F\u00edsica e Qu\u00edmica A \u2013 11.\u00ba Ano","author":"Helena Sebastiana","date":"26 26+00:00 Maio 26+00:00 2009","format":false,"excerpt":"Hoje, dia 26 de Maio, realizou-se o teste interm\u00e9dio de F\u00edsica e Qu\u00edmica A para os alunos do 11.\u00ba ano. A prova teve in\u00edcio \u00e0s 11:30 e terminou \u00e0s 13:00 horas. Esperemos que a prova tenha corrido bem a todos os alunos.","rel":"","context":"In &quot;Aconteceu...&quot;","block_context":{"text":"Aconteceu...","link":"https:\/\/blogs.ess-edu.pt\/ap12a2008\/category\/aconteceu\/"},"img":{"alt_text":"","src":"","width":0,"height":0},"classes":[]}],"_links":{"self":[{"href":"https:\/\/blogs.ess-edu.pt\/ap12a2008\/wp-json\/wp\/v2\/posts\/505","targetHints":{"allow":["GET"]}}],"collection":[{"href":"https:\/\/blogs.ess-edu.pt\/ap12a2008\/wp-json\/wp\/v2\/posts"}],"about":[{"href":"https:\/\/blogs.ess-edu.pt\/ap12a2008\/wp-json\/wp\/v2\/types\/post"}],"author":[{"embeddable":true,"href":"https:\/\/blogs.ess-edu.pt\/ap12a2008\/wp-json\/wp\/v2\/users\/30"}],"replies":[{"embeddable":true,"href":"https:\/\/blogs.ess-edu.pt\/ap12a2008\/wp-json\/wp\/v2\/comments?post=505"}],"version-history":[{"count":0,"href":"https:\/\/blogs.ess-edu.pt\/ap12a2008\/wp-json\/wp\/v2\/posts\/505\/revisions"}],"wp:attachment":[{"href":"https:\/\/blogs.ess-edu.pt\/ap12a2008\/wp-json\/wp\/v2\/media?parent=505"}],"wp:term":[{"taxonomy":"category","embeddable":true,"href":"https:\/\/blogs.ess-edu.pt\/ap12a2008\/wp-json\/wp\/v2\/categories?post=505"},{"taxonomy":"post_tag","embeddable":true,"href":"https:\/\/blogs.ess-edu.pt\/ap12a2008\/wp-json\/wp\/v2\/tags?post=505"}],"curies":[{"name":"wp","href":"https:\/\/api.w.org\/{rel}","templated":true}]}}