{"id":506,"date":"2009-05-21T15:33:41","date_gmt":"2009-05-21T15:33:41","guid":{"rendered":"http:\/\/blogs.ess-edu.pt\/ap12a2008\/?p=506"},"modified":"2024-07-16T15:24:52","modified_gmt":"2024-07-16T15:24:52","slug":"comportamentos-para-evitar-a-gripe-a","status":"publish","type":"post","link":"https:\/\/blogs.ess-edu.pt\/ap12a2008\/2009\/05\/21\/comportamentos-para-evitar-a-gripe-a\/","title":{"rendered":"Comportamentos para evitar a Gripe A"},"content":{"rendered":"<p>Algumas medidas para evitar a gripe:<\/p>\n<p>Quando espirrares ou tossires, tapa a boca e o nariz com um len\u00e7o de papel ou com o bra\u00e7o, mas nunca com a m\u00e3o.<\/p>\n<p>Depois de espirrares ou tossires, lava as m\u00e3os com \u00e1gua e sab\u00e3o.<\/p>\n<p>N\u00e3o te esque\u00e7as que os h\u00e1bitos saud\u00e1veis ajudam a preservar a sa\u00fade.<\/p>\n","protected":false},"excerpt":{"rendered":"<p>Algumas medidas para evitar a gripe:<\/p>\n<p>Quando espirrares ou tossires, tapa a boca e o nariz com um len\u00e7o de papel ou com o bra\u00e7o, mas nunca com a m\u00e3o.<\/p>\n<p>Depois de espirrares ou tossires, lava as m\u00e3os com \u00e1gua e sab\u00e3o.<\/p>\n<p>N\u00e3o te esque\u00e7as que os h\u00e1bitos saud\u00e1veis ajudam a preservar a sa\u00fade.<\/p>\n","protected":false},"author":30,"featured_media":0,"comment_status":"open","ping_status":"open","sticky":false,"template":"","format":"standard","meta":{"jetpack_post_was_ever_published":false,"_jetpack_newsletter_access":"","_jetpack_dont_email_post_to_subs":false,"_jetpack_newsletter_tier_id":0,"_jetpack_memberships_contains_paywalled_content":false,"_jetpack_memberships_contains_paid_content":false,"footnotes":""},"categories":[1],"tags":[],"class_list":["post-506","post","type-post","status-publish","format-standard","hentry","category-sem-categoria","odd"],"jetpack_featured_media_url":"","jetpack_sharing_enabled":true,"jetpack_shortlink":"https:\/\/wp.me\/paunJ5-8a","jetpack-related-posts":[{"id":225,"url":"https:\/\/blogs.ess-edu.pt\/ap12a2008\/2009\/01\/13\/em-caso-de-acidente-ou-catastrofe-natural\/","url_meta":{"origin":506,"position":0},"title":"Em caso de acidente ou cat\u00e1strofe natural&#8230;","author":"Helena Sebastiana","date":"13 13+00:00 Janeiro 13+00:00 2009","format":false,"excerpt":"Em caso de acidente ou cat\u00e1strofe natural, o que dever\u00e1 ser feito na sala de aula? O Professor dever\u00e1: Organizar os alunos por fila e orientar a sa\u00edda da sala de aula; Seguir sempre na cauda da fila; Evitar que o grupo se desmembre; Evitar o p\u00e2nico. O Delegado dever\u00e1:\u2026","rel":"","context":"In &quot;Curiosidades&quot;","block_context":{"text":"Curiosidades","link":"https:\/\/blogs.ess-edu.pt\/ap12a2008\/category\/curiosidades\/"},"img":{"alt_text":"","src":"","width":0,"height":0},"classes":[]},{"id":280,"url":"https:\/\/blogs.ess-edu.pt\/ap12a2008\/2009\/02\/05\/academia-militar\/","url_meta":{"origin":506,"position":1},"title":"Academia Militar","author":"Helena Sebastiana","date":"5 05+00:00 Fevereiro 05+00:00 2009","format":false,"excerpt":"A Academia Militar \u00e9 um estabelecimento de ensino superior p\u00fablico universit\u00e1rio militar que desenvolve actividades de ensino, de investiga\u00e7\u00e3o e de apoio \u00e0 comunidade, com finalidade essencial de formar Oficiais destinados aos quadros permanentes das Armas e Servi\u00e7os do Ex\u00e9rcito e da Guarda Nacional Republicana. Existem dentro desta Academia v\u00e1rios\u2026","rel":"","context":"In &quot;E agora?...&quot;","block_context":{"text":"E agora?...","link":"https:\/\/blogs.ess-edu.pt\/ap12a2008\/category\/e-agora\/"},"img":{"alt_text":"","src":"","width":0,"height":0},"classes":[]},{"id":266,"url":"https:\/\/blogs.ess-edu.pt\/ap12a2008\/2009\/01\/27\/cursofisioterapia\/","url_meta":{"origin":506,"position":2},"title":"Curso: Fisioterapia","author":"Helena Sebastiana","date":"27 27+00:00 Janeiro 27+00:00 2009","format":false,"excerpt":"Centra-se na an\u00e1lise e avalia\u00e7\u00e3o do movimento e da postura, tendo como base a estrutura e fun\u00e7\u00e3o do corpo. Lan\u00e7a m\u00e3o a modalidades educativas e terap\u00eauticas espec\u00edficas, com base, essencialmente, no movimento, nas terapias manipulativas e em meios f\u00edsicos e naturais. Tem como finalidade a promo\u00e7\u00e3o da sa\u00fade e preven\u00e7\u00e3o\u2026","rel":"","context":"In &quot;E agora?...&quot;","block_context":{"text":"E agora?...","link":"https:\/\/blogs.ess-edu.pt\/ap12a2008\/category\/e-agora\/"},"img":{"alt_text":"","src":"","width":0,"height":0},"classes":[]},{"id":293,"url":"https:\/\/blogs.ess-edu.pt\/ap12a2008\/2009\/02\/12\/curso-administracao-e-marketing\/","url_meta":{"origin":506,"position":3},"title":"Curso: Administra\u00e7\u00e3o e Marketing","author":"Helena Sebastiana","date":"12 12+00:00 Fevereiro 12+00:00 2009","format":false,"excerpt":"A licenciatura em Administra\u00e7\u00e3o e Marketing visa a forma\u00e7\u00e3o de recursos humanos altamente qualificados, direccionados para o desempenho de actividades t\u00e9cnicas e de coordena\u00e7\u00e3o nas \u00e1reas funcionais de gest\u00e3o e marketing. Pretende-se transmitir e aplicar directamente os conhecimentos na \u00e1rea de forma\u00e7\u00e3o em actividades de car\u00e1cter profissional, bem como empreender\u2026","rel":"","context":"In &quot;E agora?...&quot;","block_context":{"text":"E agora?...","link":"https:\/\/blogs.ess-edu.pt\/ap12a2008\/category\/e-agora\/"},"img":{"alt_text":"","src":"","width":0,"height":0},"classes":[]},{"id":524,"url":"https:\/\/blogs.ess-edu.pt\/ap12a2008\/2009\/05\/26\/uma-crianca-especial\/","url_meta":{"origin":506,"position":4},"title":"Uma crian\u00e7a &#8220;especial&#8221;","author":"Helena Sebastiana","date":"26 26+00:00 Maio 26+00:00 2009","format":false,"excerpt":"Este ano lectivo, a nossa escola recebeu uma crian\u00e7a \u201cespecial\u201d. Este pequenote \u00e9 portador do S\u00edndrome de Down. S\u00edndrome de Down ou Trissomia do cromossoma 21 \u00e9 um dist\u00farbio gen\u00e9tico causado pela presen\u00e7a de um cromossoma 21 extra. A s\u00edndrome de Down \u00e9 um evento gen\u00e9tico natural e universal, estando\u2026","rel":"","context":"In &quot;Sem categoria&quot;","block_context":{"text":"Sem categoria","link":"https:\/\/blogs.ess-edu.pt\/ap12a2008\/category\/sem-categoria\/"},"img":{"alt_text":"","src":"","width":0,"height":0},"classes":[]},{"id":550,"url":"https:\/\/blogs.ess-edu.pt\/ap12a2008\/2009\/06\/02\/a-minha-passagem-pela-escola-20062009-4\/","url_meta":{"origin":506,"position":5},"title":"A minha passagem pela escola &#8211; 2006\/2009","author":"Helena Sebastiana","date":"2 02+00:00 Junho 02+00:00 2009","format":false,"excerpt":"Efectivamente, a S\u00e9 n\u00e3o era a minha escola de elei\u00e7\u00e3o para seguir o Ensino Secund\u00e1rio. A minha escolha, desde in\u00edcio, foi a escola Latino Coelho. A mudan\u00e7a de escola, em 2006, foi um processo muito dif\u00edcil de ultrapassar. A ida para uma escola que n\u00e3o fora a minha escolhida, tornou-se\u2026","rel":"","context":"In &quot;A minha passagem pela escola&quot;","block_context":{"text":"A minha passagem pela escola","link":"https:\/\/blogs.ess-edu.pt\/ap12a2008\/category\/a-minha-passagem-pela-escola\/"},"img":{"alt_text":"","src":"","width":0,"height":0},"classes":[]}],"_links":{"self":[{"href":"https:\/\/blogs.ess-edu.pt\/ap12a2008\/wp-json\/wp\/v2\/posts\/506","targetHints":{"allow":["GET"]}}],"collection":[{"href":"https:\/\/blogs.ess-edu.pt\/ap12a2008\/wp-json\/wp\/v2\/posts"}],"about":[{"href":"https:\/\/blogs.ess-edu.pt\/ap12a2008\/wp-json\/wp\/v2\/types\/post"}],"author":[{"embeddable":true,"href":"https:\/\/blogs.ess-edu.pt\/ap12a2008\/wp-json\/wp\/v2\/users\/30"}],"replies":[{"embeddable":true,"href":"https:\/\/blogs.ess-edu.pt\/ap12a2008\/wp-json\/wp\/v2\/comments?post=506"}],"version-history":[{"count":0,"href":"https:\/\/blogs.ess-edu.pt\/ap12a2008\/wp-json\/wp\/v2\/posts\/506\/revisions"}],"wp:attachment":[{"href":"https:\/\/blogs.ess-edu.pt\/ap12a2008\/wp-json\/wp\/v2\/media?parent=506"}],"wp:term":[{"taxonomy":"category","embeddable":true,"href":"https:\/\/blogs.ess-edu.pt\/ap12a2008\/wp-json\/wp\/v2\/categories?post=506"},{"taxonomy":"post_tag","embeddable":true,"href":"https:\/\/blogs.ess-edu.pt\/ap12a2008\/wp-json\/wp\/v2\/tags?post=506"}],"curies":[{"name":"wp","href":"https:\/\/api.w.org\/{rel}","templated":true}]}}