{"id":512,"date":"2009-05-21T15:57:44","date_gmt":"2009-05-21T15:57:44","guid":{"rendered":"http:\/\/blogs.ess-edu.pt\/ap12a2008\/?p=512"},"modified":"2024-07-16T15:40:04","modified_gmt":"2024-07-16T15:40:04","slug":"junta-te-a-esta-causa","status":"publish","type":"post","link":"https:\/\/blogs.ess-edu.pt\/ap12a2008\/2009\/05\/21\/junta-te-a-esta-causa\/","title":{"rendered":"Junta-te a esta causa!"},"content":{"rendered":"<p>No dia 27 de Maio, pelas 18:30 horas, ser\u00e1 inaugurada a exposi\u00e7\u00e3o \u201cAt\u00e9 a guerra tem limites\u201d no teatro Ribeiro Concei\u00e7\u00e3o, em Lamego, organizado pela Delega\u00e7\u00e3o de Lamego da Cruz Vermelha.<\/p>\n<p>A Cruz Vermelha convida todos os alunos a participar, a tornar-se volunt\u00e1rios, a partilhar e a mudar a realidade. Para tal, devem informar-se em:<\/p>\n<p><a href=\"mailto:Voluntariado@cruzvermelha.org.pt\">voluntariado@cruzvermelha.org.pt<\/a><\/p>\n<p><a href=\"mailto:dlamego@cruzvermelha.org.pt\">dlamego@cruzvermelha.org.pt<\/a><\/p>\n<p>Delega\u00e7\u00e3o de Lamego \u2013 Rua Carlos Guedes, 5 R\/C Bairro de Alvora\u00e7\u00e3es &#8211; 5100\/078 Lamego<\/p>\n<p>Tel. 254615158<\/p>\n","protected":false},"excerpt":{"rendered":"<p>No dia 27 de Maio, pelas 18:30 horas, ser\u00e1 inaugurada a exposi\u00e7\u00e3o \u201cAt\u00e9 a guerra tem limites\u201d no teatro Ribeiro Concei\u00e7\u00e3o, em Lamego, organizado pela Delega\u00e7\u00e3o de Lamego da Cruz Vermelha.<\/p>\n<p>A Cruz Vermelha convida todos os alunos a participar, a tornar-se volunt\u00e1rios, a partilhar e a mudar a realidade. Para tal, devem informar-se em:<\/p>\n<p> [&#8230;]<\/p>\n","protected":false},"author":30,"featured_media":0,"comment_status":"open","ping_status":"open","sticky":false,"template":"","format":"standard","meta":{"jetpack_post_was_ever_published":false,"_jetpack_newsletter_access":"","_jetpack_dont_email_post_to_subs":false,"_jetpack_newsletter_tier_id":0,"_jetpack_memberships_contains_paywalled_content":false,"_jetpack_memberships_contains_paid_content":false,"footnotes":""},"categories":[76],"tags":[],"class_list":["post-512","post","type-post","status-publish","format-standard","hentry","category-eventos","odd"],"jetpack_featured_media_url":"","jetpack_sharing_enabled":true,"jetpack_shortlink":"https:\/\/wp.me\/paunJ5-8g","jetpack-related-posts":[{"id":288,"url":"https:\/\/blogs.ess-edu.pt\/ap12a2008\/2009\/02\/12\/classificacao-final-do-torneio-de-tenis-de-mesa\/","url_meta":{"origin":512,"position":0},"title":"Classifica\u00e7\u00e3o Final do Torneio de T\u00e9nis de Mesa","author":"Helena Sebastiana","date":"12 12+00:00 Fevereiro 12+00:00 2009","format":false,"excerpt":"Na passada quinta-feira, dia 5 de Fevereiro, realizou-se, como notici\u00e1mos,\u00a0um torneio de T\u00e9nis de Mesa. A Escola B\u00e1sica 2,3 de Lamego apresentou-se com duas equipas: A e B. 1\u00ba Jogo E.B. 2,3 de Lamego (A) E.B. 2,3 de Lamego (B) Resultados 4 0 2\u00ba Jogo E.B. 2,3 de Lamego (A)\u2026","rel":"","context":"In &quot;Torneios&quot;","block_context":{"text":"Torneios","link":"https:\/\/blogs.ess-edu.pt\/ap12a2008\/category\/torneios\/"},"img":{"alt_text":"","src":"","width":0,"height":0},"classes":[]},{"id":318,"url":"https:\/\/blogs.ess-edu.pt\/ap12a2008\/2009\/03\/24\/compal-air\/","url_meta":{"origin":512,"position":1},"title":"&#8220;Compal Air&#8221;","author":"Helena Sebastiana","date":"24 24+00:00 Mar\u00e7o 24+00:00 2009","format":false,"excerpt":"Hoje, dia 24 de Mar\u00e7o de 2009, realizou-se na nossa escola um torneio de basquetebol \u201c Compal Air\u201d. Os jogos tiveram lugar no pavilh\u00e3o da escola e participaram as seguintes escolas: EB 2,3 de Cinf\u00e3es EB 2,3 de Lamego ES \/3 de Resende ES \/3 Latino Coelho Col\u00e9gio da Imaculada\u2026","rel":"","context":"In &quot;Torneios&quot;","block_context":{"text":"Torneios","link":"https:\/\/blogs.ess-edu.pt\/ap12a2008\/category\/torneios\/"},"img":{"alt_text":"","src":"","width":0,"height":0},"classes":[]},{"id":445,"url":"https:\/\/blogs.ess-edu.pt\/ap12a2008\/2009\/05\/05\/semana-academica-em-lamego-maio-2009\/","url_meta":{"origin":512,"position":2},"title":"Semana Acad\u00e9mica  em Lamego &#8211; Maio 2009","author":"Helena Sebastiana","date":"5 05+00:00 Maio 05+00:00 2009","format":false,"excerpt":"Come\u00e7a, amanh\u00e3, quarta-feira, dia 6 de Maio, mais uma semana acad\u00e9mica em Lamego e terminar\u00e1 segunda-feira, dia 11 de Maio. Est\u00e3o \u00e0 venda na Associa\u00e7\u00e3o de Estudantes da nossa escola pulseiras que d\u00e3o acesso ao recinto todos os dias, pelo valor de 16 \u20ac ou 20 \u20ac. Esta \u00faltima pulseira\u2026","rel":"","context":"In &quot;Eventos&quot;","block_context":{"text":"Eventos","link":"https:\/\/blogs.ess-edu.pt\/ap12a2008\/category\/eventos\/"},"img":{"alt_text":"","src":"","width":0,"height":0},"classes":[]},{"id":400,"url":"https:\/\/blogs.ess-edu.pt\/ap12a2008\/2009\/04\/30\/a-minha-viagem-de-finalistas-by-daniela\/","url_meta":{"origin":512,"position":3},"title":"A minha viagem de Finalistas &#8211; By Daniela","author":"Helena Sebastiana","date":"30 30+00:00 Abril 30+00:00 2009","format":false,"excerpt":"Foi no dia 27 de Mar\u00e7o que se iniciou uma viagem muito esperada por mim! Tinha chegado o dia da viagem de finalistas! Quando cheguei a Lloret de Mar era tudo espectacular. Fiquei sem palavras! Lloret estava cheia de pessoas, muita anima\u00e7\u00e3o, muita m\u00fasica e muita cor. Nem a chuva,\u2026","rel":"","context":"In &quot;Finalistas&quot;","block_context":{"text":"Finalistas","link":"https:\/\/blogs.ess-edu.pt\/ap12a2008\/category\/finalistas\/"},"img":{"alt_text":"img_3817","src":"https:\/\/i0.wp.com\/blogs.ess-edu.pt\/ap12a2008\/files\/2009\/04\/img_3817-224x300.jpg?resize=350%2C200&ssl=1","width":350,"height":200},"classes":[]},{"id":515,"url":"https:\/\/blogs.ess-edu.pt\/ap12a2008\/2009\/05\/22\/palestra-uma-velha-maneira-de-abanar-as-consciencias\/","url_meta":{"origin":512,"position":4},"title":"Palestra: &#8221; Uma velha maneira de abanar as consci\u00eancias&#8221;","author":"Helena Sebastiana","date":"22 22+00:00 Maio 22+00:00 2009","format":false,"excerpt":"No pr\u00f3ximo dia 5 de Junho ir\u00e1 realizar-se uma palestra organizada pelo 12.\u00ba C em parceria com a PSP de Lamego alusiva \u00e0s tem\u00e1ticas da criminalidade, Bullying e droga.","rel":"","context":"In &quot;Eventos&quot;","block_context":{"text":"Eventos","link":"https:\/\/blogs.ess-edu.pt\/ap12a2008\/category\/eventos\/"},"img":{"alt_text":"apresentacao1","src":"https:\/\/i0.wp.com\/blogs.ess-edu.pt\/ap12a2008\/files\/2009\/05\/apresentacao1-300x225.jpg?resize=350%2C200&ssl=1","width":350,"height":200},"classes":[]},{"id":437,"url":"https:\/\/blogs.ess-edu.pt\/ap12a2008\/2009\/05\/05\/accao-de-formacao-primeiros-socorros\/","url_meta":{"origin":512,"position":5},"title":"Ac\u00e7\u00e3o de Forma\u00e7\u00e3o &#8211; Primeiros Socorros","author":"Helena Sebastiana","date":"5 05+00:00 Maio 05+00:00 2009","format":false,"excerpt":"No dia 15 de Abril, come\u00e7ou a ac\u00e7\u00e3o de forma\u00e7\u00e3o de primeiros socorros, dirigida aos funcion\u00e1rios que decorrer\u00e1 at\u00e9 Setembro. Este \u201ccurso\u201d realiza-se todas as segundas-feiras e quartas-feiras na nossa escola, das 17h30 \u00e0s 21h30 e das 16h30 \u00e0s 20h30, respectivamente. O objectivo desta ac\u00e7\u00e3o \u00e9 fazer com que os\u2026","rel":"","context":"In &quot;Eventos&quot;","block_context":{"text":"Eventos","link":"https:\/\/blogs.ess-edu.pt\/ap12a2008\/category\/eventos\/"},"img":{"alt_text":"","src":"","width":0,"height":0},"classes":[]}],"_links":{"self":[{"href":"https:\/\/blogs.ess-edu.pt\/ap12a2008\/wp-json\/wp\/v2\/posts\/512","targetHints":{"allow":["GET"]}}],"collection":[{"href":"https:\/\/blogs.ess-edu.pt\/ap12a2008\/wp-json\/wp\/v2\/posts"}],"about":[{"href":"https:\/\/blogs.ess-edu.pt\/ap12a2008\/wp-json\/wp\/v2\/types\/post"}],"author":[{"embeddable":true,"href":"https:\/\/blogs.ess-edu.pt\/ap12a2008\/wp-json\/wp\/v2\/users\/30"}],"replies":[{"embeddable":true,"href":"https:\/\/blogs.ess-edu.pt\/ap12a2008\/wp-json\/wp\/v2\/comments?post=512"}],"version-history":[{"count":0,"href":"https:\/\/blogs.ess-edu.pt\/ap12a2008\/wp-json\/wp\/v2\/posts\/512\/revisions"}],"wp:attachment":[{"href":"https:\/\/blogs.ess-edu.pt\/ap12a2008\/wp-json\/wp\/v2\/media?parent=512"}],"wp:term":[{"taxonomy":"category","embeddable":true,"href":"https:\/\/blogs.ess-edu.pt\/ap12a2008\/wp-json\/wp\/v2\/categories?post=512"},{"taxonomy":"post_tag","embeddable":true,"href":"https:\/\/blogs.ess-edu.pt\/ap12a2008\/wp-json\/wp\/v2\/tags?post=512"}],"curies":[{"name":"wp","href":"https:\/\/api.w.org\/{rel}","templated":true}]}}