{"id":550,"date":"2009-06-02T14:24:06","date_gmt":"2009-06-02T14:24:06","guid":{"rendered":"http:\/\/blogs.ess-edu.pt\/ap12a2008\/?p=550"},"modified":"2024-07-16T17:01:53","modified_gmt":"2024-07-16T17:01:53","slug":"a-minha-passagem-pela-escola-20062009-4","status":"publish","type":"post","link":"https:\/\/blogs.ess-edu.pt\/ap12a2008\/2009\/06\/02\/a-minha-passagem-pela-escola-20062009-4\/","title":{"rendered":"A minha passagem pela escola &#8211; 2006\/2009"},"content":{"rendered":"<p>Efectivamente, a S\u00e9 n\u00e3o era a minha escola de elei\u00e7\u00e3o para seguir o Ensino Secund\u00e1rio. A minha escolha, desde in\u00edcio, foi a escola Latino Coelho.<\/p>\n<p>A mudan\u00e7a de escola, em 2006, foi um processo muito dif\u00edcil de ultrapassar. A ida para uma escola que n\u00e3o fora a minha escolhida, tornou-se um drama. A vontade de trabalhar era pouca. E os resultados estavam \u00e0 prova. Mas foi no fim do segundo per\u00edodo que tive consci\u00eancia que a minha atitude n\u00e3o estava a ser a mais correcta. No fundo, esta era uma escola fant\u00e1stica. O apoio dos novos colegas, dos professores e tamb\u00e9m dos funcion\u00e1rios foi excepcional.<\/p>\n<p>Praticamente todos nos conhecemos e poucas ou mesmo nenhumas s\u00e3o as rivalidades que nos separam.<\/p>\n<p>Todos os professores estavam prontos a ajudar fossem ou n\u00e3o nossos professores, estavam sempre prontos a ajudar-nos.<\/p>\n<p>Na verdade, vejo a escola como uma grande fam\u00edlia, pronta a ajudar e a facultar todos os apoios poss\u00edveis.<\/p>\n<p>Ao longo destes tr\u00eas anos, n\u00e3o foram apenas as experi\u00eancias escolares que se tornaram importantes, as amizades tamb\u00e9m se tornaram inesquec\u00edveis.<\/p>\n<p>Adoro os meus colegas de turma. Foram e sempre ser\u00e3o pessoas especiais!<\/p>\n<p><em>Carolina Pimentel, 12.\u00ba A <\/em><\/p>\n","protected":false},"excerpt":{"rendered":"<p>Efectivamente, a S\u00e9 n\u00e3o era a minha escola de elei\u00e7\u00e3o para seguir o Ensino Secund\u00e1rio. A minha escolha, desde in\u00edcio, foi a escola Latino Coelho.<\/p>\n<p>A mudan\u00e7a de escola, em 2006, foi um processo muito dif\u00edcil de ultrapassar. A ida para uma escola que n\u00e3o fora a minha escolhida, tornou-se um drama. A vontade de [&#8230;]<\/p>\n","protected":false},"author":30,"featured_media":0,"comment_status":"open","ping_status":"open","sticky":false,"template":"","format":"standard","meta":{"jetpack_post_was_ever_published":false,"_jetpack_newsletter_access":"","_jetpack_dont_email_post_to_subs":false,"_jetpack_newsletter_tier_id":0,"_jetpack_memberships_contains_paywalled_content":false,"_jetpack_memberships_contains_paid_content":false,"footnotes":""},"categories":[72],"tags":[],"class_list":["post-550","post","type-post","status-publish","format-standard","hentry","category-a-minha-passagem-pela-escola","odd"],"jetpack_featured_media_url":"","jetpack_sharing_enabled":true,"jetpack_shortlink":"https:\/\/wp.me\/paunJ5-8S","jetpack-related-posts":[{"id":546,"url":"https:\/\/blogs.ess-edu.pt\/ap12a2008\/2009\/06\/02\/a-minha-passagem-pela-escola-20062009-2\/","url_meta":{"origin":550,"position":0},"title":"A minha passagem pela escola &#8211; 2006\/2009","author":"Helena Sebastiana","date":"2 02+00:00 Junho 02+00:00 2009","format":false,"excerpt":"J\u00e1 passaram tr\u00eas anos! Parece que foi ontem que pisei, pela primeira vez, os paralelos irregulares desta escola, que conheci cada recanto e que descobri este novo mundo, a Escola Secund\u00e1ria\/2,3 da S\u00e9. O tempo passou\u2026 com ele passaram amigos, professores, funcion\u00e1rios, aulas, mat\u00e9rias. Foram vividos momentos inesquec\u00edveis que, jamais\u2026","rel":"","context":"In &quot;A minha passagem pela escola&quot;","block_context":{"text":"A minha passagem pela escola","link":"https:\/\/blogs.ess-edu.pt\/ap12a2008\/category\/a-minha-passagem-pela-escola\/"},"img":{"alt_text":"","src":"","width":0,"height":0},"classes":[]},{"id":551,"url":"https:\/\/blogs.ess-edu.pt\/ap12a2008\/2009\/06\/02\/a-minha-passagem-pela-escola-20062009-5\/","url_meta":{"origin":550,"position":1},"title":"A minha passagem pela escola &#8211; 2006\/2009","author":"Helena Sebastiana","date":"2 02+00:00 Junho 02+00:00 2009","format":false,"excerpt":"Vim para esta escola no ano lectivo 2006\/2007. Quando fiz a transfer\u00eancia, esta escola n\u00e3o foi a minha primeira escolha e, sinceramente, quando soube que fiquei na S\u00e9, fiquei desiludida, porque n\u00e3o me falavam bem dela. Mas, passado pouco tempo, constatei que era uma escola espectacular, desde o ambiente, ao\u2026","rel":"","context":"In &quot;A minha passagem pela escola&quot;","block_context":{"text":"A minha passagem pela escola","link":"https:\/\/blogs.ess-edu.pt\/ap12a2008\/category\/a-minha-passagem-pela-escola\/"},"img":{"alt_text":"","src":"","width":0,"height":0},"classes":[]},{"id":552,"url":"https:\/\/blogs.ess-edu.pt\/ap12a2008\/2009\/06\/02\/a-minha-passagem-pela-escola-20032009-10\/","url_meta":{"origin":550,"position":2},"title":"A minha passagem pela escola &#8211; 2003\/2009","author":"Helena Sebastiana","date":"2 02+00:00 Junho 02+00:00 2009","format":false,"excerpt":"J\u00e1 se passaram seis anos desde que vim para esta escola, por isso, para al\u00e9m de fazer parte da minha rotina, j\u00e1 faz parte da minha fam\u00edlia. Aqui conheci pessoas que se tornaram deveras importantes. Colegas, amigos, professores e funcion\u00e1rios que n\u00e3o esquecerei. Os professores que me acompanharam e ajudaram\u2026","rel":"","context":"In &quot;A minha passagem pela escola&quot;","block_context":{"text":"A minha passagem pela escola","link":"https:\/\/blogs.ess-edu.pt\/ap12a2008\/category\/a-minha-passagem-pela-escola\/"},"img":{"alt_text":"","src":"","width":0,"height":0},"classes":[]},{"id":532,"url":"https:\/\/blogs.ess-edu.pt\/ap12a2008\/2009\/05\/28\/a-minha-passagem-pela-escola-20032009-5\/","url_meta":{"origin":550,"position":3},"title":"A minha passagem pela escola &#8211; 2003\/2009","author":"Helena Sebastiana","date":"28 28+00:00 Maio 28+00:00 2009","format":false,"excerpt":"Recordo-me, perfeitamente, do primeiro dia de aulas passado aqui, na escola da S\u00e9. Um pouco nervoso, mas bastante entusiasmado, pensava para mim mesmo: \u201cHuau! Finalmente, na escola da S\u00e9!\u201d Pois \u00e9, j\u00e1 l\u00e1 v\u00e3o 6 anos desde que vim estudar para esta escola. A minha primeira turma foi o 7.\u00ba\u2026","rel":"","context":"In &quot;A minha passagem pela escola&quot;","block_context":{"text":"A minha passagem pela escola","link":"https:\/\/blogs.ess-edu.pt\/ap12a2008\/category\/a-minha-passagem-pela-escola\/"},"img":{"alt_text":"","src":"","width":0,"height":0},"classes":[]},{"id":529,"url":"https:\/\/blogs.ess-edu.pt\/ap12a2008\/2009\/05\/28\/a-minha-passagem-pela-escola-20032009-2\/","url_meta":{"origin":550,"position":4},"title":"A minha passagem pela escola &#8211; 2003\/2009","author":"Helena Sebastiana","date":"28 28+00:00 Maio 28+00:00 2009","format":false,"excerpt":"Este \u00e9 j\u00e1 o meu sexto ano que frequento esta escola e n\u00e3o \u00e9 por ter tido uma m\u00e1 experiencia que desejo que seja o \u00faltimo. A minha passagem por aqui foi uma importante fase da minha vida. Foi aqui que passei grande parte da minha adolesc\u00eancia. Para al\u00e9m da\u2026","rel":"","context":"In &quot;A minha passagem pela escola&quot;","block_context":{"text":"A minha passagem pela escola","link":"https:\/\/blogs.ess-edu.pt\/ap12a2008\/category\/a-minha-passagem-pela-escola\/"},"img":{"alt_text":"","src":"","width":0,"height":0},"classes":[]},{"id":549,"url":"https:\/\/blogs.ess-edu.pt\/ap12a2008\/2009\/06\/02\/a-minha-passagem-pela-escola-20062009-3\/","url_meta":{"origin":550,"position":5},"title":"A minha passagem pela escola &#8211; 2006\/2009","author":"Helena Sebastiana","date":"2 02+00:00 Junho 02+00:00 2009","format":false,"excerpt":"Tr\u00eas anos\u2026 Faltam apenas uns dias para o final das aulas. J\u00e1 recordo esta escola com muita saudade. O primeiro dia em que pisei esta escola foi um desastre! N\u00e3o sabia onde ficava a sala onde iria conhecer a minha turma e acabei na turma errada. Era suposto ir para\u2026","rel":"","context":"In &quot;A minha passagem pela escola&quot;","block_context":{"text":"A minha passagem pela escola","link":"https:\/\/blogs.ess-edu.pt\/ap12a2008\/category\/a-minha-passagem-pela-escola\/"},"img":{"alt_text":"","src":"","width":0,"height":0},"classes":[]}],"_links":{"self":[{"href":"https:\/\/blogs.ess-edu.pt\/ap12a2008\/wp-json\/wp\/v2\/posts\/550","targetHints":{"allow":["GET"]}}],"collection":[{"href":"https:\/\/blogs.ess-edu.pt\/ap12a2008\/wp-json\/wp\/v2\/posts"}],"about":[{"href":"https:\/\/blogs.ess-edu.pt\/ap12a2008\/wp-json\/wp\/v2\/types\/post"}],"author":[{"embeddable":true,"href":"https:\/\/blogs.ess-edu.pt\/ap12a2008\/wp-json\/wp\/v2\/users\/30"}],"replies":[{"embeddable":true,"href":"https:\/\/blogs.ess-edu.pt\/ap12a2008\/wp-json\/wp\/v2\/comments?post=550"}],"version-history":[{"count":0,"href":"https:\/\/blogs.ess-edu.pt\/ap12a2008\/wp-json\/wp\/v2\/posts\/550\/revisions"}],"wp:attachment":[{"href":"https:\/\/blogs.ess-edu.pt\/ap12a2008\/wp-json\/wp\/v2\/media?parent=550"}],"wp:term":[{"taxonomy":"category","embeddable":true,"href":"https:\/\/blogs.ess-edu.pt\/ap12a2008\/wp-json\/wp\/v2\/categories?post=550"},{"taxonomy":"post_tag","embeddable":true,"href":"https:\/\/blogs.ess-edu.pt\/ap12a2008\/wp-json\/wp\/v2\/tags?post=550"}],"curies":[{"name":"wp","href":"https:\/\/api.w.org\/{rel}","templated":true}]}}