{"id":551,"date":"2009-06-02T14:26:19","date_gmt":"2009-06-02T14:26:19","guid":{"rendered":"http:\/\/blogs.ess-edu.pt\/ap12a2008\/?p=551"},"modified":"2024-07-16T17:03:12","modified_gmt":"2024-07-16T17:03:12","slug":"a-minha-passagem-pela-escola-20062009-5","status":"publish","type":"post","link":"https:\/\/blogs.ess-edu.pt\/ap12a2008\/2009\/06\/02\/a-minha-passagem-pela-escola-20062009-5\/","title":{"rendered":"A minha passagem pela escola &#8211; 2006\/2009"},"content":{"rendered":"<p>Vim para esta escola no ano lectivo 2006\/2007.<\/p>\n<p>Quando fiz a transfer\u00eancia, esta escola n\u00e3o foi a minha primeira escolha e, sinceramente, quando soube que fiquei na S\u00e9, fiquei desiludida, porque n\u00e3o me falavam bem dela.<\/p>\n<p>Mas, passado pouco tempo, constatei que era uma escola espectacular, desde o ambiente, ao ensino, aos funcion\u00e1rios at\u00e9 \u00e0s condi\u00e7\u00f5es. Totalmente diferente do que estava habituada, de facto, era bem melhor que a minha antiga escola.<\/p>\n<p>Consegui integrar-me muito bem, nunca tive qualquer tipo de problema na escola.<\/p>\n<p>Apesar de s\u00f3 estar aqui desde o 10.\u00ba ano, j\u00e1 fiz amizades para toda a vida, cresci muito a n\u00edvel intelectual, tornei-me uma pessoa diferente, para melhor.<\/p>\n<p>Embora a turma n\u00e3o seja igual \u00e0 inicial, pois sa\u00edram colegas e entraram novas pessoas, sempre foi uma turma excelente. Todos os professores gostavam e sempre foi bem vista pela escola.<\/p>\n<p>Foram experi\u00eancias \u00fanicas, as vividas com a turma A. Momentos que nunca ser\u00e3o esquecidos. As viagens de estudo, as aulas, os intervalos. A turma estava sempre unida!<\/p>\n<p>Foram tr\u00eas anos, sem d\u00favida, muito bem passados! Obrigada a toda a \u201cescola\u201d por tudo que c\u00e1 vivi.<\/p>\n<p><em>C\u00e1tia Cardoso, 12.\u00ba A<\/em><\/p>\n","protected":false},"excerpt":{"rendered":"<p>Vim para esta escola no ano lectivo 2006\/2007.<\/p>\n<p>Quando fiz a transfer\u00eancia, esta escola n\u00e3o foi a minha primeira escolha e, sinceramente, quando soube que fiquei na S\u00e9, fiquei desiludida, porque n\u00e3o me falavam bem dela.<\/p>\n<p>Mas, passado pouco tempo, constatei que era uma escola espectacular, desde o ambiente, ao ensino, aos funcion\u00e1rios at\u00e9 \u00e0s [&#8230;]<\/p>\n","protected":false},"author":30,"featured_media":0,"comment_status":"open","ping_status":"open","sticky":false,"template":"","format":"standard","meta":{"jetpack_post_was_ever_published":false,"_jetpack_newsletter_access":"","_jetpack_dont_email_post_to_subs":false,"_jetpack_newsletter_tier_id":0,"_jetpack_memberships_contains_paywalled_content":false,"_jetpack_memberships_contains_paid_content":false,"footnotes":""},"categories":[72],"tags":[],"class_list":["post-551","post","type-post","status-publish","format-standard","hentry","category-a-minha-passagem-pela-escola","odd"],"jetpack_featured_media_url":"","jetpack_sharing_enabled":true,"jetpack_shortlink":"https:\/\/wp.me\/paunJ5-8T","jetpack-related-posts":[{"id":543,"url":"https:\/\/blogs.ess-edu.pt\/ap12a2008\/2009\/06\/02\/a-minha-passagem-pela-escola-20032009-8\/","url_meta":{"origin":551,"position":0},"title":"A minha passagem pela escola &#8211; 2003\/2009","author":"Helena Sebastiana","date":"2 02+00:00 Junho 02+00:00 2009","format":false,"excerpt":"Andava eu na Escola Prim\u00e1ria n.\u00ba 2 de Lamego e j\u00e1 tinha o desejo de vir estudar para a Escola Secund\u00e1ria\/2,3 da S\u00e9. O recreio da minha escola prim\u00e1ria ficava ao lado do recreio desta escola e eu, durante muitos intervalos, espreitei os alunos mais velhos e mais crescidos. Tendo\u2026","rel":"","context":"In &quot;A minha passagem pela escola&quot;","block_context":{"text":"A minha passagem pela escola","link":"https:\/\/blogs.ess-edu.pt\/ap12a2008\/category\/a-minha-passagem-pela-escola\/"},"img":{"alt_text":"","src":"","width":0,"height":0},"classes":[]},{"id":549,"url":"https:\/\/blogs.ess-edu.pt\/ap12a2008\/2009\/06\/02\/a-minha-passagem-pela-escola-20062009-3\/","url_meta":{"origin":551,"position":1},"title":"A minha passagem pela escola &#8211; 2006\/2009","author":"Helena Sebastiana","date":"2 02+00:00 Junho 02+00:00 2009","format":false,"excerpt":"Tr\u00eas anos\u2026 Faltam apenas uns dias para o final das aulas. J\u00e1 recordo esta escola com muita saudade. O primeiro dia em que pisei esta escola foi um desastre! N\u00e3o sabia onde ficava a sala onde iria conhecer a minha turma e acabei na turma errada. Era suposto ir para\u2026","rel":"","context":"In &quot;A minha passagem pela escola&quot;","block_context":{"text":"A minha passagem pela escola","link":"https:\/\/blogs.ess-edu.pt\/ap12a2008\/category\/a-minha-passagem-pela-escola\/"},"img":{"alt_text":"","src":"","width":0,"height":0},"classes":[]},{"id":532,"url":"https:\/\/blogs.ess-edu.pt\/ap12a2008\/2009\/05\/28\/a-minha-passagem-pela-escola-20032009-5\/","url_meta":{"origin":551,"position":2},"title":"A minha passagem pela escola &#8211; 2003\/2009","author":"Helena Sebastiana","date":"28 28+00:00 Maio 28+00:00 2009","format":false,"excerpt":"Recordo-me, perfeitamente, do primeiro dia de aulas passado aqui, na escola da S\u00e9. Um pouco nervoso, mas bastante entusiasmado, pensava para mim mesmo: \u201cHuau! Finalmente, na escola da S\u00e9!\u201d Pois \u00e9, j\u00e1 l\u00e1 v\u00e3o 6 anos desde que vim estudar para esta escola. A minha primeira turma foi o 7.\u00ba\u2026","rel":"","context":"In &quot;A minha passagem pela escola&quot;","block_context":{"text":"A minha passagem pela escola","link":"https:\/\/blogs.ess-edu.pt\/ap12a2008\/category\/a-minha-passagem-pela-escola\/"},"img":{"alt_text":"","src":"","width":0,"height":0},"classes":[]},{"id":550,"url":"https:\/\/blogs.ess-edu.pt\/ap12a2008\/2009\/06\/02\/a-minha-passagem-pela-escola-20062009-4\/","url_meta":{"origin":551,"position":3},"title":"A minha passagem pela escola &#8211; 2006\/2009","author":"Helena Sebastiana","date":"2 02+00:00 Junho 02+00:00 2009","format":false,"excerpt":"Efectivamente, a S\u00e9 n\u00e3o era a minha escola de elei\u00e7\u00e3o para seguir o Ensino Secund\u00e1rio. A minha escolha, desde in\u00edcio, foi a escola Latino Coelho. A mudan\u00e7a de escola, em 2006, foi um processo muito dif\u00edcil de ultrapassar. A ida para uma escola que n\u00e3o fora a minha escolhida, tornou-se\u2026","rel":"","context":"In &quot;A minha passagem pela escola&quot;","block_context":{"text":"A minha passagem pela escola","link":"https:\/\/blogs.ess-edu.pt\/ap12a2008\/category\/a-minha-passagem-pela-escola\/"},"img":{"alt_text":"","src":"","width":0,"height":0},"classes":[]},{"id":548,"url":"https:\/\/blogs.ess-edu.pt\/ap12a2008\/2009\/06\/02\/a-minha-passagem-pela-escola-20032009-9\/","url_meta":{"origin":551,"position":4},"title":"A minha passagem pela escola &#8211; 2003\/2009","author":"Helena Sebastiana","date":"2 02+00:00 Junho 02+00:00 2009","format":false,"excerpt":"Eu entrei para esta escola no meu 7.\u00ba ano. E j\u00e1 l\u00e1 v\u00e3o 6 anos. \u00c9 muito tempo a frequentar a mesma escola. Mas n\u00e3o foi de bom agrado que vim para c\u00e1, pois, inicialmente, era para ir para outra escola. Mas ainda bem que assim foi. Frequento a melhor\u2026","rel":"","context":"In &quot;A minha passagem pela escola&quot;","block_context":{"text":"A minha passagem pela escola","link":"https:\/\/blogs.ess-edu.pt\/ap12a2008\/category\/a-minha-passagem-pela-escola\/"},"img":{"alt_text":"","src":"","width":0,"height":0},"classes":[]},{"id":546,"url":"https:\/\/blogs.ess-edu.pt\/ap12a2008\/2009\/06\/02\/a-minha-passagem-pela-escola-20062009-2\/","url_meta":{"origin":551,"position":5},"title":"A minha passagem pela escola &#8211; 2006\/2009","author":"Helena Sebastiana","date":"2 02+00:00 Junho 02+00:00 2009","format":false,"excerpt":"J\u00e1 passaram tr\u00eas anos! Parece que foi ontem que pisei, pela primeira vez, os paralelos irregulares desta escola, que conheci cada recanto e que descobri este novo mundo, a Escola Secund\u00e1ria\/2,3 da S\u00e9. O tempo passou\u2026 com ele passaram amigos, professores, funcion\u00e1rios, aulas, mat\u00e9rias. Foram vividos momentos inesquec\u00edveis que, jamais\u2026","rel":"","context":"In &quot;A minha passagem pela escola&quot;","block_context":{"text":"A minha passagem pela escola","link":"https:\/\/blogs.ess-edu.pt\/ap12a2008\/category\/a-minha-passagem-pela-escola\/"},"img":{"alt_text":"","src":"","width":0,"height":0},"classes":[]}],"_links":{"self":[{"href":"https:\/\/blogs.ess-edu.pt\/ap12a2008\/wp-json\/wp\/v2\/posts\/551","targetHints":{"allow":["GET"]}}],"collection":[{"href":"https:\/\/blogs.ess-edu.pt\/ap12a2008\/wp-json\/wp\/v2\/posts"}],"about":[{"href":"https:\/\/blogs.ess-edu.pt\/ap12a2008\/wp-json\/wp\/v2\/types\/post"}],"author":[{"embeddable":true,"href":"https:\/\/blogs.ess-edu.pt\/ap12a2008\/wp-json\/wp\/v2\/users\/30"}],"replies":[{"embeddable":true,"href":"https:\/\/blogs.ess-edu.pt\/ap12a2008\/wp-json\/wp\/v2\/comments?post=551"}],"version-history":[{"count":0,"href":"https:\/\/blogs.ess-edu.pt\/ap12a2008\/wp-json\/wp\/v2\/posts\/551\/revisions"}],"wp:attachment":[{"href":"https:\/\/blogs.ess-edu.pt\/ap12a2008\/wp-json\/wp\/v2\/media?parent=551"}],"wp:term":[{"taxonomy":"category","embeddable":true,"href":"https:\/\/blogs.ess-edu.pt\/ap12a2008\/wp-json\/wp\/v2\/categories?post=551"},{"taxonomy":"post_tag","embeddable":true,"href":"https:\/\/blogs.ess-edu.pt\/ap12a2008\/wp-json\/wp\/v2\/tags?post=551"}],"curies":[{"name":"wp","href":"https:\/\/api.w.org\/{rel}","templated":true}]}}