{"id":11,"date":"2008-05-18T21:24:59","date_gmt":"2008-05-18T21:24:59","guid":{"rendered":"http:\/\/blogs.ess-edu.pt\/cpc\/2008\/05\/18\/accoes-de-sensibilizacao-higiene-e-seguranca-no-trabalho\/"},"modified":"2008-05-18T21:24:59","modified_gmt":"2008-05-18T21:24:59","slug":"accoes-de-sensibilizacao-higiene-e-seguranca-no-trabalho","status":"publish","type":"post","link":"https:\/\/blogs.ess-edu.pt\/cpc\/2008\/05\/18\/accoes-de-sensibilizacao-higiene-e-seguranca-no-trabalho\/","title":{"rendered":"Ac\u00e7\u00f5es de Sensibiliza\u00e7\u00e3o &#8220;Higiene e Seguran\u00e7a no Trabalho&#8221;"},"content":{"rendered":"<p>Vai decorrer entre os dias 19 e 26 de Maio, um conjunto de Ac\u00e7\u00f5es de Sensibiliza\u00e7\u00e3o de Higiene e Seguran\u00e7a no Trabalho<\/p>\n<p>O p\u00fablico alvo s\u00e3o os alunos do 9.\u00ba Ano e visam alertar os alunos para a import\u00e2ncia e necessidade de cada um assumir a sua responsabilidade na preven\u00e7\u00e3o de acidentes, seja em meio escolar, seja na realiza\u00e7\u00e3o das actividades da vida di\u00e1ria e no mercado de trabalho.<\/p>\n","protected":false},"excerpt":{"rendered":"<p>Vai decorrer entre os dias 19 e 26 de Maio, um conjunto de Ac\u00e7\u00f5es de Sensibiliza\u00e7\u00e3o de Higiene e Seguran\u00e7a no Trabalho O p\u00fablico alvo s\u00e3o os alunos do 9.\u00ba Ano e visam alertar os alunos para a import\u00e2ncia e necessidade de cada um assumir a sua responsabilidade na preven\u00e7\u00e3o de acidentes, seja em meio [&hellip;]<\/p>\n","protected":false},"author":6,"featured_media":0,"comment_status":"open","ping_status":"open","sticky":false,"template":"","format":"standard","meta":{"jetpack_post_was_ever_published":false,"_jetpack_newsletter_access":"","_jetpack_dont_email_post_to_subs":false,"_jetpack_newsletter_tier_id":0,"_jetpack_memberships_contains_paywalled_content":false,"_jetpack_memberships_contains_paid_content":false,"footnotes":""},"categories":[1],"tags":[],"class_list":["post-11","post","type-post","status-publish","format-standard","hentry","category-sem-categoria"],"jetpack_featured_media_url":"","jetpack_sharing_enabled":true,"jetpack_shortlink":"https:\/\/wp.me\/paunGU-b","jetpack-related-posts":[],"_links":{"self":[{"href":"https:\/\/blogs.ess-edu.pt\/cpc\/wp-json\/wp\/v2\/posts\/11","targetHints":{"allow":["GET"]}}],"collection":[{"href":"https:\/\/blogs.ess-edu.pt\/cpc\/wp-json\/wp\/v2\/posts"}],"about":[{"href":"https:\/\/blogs.ess-edu.pt\/cpc\/wp-json\/wp\/v2\/types\/post"}],"author":[{"embeddable":true,"href":"https:\/\/blogs.ess-edu.pt\/cpc\/wp-json\/wp\/v2\/users\/6"}],"replies":[{"embeddable":true,"href":"https:\/\/blogs.ess-edu.pt\/cpc\/wp-json\/wp\/v2\/comments?post=11"}],"version-history":[{"count":0,"href":"https:\/\/blogs.ess-edu.pt\/cpc\/wp-json\/wp\/v2\/posts\/11\/revisions"}],"wp:attachment":[{"href":"https:\/\/blogs.ess-edu.pt\/cpc\/wp-json\/wp\/v2\/media?parent=11"}],"wp:term":[{"taxonomy":"category","embeddable":true,"href":"https:\/\/blogs.ess-edu.pt\/cpc\/wp-json\/wp\/v2\/categories?post=11"},{"taxonomy":"post_tag","embeddable":true,"href":"https:\/\/blogs.ess-edu.pt\/cpc\/wp-json\/wp\/v2\/tags?post=11"}],"curies":[{"name":"wp","href":"https:\/\/api.w.org\/{rel}","templated":true}]}}