{"id":9,"date":"2008-04-15T15:16:12","date_gmt":"2008-04-15T15:16:12","guid":{"rendered":"http:\/\/blogs.ess-edu.pt\/cpc\/2008\/04\/15\/9\/"},"modified":"2008-04-15T15:27:45","modified_gmt":"2008-04-15T15:27:45","slug":"9","status":"publish","type":"post","link":"https:\/\/blogs.ess-edu.pt\/cpc\/2008\/04\/15\/9\/","title":{"rendered":"Plano de Evacua\u00e7\u00e3o da Escola"},"content":{"rendered":"<p>O Plano de Evacua\u00e7\u00e3o da Escola, apresentado\u00a0na Ac\u00e7\u00e3o de Sensibiliza\u00e7\u00e3o levada a cabo no dia 27 de Fevereiro de 2008, encontra-se dispon\u00edvel no Ambiente de Trabalho do Computador da sala de professores.<\/p>\n<p>\u00a0Oportunamente poder\u00e1 consultar o plano atrav\u00e9s do site mediafire. Para tal clique no link colocado em baixo e uma vez na pag\u00edna clique em &#8220;Click here to start download&#8221; para aceder ao ficheiro.<\/p>\n<p align=\"center\"><a href=\"http:\/\/www.mediafire.com\/?immnnq1mmuy\">http:\/\/www.mediafire.com\/?immnnq1mmuy<\/a><\/p>\n","protected":false},"excerpt":{"rendered":"<p>O Plano de Evacua\u00e7\u00e3o da Escola, apresentado\u00a0na Ac\u00e7\u00e3o de Sensibiliza\u00e7\u00e3o levada a cabo no dia 27 de Fevereiro de 2008, encontra-se dispon\u00edvel no Ambiente de Trabalho do Computador da sala de professores. \u00a0Oportunamente poder\u00e1 consultar o plano atrav\u00e9s do site mediafire. Para tal clique no link colocado em baixo e uma vez na pag\u00edna clique [&hellip;]<\/p>\n","protected":false},"author":6,"featured_media":0,"comment_status":"open","ping_status":"open","sticky":false,"template":"","format":"standard","meta":{"jetpack_post_was_ever_published":false,"_jetpack_newsletter_access":"","_jetpack_dont_email_post_to_subs":false,"_jetpack_newsletter_tier_id":0,"_jetpack_memberships_contains_paywalled_content":false,"_jetpack_memberships_contains_paid_content":false,"footnotes":""},"categories":[1],"tags":[],"class_list":["post-9","post","type-post","status-publish","format-standard","hentry","category-sem-categoria"],"jetpack_featured_media_url":"","jetpack_sharing_enabled":true,"jetpack_shortlink":"https:\/\/wp.me\/saunGU-9","jetpack-related-posts":[],"_links":{"self":[{"href":"https:\/\/blogs.ess-edu.pt\/cpc\/wp-json\/wp\/v2\/posts\/9","targetHints":{"allow":["GET"]}}],"collection":[{"href":"https:\/\/blogs.ess-edu.pt\/cpc\/wp-json\/wp\/v2\/posts"}],"about":[{"href":"https:\/\/blogs.ess-edu.pt\/cpc\/wp-json\/wp\/v2\/types\/post"}],"author":[{"embeddable":true,"href":"https:\/\/blogs.ess-edu.pt\/cpc\/wp-json\/wp\/v2\/users\/6"}],"replies":[{"embeddable":true,"href":"https:\/\/blogs.ess-edu.pt\/cpc\/wp-json\/wp\/v2\/comments?post=9"}],"version-history":[{"count":0,"href":"https:\/\/blogs.ess-edu.pt\/cpc\/wp-json\/wp\/v2\/posts\/9\/revisions"}],"wp:attachment":[{"href":"https:\/\/blogs.ess-edu.pt\/cpc\/wp-json\/wp\/v2\/media?parent=9"}],"wp:term":[{"taxonomy":"category","embeddable":true,"href":"https:\/\/blogs.ess-edu.pt\/cpc\/wp-json\/wp\/v2\/categories?post=9"},{"taxonomy":"post_tag","embeddable":true,"href":"https:\/\/blogs.ess-edu.pt\/cpc\/wp-json\/wp\/v2\/tags?post=9"}],"curies":[{"name":"wp","href":"https:\/\/api.w.org\/{rel}","templated":true}]}}