{"id":24,"date":"2008-05-11T02:35:08","date_gmt":"2008-05-11T00:35:08","guid":{"rendered":"http:\/\/blogs.ess-edu.pt\/eb1lamego2\/2008\/05\/11\/25-de-abril-de-1974\/"},"modified":"2024-06-04T22:18:30","modified_gmt":"2024-06-04T22:18:30","slug":"25-de-abril-de-1974","status":"publish","type":"post","link":"https:\/\/blogs.ess-edu.pt\/eb1lamego2\/2008\/05\/11\/25-de-abril-de-1974\/","title":{"rendered":"25 de Abril de 1974"},"content":{"rendered":"<p><em><strong>A Turma B (2.\u00ba ano) e o &#8220;Dia da Liberdade&#8221;<\/strong><\/em><\/p>\n<p align=\"left\">Havia um governo mau que fazia mal \u00e0s pessoas.<\/p>\n<p align=\"left\">N\u00e3o havia liberdade, as pessoas n\u00e3o podiam dizer o que pensavam.<\/p>\n<p align=\"left\">Os capit\u00e3es, no dia 25 de Abril, fizeram uma revolu\u00e7\u00e3o, mudaram o governo e o nosso pa\u00eds.<\/p>\n<p align=\"left\">Portugal veio para a rua festejar a liberdade e nas armas dos soldados o povo p\u00f4s os cravos.<\/p>\n<p align=\"left\">E\u00a0portugal\u00a0passou a ser um pa\u00eds livre.<\/p>\n<p align=\"left\">Foi no 25 de abril\u00a0 que a liberdade come\u00e7ou e o povo gritou:<\/p>\n<p align=\"left\">&#8211; Liberdade , liberdade. A liberdade j\u00e1 chegou.<\/p>\n<p align=\"left\">Foi em 1974 que Portugal renasceu, Gr\u00e2ndola Vila Morena cantou.<\/p>\n<p align=\"left\">Nesse dia ningu\u00e9m morreu.<\/p>\n<p align=\"left\">E a paz entre n\u00f3s ficou.<\/p>\n<ul style=\"list-style-type: square;\">\n<li>(Pesquisado pela In\u00eas Ferreira com a ajuda do pai)<\/li>\n<\/ul>\n<p align=\"left\"><strong>O que \u00e9 a liberdade para ti?<\/strong><\/p>\n<address>\u00c9 ser educado e respons\u00e1vel. (In\u00eas Ferreira)<\/address>\n<address>Para mim a liberdade \u00e9 respeitar os outros\u00a0e sermos educados. (Leonor)<\/address>\n<address>A liberdade para mim \u00e9 fazer coisas boas e n\u00e3o coisas m\u00e1s. (Catarina Cardoso)<\/address>\n<address>A liberdade \u00e9 tamb\u00e9m as pessoas poderem falar e viverem sem medo. (Ivo)<\/address>\n<address>A liberdade \u00e9 amor e saber ter paz pelos outros. (Ana Ferreira)<\/address>\n<address>A liberdade para mim \u00e9 amor, \u00e9 alegria. (Helena)<\/address>\n<address>A\u00a0liberdade para mim \u00e9 saber\u00a0 respeitar os professores, os pais, os familiares, saber brincar e estar atento. (Beatriz Ribas)<\/address>\n<address>\u00a0<\/address>\n","protected":false},"excerpt":{"rendered":"<p>A Turma B (2.\u00ba ano) e o &#8220;Dia da Liberdade&#8221; Havia um governo mau que fazia mal \u00e0s pessoas. N\u00e3o havia liberdade, as pessoas n\u00e3o podiam dizer o que pensavam. Os capit\u00e3es, no dia 25 de Abril, fizeram uma revolu\u00e7\u00e3o, mudaram o governo e o nosso pa\u00eds. Portugal veio para a rua festejar a liberdade [&hellip;]<\/p>\n","protected":false},"author":14,"featured_media":0,"comment_status":"open","ping_status":"open","sticky":false,"template":"","format":"standard","meta":{"jetpack_post_was_ever_published":false,"_jetpack_newsletter_access":"","_jetpack_dont_email_post_to_subs":false,"_jetpack_newsletter_tier_id":0,"_jetpack_memberships_contains_paywalled_content":false,"_jetpack_memberships_contains_paid_content":false,"footnotes":""},"categories":[1],"tags":[],"class_list":["post-24","post","type-post","status-publish","format-standard","hentry","category-sem-categoria"],"jetpack_featured_media_url":"","jetpack_sharing_enabled":true,"jetpack_shortlink":"https:\/\/wp.me\/paunI3-o","jetpack-related-posts":[],"_links":{"self":[{"href":"https:\/\/blogs.ess-edu.pt\/eb1lamego2\/wp-json\/wp\/v2\/posts\/24","targetHints":{"allow":["GET"]}}],"collection":[{"href":"https:\/\/blogs.ess-edu.pt\/eb1lamego2\/wp-json\/wp\/v2\/posts"}],"about":[{"href":"https:\/\/blogs.ess-edu.pt\/eb1lamego2\/wp-json\/wp\/v2\/types\/post"}],"author":[{"embeddable":true,"href":"https:\/\/blogs.ess-edu.pt\/eb1lamego2\/wp-json\/wp\/v2\/users\/14"}],"replies":[{"embeddable":true,"href":"https:\/\/blogs.ess-edu.pt\/eb1lamego2\/wp-json\/wp\/v2\/comments?post=24"}],"version-history":[{"count":0,"href":"https:\/\/blogs.ess-edu.pt\/eb1lamego2\/wp-json\/wp\/v2\/posts\/24\/revisions"}],"wp:attachment":[{"href":"https:\/\/blogs.ess-edu.pt\/eb1lamego2\/wp-json\/wp\/v2\/media?parent=24"}],"wp:term":[{"taxonomy":"category","embeddable":true,"href":"https:\/\/blogs.ess-edu.pt\/eb1lamego2\/wp-json\/wp\/v2\/categories?post=24"},{"taxonomy":"post_tag","embeddable":true,"href":"https:\/\/blogs.ess-edu.pt\/eb1lamego2\/wp-json\/wp\/v2\/tags?post=24"}],"curies":[{"name":"wp","href":"https:\/\/api.w.org\/{rel}","templated":true}]}}