{"id":58,"date":"2008-05-14T23:55:09","date_gmt":"2008-05-14T21:55:09","guid":{"rendered":"http:\/\/blogs.ess-edu.pt\/eb1lamego2\/2008\/05\/14\/cdocuments-and-settingsmarlene-rodriguesdesktopchuva-de-palavrasjpg\/"},"modified":"2024-06-04T23:37:46","modified_gmt":"2024-06-04T23:37:46","slug":"chuva-de-palavras","status":"publish","type":"post","link":"https:\/\/blogs.ess-edu.pt\/eb1lamego2\/2008\/05\/14\/chuva-de-palavras\/","title":{"rendered":"Chuva de palavras"},"content":{"rendered":"<p>A turma do <strong>2.\u00ba ano C da professora Agostinha <\/strong>fez este bonito trabalho.<\/p>\n<p style=\"text-align: center;\"><a title=\"chuva-de-palavras.jpg\" href=\"https:\/\/blogs.ess-edu.pt\/eb1lamego2\/files\/2008\/05\/chuva-de-palavras.jpg\"><img loading=\"lazy\" decoding=\"async\" src=\"https:\/\/blogs.ess-edu.pt\/eb1lamego2\/files\/2008\/05\/chuva-de-palavras.jpg\" alt=\"chuva-de-palavras.jpg\" width=\"128\" height=\"83\" \/><\/a><\/p>\n<p style=\"text-align: center;\">Patr\u00edcia Alexandra<\/p>\n<p align=\"center\"><strong><em>As Borboletas<\/em><\/strong><\/p>\n<p align=\"left\">As borboletas pertencem \u00e0 fam\u00edlia dos insectos. Tamb\u00e9m lhe podemos chamar mariposas. Elas passam por v\u00e1rias transforma\u00e7\u00f5es: a primeira chama-se cris\u00e1lida (lagarta) at\u00e9 serem borboletas.<\/p>\n<p align=\"left\">Elas s\u00e3o coloridas, delicadas e leves.<\/p>\n<p align=\"left\">Na Primavera quando h\u00e1 Sol e calor, elas aparecem para alegrar a Natureza.<\/p>\n<p align=\"left\">Gostam de pousar nas plantas espont\u00e2neas e cultivadas, principalmente nas flores mais coloridas que as atraem pela cor.<\/p>\n<p align=\"left\">Nas flores, elas sugam o n\u00e9ctar ou pol\u00e9n e muitas vezes levam as sementinhas e fazem a poliniza\u00e7\u00e3o.<\/p>\n<p align=\"left\">A Natureza, os campos e jardins ficam mais bonitos com as borboletas a pousar de p\u00e9tala em p\u00e9tala.<\/p>\n<ul style=\"list-style-type: square;\">\n<li>Texto colectivo<\/li>\n<\/ul>\n","protected":false},"excerpt":{"rendered":"<p>A turma do 2.\u00ba ano C da professora Agostinha fez este bonito trabalho. Patr\u00edcia Alexandra As Borboletas As borboletas pertencem \u00e0 fam\u00edlia dos insectos. Tamb\u00e9m lhe podemos chamar mariposas. Elas passam por v\u00e1rias transforma\u00e7\u00f5es: a primeira chama-se cris\u00e1lida (lagarta) at\u00e9 serem borboletas. Elas s\u00e3o coloridas, delicadas e leves. Na Primavera quando h\u00e1 Sol e calor, [&hellip;]<\/p>\n","protected":false},"author":25,"featured_media":0,"comment_status":"open","ping_status":"open","sticky":false,"template":"","format":"standard","meta":{"jetpack_post_was_ever_published":false,"_jetpack_newsletter_access":"","_jetpack_dont_email_post_to_subs":false,"_jetpack_newsletter_tier_id":0,"_jetpack_memberships_contains_paywalled_content":false,"_jetpack_memberships_contains_paid_content":false,"footnotes":""},"categories":[1],"tags":[],"class_list":["post-58","post","type-post","status-publish","format-standard","hentry","category-sem-categoria"],"jetpack_featured_media_url":"","jetpack_sharing_enabled":true,"jetpack_shortlink":"https:\/\/wp.me\/paunI3-W","jetpack-related-posts":[],"_links":{"self":[{"href":"https:\/\/blogs.ess-edu.pt\/eb1lamego2\/wp-json\/wp\/v2\/posts\/58","targetHints":{"allow":["GET"]}}],"collection":[{"href":"https:\/\/blogs.ess-edu.pt\/eb1lamego2\/wp-json\/wp\/v2\/posts"}],"about":[{"href":"https:\/\/blogs.ess-edu.pt\/eb1lamego2\/wp-json\/wp\/v2\/types\/post"}],"author":[{"embeddable":true,"href":"https:\/\/blogs.ess-edu.pt\/eb1lamego2\/wp-json\/wp\/v2\/users\/25"}],"replies":[{"embeddable":true,"href":"https:\/\/blogs.ess-edu.pt\/eb1lamego2\/wp-json\/wp\/v2\/comments?post=58"}],"version-history":[{"count":0,"href":"https:\/\/blogs.ess-edu.pt\/eb1lamego2\/wp-json\/wp\/v2\/posts\/58\/revisions"}],"wp:attachment":[{"href":"https:\/\/blogs.ess-edu.pt\/eb1lamego2\/wp-json\/wp\/v2\/media?parent=58"}],"wp:term":[{"taxonomy":"category","embeddable":true,"href":"https:\/\/blogs.ess-edu.pt\/eb1lamego2\/wp-json\/wp\/v2\/categories?post=58"},{"taxonomy":"post_tag","embeddable":true,"href":"https:\/\/blogs.ess-edu.pt\/eb1lamego2\/wp-json\/wp\/v2\/tags?post=58"}],"curies":[{"name":"wp","href":"https:\/\/api.w.org\/{rel}","templated":true}]}}