{"id":71,"date":"2008-05-15T00:38:17","date_gmt":"2008-05-14T22:38:17","guid":{"rendered":"http:\/\/blogs.ess-edu.pt\/eb1lamego2\/2008\/05\/15\/cdocuments-and-settingsmarlene-rodriguesdesktopprimaverajpg\/"},"modified":"2024-06-04T23:46:52","modified_gmt":"2024-06-04T23:46:52","slug":"a-primavera","status":"publish","type":"post","link":"https:\/\/blogs.ess-edu.pt\/eb1lamego2\/2008\/05\/15\/a-primavera\/","title":{"rendered":"A Primavera"},"content":{"rendered":"<p style=\"text-align: center;\"><a title=\"primavera.jpg\" href=\"https:\/\/blogs.ess-edu.pt\/eb1lamego2\/files\/2008\/05\/primavera.jpg\"><img loading=\"lazy\" decoding=\"async\" class=\"alignnone\" src=\"https:\/\/blogs.ess-edu.pt\/eb1lamego2\/files\/2008\/05\/primavera.jpg\" alt=\"primavera.jpg\" width=\"130\" height=\"76\" \/><\/a><\/p>\n<p>A Primavera \u00e9 uma esta\u00e7\u00e3o do ano muito bonita.<\/p>\n<p>\u00c9 com a chegada da Primavera que as andorinhas regressam a Portugal, os passarinhos fazem os seus ninhos e cantam alegremente.<\/p>\n<p>As \u00e1rvores come\u00e7am a florir e os campos, os jardins, os prados e as alamedas come\u00e7am a cobrir-se de flores que libertam um aroma agrad\u00e1vel.<\/p>\n<p>Nos montes florescem as urzes, as silvas, as mimosas, a carqueja e as giestas ficando o monte com muitas cores.<\/p>\n<p>Os dias come\u00e7am a ficar maiores e mais quentinhas e j\u00e1 n\u00e3o precisamos da lareira. As pessoas come\u00e7am a andar menos agasalhadas, fazem mais passeios ao ar livre e andam mais alegres porque o tempo est\u00e1 mais quente.<\/p>\n<ul style=\"list-style-type: square;\">\n<li>\u00cdris (2.\u00ba ano C)<\/li>\n<\/ul>\n","protected":false},"excerpt":{"rendered":"<p>A Primavera \u00e9 uma esta\u00e7\u00e3o do ano muito bonita. \u00c9 com a chegada da Primavera que as andorinhas regressam a Portugal, os passarinhos fazem os seus ninhos e cantam alegremente. As \u00e1rvores come\u00e7am a florir e os campos, os jardins, os prados e as alamedas come\u00e7am a cobrir-se de flores que libertam um aroma agrad\u00e1vel. [&hellip;]<\/p>\n","protected":false},"author":25,"featured_media":0,"comment_status":"open","ping_status":"open","sticky":false,"template":"","format":"standard","meta":{"jetpack_post_was_ever_published":false,"_jetpack_newsletter_access":"","_jetpack_dont_email_post_to_subs":false,"_jetpack_newsletter_tier_id":0,"_jetpack_memberships_contains_paywalled_content":false,"_jetpack_memberships_contains_paid_content":false,"footnotes":""},"categories":[1],"tags":[],"class_list":["post-71","post","type-post","status-publish","format-standard","hentry","category-sem-categoria"],"jetpack_featured_media_url":"","jetpack_sharing_enabled":true,"jetpack_shortlink":"https:\/\/wp.me\/paunI3-19","jetpack-related-posts":[],"_links":{"self":[{"href":"https:\/\/blogs.ess-edu.pt\/eb1lamego2\/wp-json\/wp\/v2\/posts\/71","targetHints":{"allow":["GET"]}}],"collection":[{"href":"https:\/\/blogs.ess-edu.pt\/eb1lamego2\/wp-json\/wp\/v2\/posts"}],"about":[{"href":"https:\/\/blogs.ess-edu.pt\/eb1lamego2\/wp-json\/wp\/v2\/types\/post"}],"author":[{"embeddable":true,"href":"https:\/\/blogs.ess-edu.pt\/eb1lamego2\/wp-json\/wp\/v2\/users\/25"}],"replies":[{"embeddable":true,"href":"https:\/\/blogs.ess-edu.pt\/eb1lamego2\/wp-json\/wp\/v2\/comments?post=71"}],"version-history":[{"count":0,"href":"https:\/\/blogs.ess-edu.pt\/eb1lamego2\/wp-json\/wp\/v2\/posts\/71\/revisions"}],"wp:attachment":[{"href":"https:\/\/blogs.ess-edu.pt\/eb1lamego2\/wp-json\/wp\/v2\/media?parent=71"}],"wp:term":[{"taxonomy":"category","embeddable":true,"href":"https:\/\/blogs.ess-edu.pt\/eb1lamego2\/wp-json\/wp\/v2\/categories?post=71"},{"taxonomy":"post_tag","embeddable":true,"href":"https:\/\/blogs.ess-edu.pt\/eb1lamego2\/wp-json\/wp\/v2\/tags?post=71"}],"curies":[{"name":"wp","href":"https:\/\/api.w.org\/{rel}","templated":true}]}}