{"id":73,"date":"2008-05-15T01:06:36","date_gmt":"2008-05-14T23:06:36","guid":{"rendered":"http:\/\/blogs.ess-edu.pt\/eb1lamego2\/2008\/05\/15\/cdocuments-and-settingsmarlene-rodriguesdesktopbom-diajpg\/"},"modified":"2024-06-04T23:50:26","modified_gmt":"2024-06-04T23:50:26","slug":"continuacao-de-uma-historia","status":"publish","type":"post","link":"https:\/\/blogs.ess-edu.pt\/eb1lamego2\/2008\/05\/15\/continuacao-de-uma-historia\/","title":{"rendered":"Continua\u00e7\u00e3o de uma hist\u00f3ria"},"content":{"rendered":"<p align=\"center\"><strong>Bom dia<\/strong><\/p>\n<p align=\"justify\">\u2212 Bom dia, senhora andorinha.<a title=\"bom-dia.jpg\" href=\"https:\/\/blogs.ess-edu.pt\/eb1lamego2\/files\/2008\/05\/bom-dia.jpg\"><img loading=\"lazy\" decoding=\"async\" class=\"alignright\" src=\"https:\/\/blogs.ess-edu.pt\/eb1lamego2\/files\/2008\/05\/bom-dia.jpg\" alt=\"bom-dia.jpg\" width=\"173\" height=\"124\" align=\"left\" \/><\/a><\/p>\n<p align=\"justify\">\u2212 Bom dia, senhor pardal.<\/p>\n<p align=\"justify\">\u2212 Ol\u00e1 querido Sol &#8211; disse o pardal.<\/p>\n<p align=\"justify\">E a andorinha acrescentou.<\/p>\n<p align=\"justify\">\u2212 Ainda bem que reapareceste! Os teus raios brilhantes alegram a Natureza.<\/p>\n<p align=\"justify\">O Sol explicou ao pardal e \u00e0 andorinha a import\u00e2ncia das nuvens.<\/p>\n<p align=\"justify\">Disse o Sol:<\/p>\n<p align=\"justify\">\u2212 S\u00e3o elas que trazem \u00e1gua para fazer crescer as plantas e para n\u00f3s bebermos.<\/p>\n<p align=\"justify\">A andorinha ouviu e disse:<\/p>\n<p align=\"justify\">\u2212 Que \u00e1gua t\u00e3o fresquinha!<\/p>\n<p align=\"justify\">\u2212 Estava com tanta sede!<\/p>\n<p align=\"justify\">A andorinha e o pardal voaram para uma laranjeira cheia de perfurmadas florinhas brancas. Cheios de alegria come\u00e7aram a chilrear de tanta felicidade.<\/p>\n<p align=\"justify\">De repente uma brisa suave abanou as folhas da laranjeira. A nuvem voltou a aparecer e a chuva n\u00e3o tardou a cair. Logo depois, o Sol brilhou de novo e o arco-\u00edris apareceu para alegrar a paisagem.<\/p>\n<ul style=\"list-style-type: square;\">\n<li>Texto colectivo (2.\u00ba ano C)<\/li>\n<\/ul>\n","protected":false},"excerpt":{"rendered":"<p>Bom dia \u2212 Bom dia, senhora andorinha. \u2212 Bom dia, senhor pardal. \u2212 Ol\u00e1 querido Sol &#8211; disse o pardal. E a andorinha acrescentou. \u2212 Ainda bem que reapareceste! Os teus raios brilhantes alegram a Natureza. O Sol explicou ao pardal e \u00e0 andorinha a import\u00e2ncia das nuvens. Disse o Sol: \u2212 S\u00e3o elas que [&hellip;]<\/p>\n","protected":false},"author":25,"featured_media":0,"comment_status":"open","ping_status":"open","sticky":false,"template":"","format":"standard","meta":{"jetpack_post_was_ever_published":false,"_jetpack_newsletter_access":"","_jetpack_dont_email_post_to_subs":false,"_jetpack_newsletter_tier_id":0,"_jetpack_memberships_contains_paywalled_content":false,"_jetpack_memberships_contains_paid_content":false,"footnotes":""},"categories":[1],"tags":[],"class_list":["post-73","post","type-post","status-publish","format-standard","hentry","category-sem-categoria"],"jetpack_featured_media_url":"","jetpack_sharing_enabled":true,"jetpack_shortlink":"https:\/\/wp.me\/paunI3-1b","jetpack-related-posts":[],"_links":{"self":[{"href":"https:\/\/blogs.ess-edu.pt\/eb1lamego2\/wp-json\/wp\/v2\/posts\/73","targetHints":{"allow":["GET"]}}],"collection":[{"href":"https:\/\/blogs.ess-edu.pt\/eb1lamego2\/wp-json\/wp\/v2\/posts"}],"about":[{"href":"https:\/\/blogs.ess-edu.pt\/eb1lamego2\/wp-json\/wp\/v2\/types\/post"}],"author":[{"embeddable":true,"href":"https:\/\/blogs.ess-edu.pt\/eb1lamego2\/wp-json\/wp\/v2\/users\/25"}],"replies":[{"embeddable":true,"href":"https:\/\/blogs.ess-edu.pt\/eb1lamego2\/wp-json\/wp\/v2\/comments?post=73"}],"version-history":[{"count":0,"href":"https:\/\/blogs.ess-edu.pt\/eb1lamego2\/wp-json\/wp\/v2\/posts\/73\/revisions"}],"wp:attachment":[{"href":"https:\/\/blogs.ess-edu.pt\/eb1lamego2\/wp-json\/wp\/v2\/media?parent=73"}],"wp:term":[{"taxonomy":"category","embeddable":true,"href":"https:\/\/blogs.ess-edu.pt\/eb1lamego2\/wp-json\/wp\/v2\/categories?post=73"},{"taxonomy":"post_tag","embeddable":true,"href":"https:\/\/blogs.ess-edu.pt\/eb1lamego2\/wp-json\/wp\/v2\/tags?post=73"}],"curies":[{"name":"wp","href":"https:\/\/api.w.org\/{rel}","templated":true}]}}